{"id":4569,"date":"2021-05-27T11:03:51","date_gmt":"2021-05-27T14:03:51","guid":{"rendered":"https:\/\/radiorevelacionfm.cl\/?p=4569"},"modified":"2021-05-27T11:03:51","modified_gmt":"2021-05-27T14:03:51","slug":"mop-anuncia-nuevo-apoyo-para-servicios-sanitarios-rurales-que-beneficiara-a-mas-de-7-800-familias-en-la-region","status":"publish","type":"post","link":"https:\/\/radiorevelacionfm.cl\/?p=4569","title":{"rendered":"MOP anuncia nuevo apoyo para servicios sanitarios rurales que beneficiar\u00e1 a m\u00e1s de 7.800 familias en la regi\u00f3n"},"content":{"rendered":"<div class=\"flex_column av_one_full  flex_column_div av-zero-column-padding first  avia-builder-el-0  el_before_av_one_full  avia-builder-el-first  \" style='border-radius:0px; '><div  class='avia-image-container  av-styling-    avia-builder-el-1  avia-builder-el-no-sibling  avia-align-center '  itemprop=\"image\" itemscope=\"itemscope\" itemtype=\"https:\/\/schema.org\/ImageObject\"  ><div class='avia-image-container-inner'><div class='avia-image-overlay-wrap'><img decoding=\"async\" class='wp-image-0 avia-img-lazy-loading-not-0 avia_image' src=\"https:\/\/radiorevelacionfm.cl\/wp-content\/uploads\/2021\/05\/IMG_20210121_163841-1-1.jpg\" alt='' title=''   itemprop=\"thumbnailUrl\"  \/><\/div><\/div><\/div><\/div><div class=\"flex_column av_one_full  flex_column_div av-zero-column-padding first  avia-builder-el-2  el_after_av_one_full  el_before_av_one_full  column-top-margin\" style='border-radius:0px; '><section class=\"av_textblock_section \"  itemscope=\"itemscope\" itemtype=\"https:\/\/schema.org\/BlogPosting\" itemprop=\"blogPost\" ><div class='avia_textblock  '   itemprop=\"text\" ><p style=\"text-align: center;\"><strong><span style=\"font-size: 18pt;\">MOP anuncia nuevo apoyo para servicios sanitarios rurales que beneficiar\u00e1 a m\u00e1s de 7.800 familias en la regi\u00f3n<\/span><\/strong><\/p>\n<div id=\"gtx-trans\" style=\"position: absolute; left: -50px; top: 4.31534px;\">\n<div class=\"gtx-trans-icon\"><\/div>\n<\/div>\n<\/div><\/section><\/div><div class=\"flex_column av_one_full  flex_column_div av-zero-column-padding first  avia-builder-el-4  el_after_av_one_full  el_before_av_hr  column-top-margin\" style='border-radius:0px; '><section class=\"av_textblock_section \"  itemscope=\"itemscope\" itemtype=\"https:\/\/schema.org\/BlogPosting\" itemprop=\"blogPost\" ><div class='avia_textblock  '   itemprop=\"text\" ><p style=\"text-align: justify;\">El Ministro de Obras de Obras P\u00fablicas, Alfredo Moreno, recientemente anunci\u00f3 un nuevo apoyo financiero a los Servicios Sanitarios Rurales mediante la extensi\u00f3n para este a\u00f1o del <strong>Fondo de Apoyo a Comit\u00e9s y Cooperativas de Agua Potable Rural 2021,<\/strong> una importante inversi\u00f3n de $4.200 millones para los Servicios Sanitarios Rurales a nivel nacional, que busca beneficiar durante tres meses a m\u00e1s de 645 mil familias que reciben agua potable rural en todo el pa\u00eds, en el marco de la emergencia sanitaria y econ\u00f3mica que vive el pa\u00eds producto de la pandemia por Covid-19.<\/p>\n<p style=\"text-align: justify;\">\u201cLa pandemia, que ha tra\u00eddo tantas dificultades, tambi\u00e9n ha afectado a los sistemas de agua potable rural: hay personas que han tenido dificultad para hacer sus pagos y eso ha afectado a los comit\u00e9s y cooperativas de vecinos, que son los que gestionan estos sistemas. Ya en el a\u00f1o 2020 creamos un sistema para ir en apoyo de ellos, que signific\u00f3 un apoyo durante varios meses durante el a\u00f1o pasado. Este a\u00f1o, como la pandemia se ha extendido, hemos incorporado nuevamente esto y a partir de hoy las personas de los distintos comit\u00e9s y cooperativas que gestionan estos APR pueden solicitarlo y obtenerlo\u201d, afirm\u00f3 \u00a0el ministro Alfredo Moreno<\/p>\n<p style=\"text-align: justify;\">El apoyo entregado en 2020 tuvo un alcance de 2.196 sistemas APR a nivel pa\u00eds gracias a los $3.907 millones distribuidos en tres pagos. Este a\u00f1o, el ministro Moreno indico que se entregar\u00e1n nuevamente tres pagos mensuales seg\u00fan el n\u00famero de arranques: sistemas con menos de 150 arranques recibir\u00e1n $300.000 al mes y los sistemas con 150 o m\u00e1s arranques, $2.000 por arranque.<\/p>\n<p style=\"text-align: justify;\">En la regi\u00f3n de Ays\u00e9n, el apoyo financiero \u00a0el a\u00f1o 2020 benefici\u00f3 a 41 Servicios Sanitarios Rurales, siendo uno de ellos el de Villa Ma\u00f1ihuales. Jaime Toro, presidente de este Comit\u00e9 en la oportunidad destac\u00f3 \u201cpara este Comit\u00e9 y para Ma\u00f1ihuales es muy indispensable este aporte que postulamos y sali\u00f3 aprobado. Para nosotros como Comit\u00e9 es muy significativo y conveniente, porque en estos minutos tenemos mayores gastos debido a la pandemia, por lo que cualquier aporte es bien recibido para nosotros y para los Comit\u00e9s de\u00a0 todos los APR de la regi\u00f3n. Estamos muy contentos porque recibir adem\u00e1s un proyecto en dinero es una satisfacci\u00f3n enorme que viene en ayuda en momentos tan dif\u00edciles que est\u00e1 viviendo\u00a0 el pa\u00eds, el mundo\u00a0 y nuestra\u00a0 regi\u00f3n no est\u00e1 ajena a estos acontecimientos\u201d.<\/p>\n<p style=\"text-align: justify;\">\u201cEn la regi\u00f3n de Ays\u00e9n el gobierno del presidente Sebasti\u00e1n Pi\u00f1era ha puesto como prioridad beneficiar a m\u00e1s de 7.800 familias que se abastecen de agua potable en diversos sectores rurales de la regi\u00f3n a trav\u00e9s de los 43 Servicios Sanitarios Rurales existentes en esta zona del pa\u00eds, por lo que para nosotros como gobierno es muy importante la entrega de este beneficio, porque sabemos que en este\u00a0 escenario actual de pandemia, las familias han tenido momentos dif\u00edciles y no han podido efectuar sus pagos, por lo tanto para los Comit\u00e9s de Agua Potable Rural que gestionan estos pagos, \u00a0este incentivo le entregar\u00e1 mayor tranquilidad y permitir\u00e1 que se mantenga el buen funcionamiento de los sistemas, as\u00ed que hacemos un llamado a todos los dirigentes de los Comit\u00e9s para que revisen la p\u00e1gina web de la Direcci\u00f3n de Obras Hidr\u00e1ulicas <a href=\"http:\/\/www.doh.cl\/SSR\/index.html#fondo\">http:\/\/www.doh.cl\/SSR\/index.html#fondo<\/a> y \u00a0soliciten este nuevo apoyo financiero\u201d, concluy\u00f3 el SEREMI del MOP.<\/p>\n<\/div><\/section><\/div><div  style='height:50px' class='hr hr-invisible   avia-builder-el-6  el_after_av_one_full  el_before_av_social_share '><span class='hr-inner ' ><span class='hr-inner-style'><\/span><\/span><\/div><\/p>\n<div  class='av-social-sharing-box  avia-builder-el-7  el_after_av_hr  el_before_av_hr  '><div class='av-share-box'><h5 class='av-share-link-description av-no-toc '>Compartir esta noticia<\/h5><ul class='av-share-box-list noLightbox'><li class='av-share-link av-social-link-facebook' ><a target=\"_blank\" aria-label=\"Compartir en Facebook\" href='https:\/\/www.facebook.com\/sharer.php?u=https:\/\/radiorevelacionfm.cl\/?p=4569&#038;t=MOP%20anuncia%20nuevo%20apoyo%20para%20servicios%20sanitarios%20rurales%20que%20beneficiar%C3%A1%20a%20m%C3%A1s%20de%207.800%20familias%20en%20la%20regi%C3%B3n' aria-hidden='false' data-av_icon='\ue8f3' data-av_iconfont='entypo-fontello' title='' data-avia-related-tooltip='Compartir en Facebook' rel=\"noopener\"><span class='avia_hidden_link_text'>Compartir en Facebook<\/span><\/a><\/li><li class='av-share-link av-social-link-twitter' ><a target=\"_blank\" aria-label=\"Compartir en Twitter\" href='https:\/\/twitter.com\/share?text=MOP%20anuncia%20nuevo%20apoyo%20para%20servicios%20sanitarios%20rurales%20que%20beneficiar%C3%A1%20a%20m%C3%A1s%20de%207.800%20familias%20en%20la%20regi%C3%B3n&#038;url=https:\/\/radiorevelacionfm.cl\/?p=4569' aria-hidden='false' data-av_icon='\ue8f1' data-av_iconfont='entypo-fontello' title='' data-avia-related-tooltip='Compartir en Twitter' rel=\"noopener\"><span class='avia_hidden_link_text'>Compartir en Twitter<\/span><\/a><\/li><li class='av-share-link av-social-link-whatsapp' ><a target=\"_blank\" aria-label=\"Compartir en Whatsapp\" href='https:\/\/api.whatsapp.com\/send?text=https:\/\/radiorevelacionfm.cl\/?p=4569' aria-hidden='false' data-av_icon='\uf232' data-av_iconfont='entypo-fontello' title='' data-avia-related-tooltip='Compartir en Whatsapp' rel=\"noopener\"><span class='avia_hidden_link_text'>Compartir en Whatsapp<\/span><\/a><\/li><li class='av-share-link av-social-link-linkedin' ><a target=\"_blank\" aria-label=\"Compartir en LinkedIn\" href='https:\/\/linkedin.com\/shareArticle?mini=true&#038;title=MOP%20anuncia%20nuevo%20apoyo%20para%20servicios%20sanitarios%20rurales%20que%20beneficiar%C3%A1%20a%20m%C3%A1s%20de%207.800%20familias%20en%20la%20regi%C3%B3n&#038;url=https:\/\/radiorevelacionfm.cl\/?p=4569' aria-hidden='false' data-av_icon='\ue8fc' data-av_iconfont='entypo-fontello' title='' data-avia-related-tooltip='Compartir en LinkedIn' rel=\"noopener\"><span class='avia_hidden_link_text'>Compartir en LinkedIn<\/span><\/a><\/li><li class='av-share-link av-social-link-mail' ><a  aria-label=\"Compartir por correo\" href='mailto:?subject=MOP%20anuncia%20nuevo%20apoyo%20para%20servicios%20sanitarios%20rurales%20que%20beneficiar%C3%A1%20a%20m%C3%A1s%20de%207.800%20familias%20en%20la%20regi%C3%B3n&#038;body=https:\/\/radiorevelacionfm.cl\/?p=4569' aria-hidden='false' data-av_icon='\ue805' data-av_iconfont='entypo-fontello' title='' data-avia-related-tooltip='Compartir por correo'><span class='avia_hidden_link_text'>Compartir por correo<\/span><\/a><\/li><\/ul><\/div><\/div>\n<div  style='height:50px' class='hr hr-invisible   avia-builder-el-8  el_after_av_social_share  el_before_av_comments_list '><span class='hr-inner ' ><span class='hr-inner-style'><\/span><\/span><\/div>\n<div  class='av-buildercomment  av-blog-meta-html-info-disabled av-blog-meta-tag-disabled  '><\/div>\n","protected":false},"excerpt":{"rendered":"","protected":false},"author":1,"featured_media":0,"comment_status":"open","ping_status":"open","sticky":false,"template":"","format":"standard","meta":{"footnotes":""},"categories":[38],"tags":[],"class_list":["post-4569","post","type-post","status-publish","format-standard","hentry","category-regional"],"jetpack_featured_media_url":"","_links":{"self":[{"href":"https:\/\/radiorevelacionfm.cl\/index.php?rest_route=\/wp\/v2\/posts\/4569","targetHints":{"allow":["GET"]}}],"collection":[{"href":"https:\/\/radiorevelacionfm.cl\/index.php?rest_route=\/wp\/v2\/posts"}],"about":[{"href":"https:\/\/radiorevelacionfm.cl\/index.php?rest_route=\/wp\/v2\/types\/post"}],"author":[{"embeddable":true,"href":"https:\/\/radiorevelacionfm.cl\/index.php?rest_route=\/wp\/v2\/users\/1"}],"replies":[{"embeddable":true,"href":"https:\/\/radiorevelacionfm.cl\/index.php?rest_route=%2Fwp%2Fv2%2Fcomments&post=4569"}],"version-history":[{"count":1,"href":"https:\/\/radiorevelacionfm.cl\/index.php?rest_route=\/wp\/v2\/posts\/4569\/revisions"}],"predecessor-version":[{"id":4571,"href":"https:\/\/radiorevelacionfm.cl\/index.php?rest_route=\/wp\/v2\/posts\/4569\/revisions\/4571"}],"wp:attachment":[{"href":"https:\/\/radiorevelacionfm.cl\/index.php?rest_route=%2Fwp%2Fv2%2Fmedia&parent=4569"}],"wp:term":[{"taxonomy":"category","embeddable":true,"href":"https:\/\/radiorevelacionfm.cl\/index.php?rest_route=%2Fwp%2Fv2%2Fcategories&post=4569"},{"taxonomy":"post_tag","embeddable":true,"href":"https:\/\/radiorevelacionfm.cl\/index.php?rest_route=%2Fwp%2Fv2%2Ftags&post=4569"}],"curies":[{"name":"wp","href":"https:\/\/api.w.org\/{rel}","templated":true}]}}