{"id":45680,"date":"2024-08-30T13:37:26","date_gmt":"2024-08-30T16:37:26","guid":{"rendered":"https:\/\/radiorevelacionfm.cl\/?p=45680"},"modified":"2024-08-30T13:37:26","modified_gmt":"2024-08-30T16:37:26","slug":"este-sabado-se-publicaran-los-resultados-de-la-primera-postulacion-al-subsidio-electrico","status":"publish","type":"post","link":"https:\/\/radiorevelacionfm.cl\/?p=45680","title":{"rendered":"Este s\u00e1bado se publicar\u00e1n los resultados de la primera postulaci\u00f3n al Subsidio El\u00e9ctrico"},"content":{"rendered":"<div class=\"flex_column av_one_full  flex_column_div av-zero-column-padding first  avia-builder-el-0  el_before_av_one_full  avia-builder-el-first  \" style='border-radius:0px; '><div  class='avia-image-container  av-styling-    avia-builder-el-1  avia-builder-el-no-sibling  avia-align-center '  itemprop=\"image\" itemscope=\"itemscope\" itemtype=\"https:\/\/schema.org\/ImageObject\"  ><div class='avia-image-container-inner'><div class='avia-image-overlay-wrap'><img decoding=\"async\" class='wp-image-45681 avia-img-lazy-loading-not-45681 avia_image' src=\"https:\/\/radiorevelacionfm.cl\/wp-content\/uploads\/2024\/08\/SeremiLaibe-1-1.jpeg\" alt='' title='SeremiLaibe (1) (1)' height=\"600\" width=\"800\"  itemprop=\"thumbnailUrl\" srcset=\"https:\/\/radiorevelacionfm.cl\/wp-content\/uploads\/2024\/08\/SeremiLaibe-1-1.jpeg 800w, https:\/\/radiorevelacionfm.cl\/wp-content\/uploads\/2024\/08\/SeremiLaibe-1-1-300x225.jpeg 300w, https:\/\/radiorevelacionfm.cl\/wp-content\/uploads\/2024\/08\/SeremiLaibe-1-1-768x576.jpeg 768w, https:\/\/radiorevelacionfm.cl\/wp-content\/uploads\/2024\/08\/SeremiLaibe-1-1-705x529.jpeg 705w, https:\/\/radiorevelacionfm.cl\/wp-content\/uploads\/2024\/08\/SeremiLaibe-1-1-450x338.jpeg 450w, https:\/\/radiorevelacionfm.cl\/wp-content\/uploads\/2024\/08\/SeremiLaibe-1-1-600x450.jpeg 600w\" sizes=\"(max-width: 800px) 100vw, 800px\" \/><\/div><\/div><\/div><\/div><div class=\"flex_column av_one_full  flex_column_div av-zero-column-padding first  avia-builder-el-2  el_after_av_one_full  el_before_av_one_full  column-top-margin\" style='border-radius:0px; '><section class=\"av_textblock_section \"  itemscope=\"itemscope\" itemtype=\"https:\/\/schema.org\/BlogPosting\" itemprop=\"blogPost\" ><div class='avia_textblock  '   itemprop=\"text\" ><p style=\"text-align: center;\"><strong><span style=\"font-size: 18pt;\">Este s\u00e1bado se publicar\u00e1n los resultados de la primera postulaci\u00f3n al Subsidio El\u00e9ctrico<\/span><\/strong><\/p>\n<div id=\"gtx-trans\" style=\"position: absolute; left: -50px; top: 4.31534px;\">\n<div class=\"gtx-trans-icon\"><\/div>\n<\/div>\n<\/div><\/section><\/div><div class=\"flex_column av_one_full  flex_column_div av-zero-column-padding first  avia-builder-el-4  el_after_av_one_full  el_before_av_hr  column-top-margin\" style='border-radius:0px; '><section class=\"av_textblock_section \"  itemscope=\"itemscope\" itemtype=\"https:\/\/schema.org\/BlogPosting\" itemprop=\"blogPost\" ><div class='avia_textblock  '   itemprop=\"text\" ><p style=\"text-align: justify;\">El Seremi de Energ\u00eda de la regi\u00f3n de Ays\u00e9n, Tom\u00e1s Laibe, inform\u00f3 que este viernes 30 se notificar\u00e1 a los beneficiarios del primer llamado a postulaci\u00f3n del Subsidio El\u00e9ctrico, que permite a los hogares m\u00e1s vulnerables de nuestro pa\u00eds acceder a un descuento en sus boletas el\u00e9ctricas. Adem\u00e1s, el s\u00e1bado 31 estar\u00e1n disponibles los resultados en el sitio web <a href=\"http:\/\/www.subsidioelectrico.cl\">www.subsidioelectrico.cl<\/a>.<\/p>\n<p style=\"text-align: justify;\">Al respecto, indic\u00f3 que \u201ca nivel nacional fueron beneficiados m\u00e1s de un mill\u00f3n y medio de hogares, y en la regi\u00f3n de Ays\u00e9n se adjudic\u00f3 este subsidio a casi la totalidad de los hogares que hab\u00edan hecho su postulaci\u00f3n. Esto corresponde a 11.368 hogares pertenecientes al 40% del Registro Social de Hogares, no calificando s\u00f3lo 110 postulaciones, esto refleja una cobertura de\u00a0 un 99% de las postulaciones realizadas\u201d.<\/p>\n<p style=\"text-align: justify;\">La autoridad regional de Energ\u00eda agreg\u00f3 que \u201clos beneficiarios podr\u00e1n ver reflejado este subsidio cuando reciban sus boletas en octubre correspondiente al consumo del mes anterior. En ese sentido, es importante recordar que este es un pago semestral que cubre desde agosto hasta diciembre, y que de manera excepcional se pagar\u00e1 en una sola cuota en la facturaci\u00f3n del mes de septiembre.<\/p>\n<p style=\"text-align: justify;\">Las personas que resulten beneficiadas adem\u00e1s de la notificaci\u00f3n por correo y la consulta en el sitio web, podr\u00e1n consultar los resultados en los canales de atenci\u00f3n de ciudadana de la Superintendencia de Electricidad y Combustibles SEC y de Chile Atiende.<\/p>\n<p style=\"text-align: justify;\">Por otra parte, el Seremi de Energ\u00eda explic\u00f3 que 02 al 06 de septiembre se recepcionar\u00e1n los recursos de reposici\u00f3n, mecanismo que permitir\u00e1 solicitar que se modifique o deje sin efecto (impugnar) la resoluci\u00f3n que determina a los hogares beneficiados por el subsidio transitorio.<\/p>\n<p style=\"text-align: justify;\">De esta manera, aquellas personas que postularon al Subsidio El\u00e9ctrico en su primera convocatoria (Julio 2024), deben realizar el recurso de reposici\u00f3n a trav\u00e9s de la plataforma\u00a0 <a href=\"http:\/\/www.subsidioelectrico.cl\">www.subsidioelectrico.cl<\/a>.<\/p>\n<\/div><\/section><\/div><div  style='height:50px' class='hr hr-invisible   avia-builder-el-6  el_after_av_one_full  el_before_av_social_share '><span class='hr-inner ' ><span class='hr-inner-style'><\/span><\/span><\/div><\/p>\n<div  class='av-social-sharing-box  avia-builder-el-7  el_after_av_hr  el_before_av_hr  '><div class='av-share-box'><h5 class='av-share-link-description av-no-toc '>Compartir esta noticia<\/h5><ul class='av-share-box-list noLightbox'><li class='av-share-link av-social-link-facebook' ><a target=\"_blank\" aria-label=\"Compartir en Facebook\" href='https:\/\/www.facebook.com\/sharer.php?u=https:\/\/radiorevelacionfm.cl\/?p=45680&#038;t=Este%20s%C3%A1bado%20se%20publicar%C3%A1n%20los%20resultados%20de%20la%20primera%20postulaci%C3%B3n%20al%20Subsidio%20El%C3%A9ctrico' aria-hidden='false' data-av_icon='\ue8f3' data-av_iconfont='entypo-fontello' title='' data-avia-related-tooltip='Compartir en Facebook' rel=\"noopener\"><span class='avia_hidden_link_text'>Compartir en Facebook<\/span><\/a><\/li><li class='av-share-link av-social-link-twitter' ><a target=\"_blank\" aria-label=\"Compartir en Twitter\" href='https:\/\/twitter.com\/share?text=Este%20s%C3%A1bado%20se%20publicar%C3%A1n%20los%20resultados%20de%20la%20primera%20postulaci%C3%B3n%20al%20Subsidio%20El%C3%A9ctrico&#038;url=https:\/\/radiorevelacionfm.cl\/?p=45680' aria-hidden='false' data-av_icon='\ue8f1' data-av_iconfont='entypo-fontello' title='' data-avia-related-tooltip='Compartir en Twitter' rel=\"noopener\"><span class='avia_hidden_link_text'>Compartir en Twitter<\/span><\/a><\/li><li class='av-share-link av-social-link-whatsapp' ><a target=\"_blank\" aria-label=\"Compartir en Whatsapp\" href='https:\/\/api.whatsapp.com\/send?text=https:\/\/radiorevelacionfm.cl\/?p=45680' aria-hidden='false' data-av_icon='\uf232' data-av_iconfont='entypo-fontello' title='' data-avia-related-tooltip='Compartir en Whatsapp' rel=\"noopener\"><span class='avia_hidden_link_text'>Compartir en Whatsapp<\/span><\/a><\/li><li class='av-share-link av-social-link-linkedin' ><a target=\"_blank\" aria-label=\"Compartir en LinkedIn\" href='https:\/\/linkedin.com\/shareArticle?mini=true&#038;title=Este%20s%C3%A1bado%20se%20publicar%C3%A1n%20los%20resultados%20de%20la%20primera%20postulaci%C3%B3n%20al%20Subsidio%20El%C3%A9ctrico&#038;url=https:\/\/radiorevelacionfm.cl\/?p=45680' aria-hidden='false' data-av_icon='\ue8fc' data-av_iconfont='entypo-fontello' title='' data-avia-related-tooltip='Compartir en LinkedIn' rel=\"noopener\"><span class='avia_hidden_link_text'>Compartir en LinkedIn<\/span><\/a><\/li><li class='av-share-link av-social-link-mail' ><a  aria-label=\"Compartir por correo\" href='mailto:?subject=Este%20s%C3%A1bado%20se%20publicar%C3%A1n%20los%20resultados%20de%20la%20primera%20postulaci%C3%B3n%20al%20Subsidio%20El%C3%A9ctrico&#038;body=https:\/\/radiorevelacionfm.cl\/?p=45680' aria-hidden='false' data-av_icon='\ue805' data-av_iconfont='entypo-fontello' title='' data-avia-related-tooltip='Compartir por correo'><span class='avia_hidden_link_text'>Compartir por correo<\/span><\/a><\/li><\/ul><\/div><\/div>\n<div  style='height:50px' class='hr hr-invisible   avia-builder-el-8  el_after_av_social_share  el_before_av_comments_list '><span class='hr-inner ' ><span class='hr-inner-style'><\/span><\/span><\/div>\n<div  class='av-buildercomment  av-blog-meta-html-info-disabled av-blog-meta-tag-disabled  '><\/div>\n","protected":false},"excerpt":{"rendered":"","protected":false},"author":1,"featured_media":45681,"comment_status":"open","ping_status":"open","sticky":false,"template":"","format":"standard","meta":{"footnotes":""},"categories":[38],"tags":[],"class_list":["post-45680","post","type-post","status-publish","format-standard","has-post-thumbnail","hentry","category-regional"],"jetpack_featured_media_url":"https:\/\/radiorevelacionfm.cl\/wp-content\/uploads\/2024\/08\/SeremiLaibe-1-1.jpeg","_links":{"self":[{"href":"https:\/\/radiorevelacionfm.cl\/index.php?rest_route=\/wp\/v2\/posts\/45680","targetHints":{"allow":["GET"]}}],"collection":[{"href":"https:\/\/radiorevelacionfm.cl\/index.php?rest_route=\/wp\/v2\/posts"}],"about":[{"href":"https:\/\/radiorevelacionfm.cl\/index.php?rest_route=\/wp\/v2\/types\/post"}],"author":[{"embeddable":true,"href":"https:\/\/radiorevelacionfm.cl\/index.php?rest_route=\/wp\/v2\/users\/1"}],"replies":[{"embeddable":true,"href":"https:\/\/radiorevelacionfm.cl\/index.php?rest_route=%2Fwp%2Fv2%2Fcomments&post=45680"}],"version-history":[{"count":1,"href":"https:\/\/radiorevelacionfm.cl\/index.php?rest_route=\/wp\/v2\/posts\/45680\/revisions"}],"predecessor-version":[{"id":45682,"href":"https:\/\/radiorevelacionfm.cl\/index.php?rest_route=\/wp\/v2\/posts\/45680\/revisions\/45682"}],"wp:featuredmedia":[{"embeddable":true,"href":"https:\/\/radiorevelacionfm.cl\/index.php?rest_route=\/wp\/v2\/media\/45681"}],"wp:attachment":[{"href":"https:\/\/radiorevelacionfm.cl\/index.php?rest_route=%2Fwp%2Fv2%2Fmedia&parent=45680"}],"wp:term":[{"taxonomy":"category","embeddable":true,"href":"https:\/\/radiorevelacionfm.cl\/index.php?rest_route=%2Fwp%2Fv2%2Fcategories&post=45680"},{"taxonomy":"post_tag","embeddable":true,"href":"https:\/\/radiorevelacionfm.cl\/index.php?rest_route=%2Fwp%2Fv2%2Ftags&post=45680"}],"curies":[{"name":"wp","href":"https:\/\/api.w.org\/{rel}","templated":true}]}}