{"id":45677,"date":"2024-09-01T16:00:14","date_gmt":"2024-09-01T19:00:14","guid":{"rendered":"https:\/\/radiorevelacionfm.cl\/?p=45677"},"modified":"2024-09-01T16:00:14","modified_gmt":"2024-09-01T19:00:14","slug":"sec-aysen-instruye-a-municipios-de-la-region-a-que-cumplan-con-los-estandares-de-seguridad-electrica-en-fondas-y-ramadas","status":"publish","type":"post","link":"https:\/\/radiorevelacionfm.cl\/?p=45677","title":{"rendered":"SEC Ays\u00e9n instruye a municipios de la regi\u00f3n a que cumplan con los est\u00e1ndares de seguridad el\u00e9ctrica en fondas y ramadas"},"content":{"rendered":"<div class=\"flex_column av_one_full  flex_column_div av-zero-column-padding first  avia-builder-el-0  el_before_av_one_full  avia-builder-el-first  \" style='border-radius:0px; '><div  class='avia-image-container  av-styling-    avia-builder-el-1  avia-builder-el-no-sibling  avia-align-center '  itemprop=\"image\" itemscope=\"itemscope\" itemtype=\"https:\/\/schema.org\/ImageObject\"  ><div class='avia-image-container-inner'><div class='avia-image-overlay-wrap'><img decoding=\"async\" class='wp-image-45678 avia-img-lazy-loading-not-45678 avia_image' src=\"https:\/\/radiorevelacionfm.cl\/wp-content\/uploads\/2024\/08\/2-2024-08-30T121833.111-1-1.jpg\" alt='' title='2 - 2024-08-30T121833.111 (1) (1)' height=\"600\" width=\"800\"  itemprop=\"thumbnailUrl\" srcset=\"https:\/\/radiorevelacionfm.cl\/wp-content\/uploads\/2024\/08\/2-2024-08-30T121833.111-1-1.jpg 800w, https:\/\/radiorevelacionfm.cl\/wp-content\/uploads\/2024\/08\/2-2024-08-30T121833.111-1-1-300x225.jpg 300w, https:\/\/radiorevelacionfm.cl\/wp-content\/uploads\/2024\/08\/2-2024-08-30T121833.111-1-1-768x576.jpg 768w, https:\/\/radiorevelacionfm.cl\/wp-content\/uploads\/2024\/08\/2-2024-08-30T121833.111-1-1-705x529.jpg 705w, https:\/\/radiorevelacionfm.cl\/wp-content\/uploads\/2024\/08\/2-2024-08-30T121833.111-1-1-450x338.jpg 450w, https:\/\/radiorevelacionfm.cl\/wp-content\/uploads\/2024\/08\/2-2024-08-30T121833.111-1-1-600x450.jpg 600w\" sizes=\"(max-width: 800px) 100vw, 800px\" \/><\/div><\/div><\/div><\/div><div class=\"flex_column av_one_full  flex_column_div av-zero-column-padding first  avia-builder-el-2  el_after_av_one_full  el_before_av_one_full  column-top-margin\" style='border-radius:0px; '><section class=\"av_textblock_section \"  itemscope=\"itemscope\" itemtype=\"https:\/\/schema.org\/BlogPosting\" itemprop=\"blogPost\" ><div class='avia_textblock  '   itemprop=\"text\" ><p style=\"text-align: center;\"><span style=\"font-size: 18pt;\"><b>SEC Ays\u00e9n instruye a municipios de la regi\u00f3n a que cumplan con los est\u00e1ndares de seguridad el\u00e9ctrica en fondas y ramadas<\/b><\/span><\/p>\n<div id=\"gtx-trans\" style=\"position: absolute; left: -50px; top: 4.31534px;\">\n<div class=\"gtx-trans-icon\"><\/div>\n<\/div>\n<\/div><\/section><\/div><div class=\"flex_column av_one_full  flex_column_div av-zero-column-padding first  avia-builder-el-4  el_after_av_one_full  el_before_av_hr  column-top-margin\" style='border-radius:0px; '><section class=\"av_textblock_section \"  itemscope=\"itemscope\" itemtype=\"https:\/\/schema.org\/BlogPosting\" itemprop=\"blogPost\" ><div class='avia_textblock  '   itemprop=\"text\" ><p class=\"v1MsoNormal\" style=\"text-align: justify;\">La Direcci\u00f3n Regional Ays\u00e9n de la Superintendencia de Electricidad y Combustibles, SEC, ofici\u00f3 a todas las municipalidades de la regi\u00f3n para que velen por el correcto cumplimiento de la normativa vigente en las instalaciones el\u00e9ctricas de ramadas, fondas, ferias, cociner\u00edas y carros de comida que se instalen en la zona con motivo de la celebraci\u00f3n de estas Fiestas Patrias, de manera de evitar eventuales situaciones de riesgo o accidentes.<\/p>\n<p class=\"v1MsoNormal\" style=\"text-align: justify;\">El organismo fiscalizador recalc\u00f3 que toda instalaci\u00f3n el\u00e9ctrica provisional, independiente de su fuente de alimentaci\u00f3n (conectada a la red el\u00e9ctrica, con grupos generadores u otras), debe ser declarada en la SEC por una Instaladora o Instalador El\u00e9ctrico Autorizado. Por lo que es responsabilidad de los municipios formalizar esta exigencia a los interesados en operar este tipo de instalaciones.<\/p>\n<p class=\"v1MsoNormal\" style=\"text-align: justify;\">El Director Regional de SEC Ays\u00e9n, Hugo Ardiles, recalc\u00f3 que \u201ces responsabilidad de cada propietario \u2013 de todo tipo de instalaciones el\u00e9ctricas \u2013 el cumplir con las normas t\u00e9cnicas y reglamentos establecidos en la normativa vigente con el prop\u00f3sito de evitar la ocurrencia de situaciones de riesgo que pueden afectar a los asistentes, a los trabajadores y a los bienes\u201d.<\/p>\n<p class=\"v1MsoNormal\" style=\"text-align: justify;\"><b>EXIGENCIAS DE LA NORMATIVA<\/b><\/p>\n<p class=\"v1MsoNormal\" style=\"text-align: justify;\">Junto con la exigencia de que todas las instalaciones provisorias deben estar debidamente declaradas en la SEC, la normativa tambi\u00e9n establece que: los generadores deben estar protegidos para evitar peligros y lesiones a las personas; los tableros el\u00e9ctricos deben situarse en un lugar restringido al p\u00fablico y despejados de cualquier obst\u00e1culo que impida su adecuada manipulaci\u00f3n; es necesario contar con disyuntores y diferenciales que protejan, tanto a la instalaci\u00f3n como a las personas, junto a una adecuada puesta a tierra.<\/p>\n<p class=\"v1MsoNormal\" style=\"text-align: justify;\">Adem\u00e1s, no se deben usar conductores en mal estado o con su aislamiento deteriorado, tampoco clavos o medios similares para efectuar la sujeci\u00f3n de conductores el\u00e9ctricos y considerar la altura adecuada para no entorpecer el tr\u00e1nsito normal de peatones.<\/p>\n<p class=\"v1MsoNormal\" style=\"text-align: justify;\">El director regional recalc\u00f3 que \u201cnuestro objetivo como SEC es que la ciudadan\u00eda pueda concurrir a las fondas y ramadas con la tranquilidad de saber que, desde el punto de vista el\u00e9ctrico, son lugares seguros. Por ello, les solicitamos a los municipios que tengan presentes estas exigencias, de manera de garantizar que las entidades o personas interesadas en instalarse con estos recintos tomen todas las medidas correspondientes con la debida anticipaci\u00f3n\u201d.<\/p>\n<p class=\"v1MsoNormal\" style=\"text-align: justify;\">Desde la SEC recordaron que, adem\u00e1s de la seguridad en materia el\u00e9ctrica, es importante tener en cuenta los cuidados al usar cilindros de gas licuado. Para ello, es importante utilizar siempre flexibles y reguladores que no est\u00e9n vencidos y que cuenten con SELLO SEC. Asimismo, est\u00e1 prohibido el uso de mangueras de jard\u00edn para conectarlos, ya que se deben emplear flexibles dise\u00f1ados especialmente para ello.<\/p>\n<p class=\"v1MsoNormal\" style=\"text-align: justify;\">Finalmente, desde la SEC hicieron un llamado a seguir las cuentas oficiales de la SEC en Redes Sociales: Instagram (@sec_chile), LinkedIn (Superintendencia de Electricidad y Combustibles \u2013 SEC), X (@SEC_cl) y Superintendencia SEC (Facebook), donde la ciudadan\u00eda podr\u00e1 acceder a informaci\u00f3n \u00fatil y consejos de seguridad para el uso de los energ\u00e9ticos.<\/p>\n<\/div><\/section><\/div><div  style='height:50px' class='hr hr-invisible   avia-builder-el-6  el_after_av_one_full  el_before_av_social_share '><span class='hr-inner ' ><span class='hr-inner-style'><\/span><\/span><\/div><\/p>\n<div  class='av-social-sharing-box  avia-builder-el-7  el_after_av_hr  el_before_av_hr  '><div class='av-share-box'><h5 class='av-share-link-description av-no-toc '>Compartir esta noticia<\/h5><ul class='av-share-box-list noLightbox'><li class='av-share-link av-social-link-facebook' ><a target=\"_blank\" aria-label=\"Compartir en Facebook\" href='https:\/\/www.facebook.com\/sharer.php?u=https:\/\/radiorevelacionfm.cl\/?p=45677&#038;t=SEC%20Ays%C3%A9n%20instruye%20a%20municipios%20de%20la%20regi%C3%B3n%20a%20que%20cumplan%20con%20los%20est%C3%A1ndares%20de%20seguridad%20el%C3%A9ctrica%20en%20fondas%20y%20ramadas' aria-hidden='false' data-av_icon='\ue8f3' data-av_iconfont='entypo-fontello' title='' data-avia-related-tooltip='Compartir en Facebook' rel=\"noopener\"><span class='avia_hidden_link_text'>Compartir en Facebook<\/span><\/a><\/li><li class='av-share-link av-social-link-twitter' ><a target=\"_blank\" aria-label=\"Compartir en Twitter\" href='https:\/\/twitter.com\/share?text=SEC%20Ays%C3%A9n%20instruye%20a%20municipios%20de%20la%20regi%C3%B3n%20a%20que%20cumplan%20con%20los%20est%C3%A1ndares%20de%20seguridad%20el%C3%A9ctrica%20en%20fondas%20y%20ramadas&#038;url=https:\/\/radiorevelacionfm.cl\/?p=45677' aria-hidden='false' data-av_icon='\ue8f1' data-av_iconfont='entypo-fontello' title='' data-avia-related-tooltip='Compartir en Twitter' rel=\"noopener\"><span class='avia_hidden_link_text'>Compartir en Twitter<\/span><\/a><\/li><li class='av-share-link av-social-link-whatsapp' ><a target=\"_blank\" aria-label=\"Compartir en Whatsapp\" href='https:\/\/api.whatsapp.com\/send?text=https:\/\/radiorevelacionfm.cl\/?p=45677' aria-hidden='false' data-av_icon='\uf232' data-av_iconfont='entypo-fontello' title='' data-avia-related-tooltip='Compartir en Whatsapp' rel=\"noopener\"><span class='avia_hidden_link_text'>Compartir en Whatsapp<\/span><\/a><\/li><li class='av-share-link av-social-link-linkedin' ><a target=\"_blank\" aria-label=\"Compartir en LinkedIn\" href='https:\/\/linkedin.com\/shareArticle?mini=true&#038;title=SEC%20Ays%C3%A9n%20instruye%20a%20municipios%20de%20la%20regi%C3%B3n%20a%20que%20cumplan%20con%20los%20est%C3%A1ndares%20de%20seguridad%20el%C3%A9ctrica%20en%20fondas%20y%20ramadas&#038;url=https:\/\/radiorevelacionfm.cl\/?p=45677' aria-hidden='false' data-av_icon='\ue8fc' data-av_iconfont='entypo-fontello' title='' data-avia-related-tooltip='Compartir en LinkedIn' rel=\"noopener\"><span class='avia_hidden_link_text'>Compartir en LinkedIn<\/span><\/a><\/li><li class='av-share-link av-social-link-mail' ><a  aria-label=\"Compartir por correo\" href='mailto:?subject=SEC%20Ays%C3%A9n%20instruye%20a%20municipios%20de%20la%20regi%C3%B3n%20a%20que%20cumplan%20con%20los%20est%C3%A1ndares%20de%20seguridad%20el%C3%A9ctrica%20en%20fondas%20y%20ramadas&#038;body=https:\/\/radiorevelacionfm.cl\/?p=45677' aria-hidden='false' data-av_icon='\ue805' data-av_iconfont='entypo-fontello' title='' data-avia-related-tooltip='Compartir por correo'><span class='avia_hidden_link_text'>Compartir por correo<\/span><\/a><\/li><\/ul><\/div><\/div>\n<div  style='height:50px' class='hr hr-invisible   avia-builder-el-8  el_after_av_social_share  el_before_av_comments_list '><span class='hr-inner ' ><span class='hr-inner-style'><\/span><\/span><\/div>\n<div  class='av-buildercomment  av-blog-meta-html-info-disabled av-blog-meta-tag-disabled  '><\/div>\n","protected":false},"excerpt":{"rendered":"","protected":false},"author":1,"featured_media":45678,"comment_status":"open","ping_status":"open","sticky":false,"template":"","format":"standard","meta":{"footnotes":""},"categories":[38],"tags":[],"class_list":["post-45677","post","type-post","status-publish","format-standard","has-post-thumbnail","hentry","category-regional"],"jetpack_featured_media_url":"https:\/\/radiorevelacionfm.cl\/wp-content\/uploads\/2024\/08\/2-2024-08-30T121833.111-1-1.jpg","_links":{"self":[{"href":"https:\/\/radiorevelacionfm.cl\/index.php?rest_route=\/wp\/v2\/posts\/45677","targetHints":{"allow":["GET"]}}],"collection":[{"href":"https:\/\/radiorevelacionfm.cl\/index.php?rest_route=\/wp\/v2\/posts"}],"about":[{"href":"https:\/\/radiorevelacionfm.cl\/index.php?rest_route=\/wp\/v2\/types\/post"}],"author":[{"embeddable":true,"href":"https:\/\/radiorevelacionfm.cl\/index.php?rest_route=\/wp\/v2\/users\/1"}],"replies":[{"embeddable":true,"href":"https:\/\/radiorevelacionfm.cl\/index.php?rest_route=%2Fwp%2Fv2%2Fcomments&post=45677"}],"version-history":[{"count":1,"href":"https:\/\/radiorevelacionfm.cl\/index.php?rest_route=\/wp\/v2\/posts\/45677\/revisions"}],"predecessor-version":[{"id":45679,"href":"https:\/\/radiorevelacionfm.cl\/index.php?rest_route=\/wp\/v2\/posts\/45677\/revisions\/45679"}],"wp:featuredmedia":[{"embeddable":true,"href":"https:\/\/radiorevelacionfm.cl\/index.php?rest_route=\/wp\/v2\/media\/45678"}],"wp:attachment":[{"href":"https:\/\/radiorevelacionfm.cl\/index.php?rest_route=%2Fwp%2Fv2%2Fmedia&parent=45677"}],"wp:term":[{"taxonomy":"category","embeddable":true,"href":"https:\/\/radiorevelacionfm.cl\/index.php?rest_route=%2Fwp%2Fv2%2Fcategories&post=45677"},{"taxonomy":"post_tag","embeddable":true,"href":"https:\/\/radiorevelacionfm.cl\/index.php?rest_route=%2Fwp%2Fv2%2Ftags&post=45677"}],"curies":[{"name":"wp","href":"https:\/\/api.w.org\/{rel}","templated":true}]}}