{"id":45674,"date":"2024-08-30T13:09:44","date_gmt":"2024-08-30T16:09:44","guid":{"rendered":"https:\/\/radiorevelacionfm.cl\/?p=45674"},"modified":"2024-08-30T13:09:44","modified_gmt":"2024-08-30T16:09:44","slug":"carabineros-de-villa-ohiggins-junto-a-bomberos-y-la-comunidad-realizan-intensa-busqueda-de-adulto-mayor-tras-denuncia-por-presunta-desgracia","status":"publish","type":"post","link":"https:\/\/radiorevelacionfm.cl\/?p=45674","title":{"rendered":"Carabineros de Villa O&#8217;Higgins junto a Bomberos y la comunidad realizan intensa b\u00fasqueda de adulto mayor tras denuncia por presunta desgracia"},"content":{"rendered":"<div class=\"flex_column av_one_full  flex_column_div av-zero-column-padding first  avia-builder-el-0  el_before_av_one_full  avia-builder-el-first  \" style='border-radius:0px; '><div  class='avia-image-container  av-styling-    avia-builder-el-1  avia-builder-el-no-sibling  avia-align-center '  itemprop=\"image\" itemscope=\"itemscope\" itemtype=\"https:\/\/schema.org\/ImageObject\"  ><div class='avia-image-container-inner'><div class='avia-image-overlay-wrap'><img decoding=\"async\" class='wp-image-45675 avia-img-lazy-loading-not-45675 avia_image' src=\"https:\/\/radiorevelacionfm.cl\/wp-content\/uploads\/2024\/08\/ed7cfdfe-706e-4ca5-91a3-eb34e662b443-1-1.jpg\" alt='' title='ed7cfdfe-706e-4ca5-91a3-eb34e662b443 (1) (1)' height=\"600\" width=\"800\"  itemprop=\"thumbnailUrl\" srcset=\"https:\/\/radiorevelacionfm.cl\/wp-content\/uploads\/2024\/08\/ed7cfdfe-706e-4ca5-91a3-eb34e662b443-1-1.jpg 800w, https:\/\/radiorevelacionfm.cl\/wp-content\/uploads\/2024\/08\/ed7cfdfe-706e-4ca5-91a3-eb34e662b443-1-1-300x225.jpg 300w, https:\/\/radiorevelacionfm.cl\/wp-content\/uploads\/2024\/08\/ed7cfdfe-706e-4ca5-91a3-eb34e662b443-1-1-768x576.jpg 768w, https:\/\/radiorevelacionfm.cl\/wp-content\/uploads\/2024\/08\/ed7cfdfe-706e-4ca5-91a3-eb34e662b443-1-1-705x529.jpg 705w, https:\/\/radiorevelacionfm.cl\/wp-content\/uploads\/2024\/08\/ed7cfdfe-706e-4ca5-91a3-eb34e662b443-1-1-450x338.jpg 450w, https:\/\/radiorevelacionfm.cl\/wp-content\/uploads\/2024\/08\/ed7cfdfe-706e-4ca5-91a3-eb34e662b443-1-1-600x450.jpg 600w\" sizes=\"(max-width: 800px) 100vw, 800px\" \/><\/div><\/div><\/div><\/div><div class=\"flex_column av_one_full  flex_column_div av-zero-column-padding first  avia-builder-el-2  el_after_av_one_full  el_before_av_one_full  column-top-margin\" style='border-radius:0px; '><section class=\"av_textblock_section \"  itemscope=\"itemscope\" itemtype=\"https:\/\/schema.org\/BlogPosting\" itemprop=\"blogPost\" ><div class='avia_textblock  '   itemprop=\"text\" ><p style=\"text-align: center;\"><span style=\"font-size: 18pt;\"><b><span lang=\"ES-MX\">Carabineros de Villa O&#8217;Higgins junto a Bomberos y la comunidad realizan intensa b\u00fasqueda de adulto mayor tras denuncia por presunta desgracia<\/span><\/b><\/span><\/p>\n<div id=\"gtx-trans\" style=\"position: absolute; left: -50px; top: 4.31534px;\">\n<div class=\"gtx-trans-icon\"><\/div>\n<\/div>\n<\/div><\/section><\/div><div class=\"flex_column av_one_full  flex_column_div av-zero-column-padding first  avia-builder-el-4  el_after_av_one_full  el_before_av_hr  column-top-margin\" style='border-radius:0px; '><section class=\"av_textblock_section \"  itemscope=\"itemscope\" itemtype=\"https:\/\/schema.org\/BlogPosting\" itemprop=\"blogPost\" ><div class='avia_textblock  '   itemprop=\"text\" ><p class=\"v1MsoNormal\" style=\"text-align: justify;\"><em><span lang=\"ES-MX\">Se trata de un solitario poblador de 78 a\u00f1os de edad, quien reside en el sector El Resbal\u00f3n, camino a R\u00edo Bravo, un sector de compleja geograf\u00eda y muy dif\u00edcil acceso.<\/span><\/em><\/p>\n<p class=\"v1MsoNormal\" style=\"text-align: justify;\"><span lang=\"ES-MX\">Tras una denuncia por presunta desgracia, Carabineros de la Subcomisar\u00eda de Villa O&#8217;Higgins (F) en conjunto con Bomberos y lugare\u00f1os, desarrolla una ardua b\u00fasqueda del ciudadano Vicente Maureira Garc\u00eda (78), un solitario poblador del sector El Resbal\u00f3n, camino a R\u00edo Bravo sobre quien se desconoce todo rastro sobre su paradero.<\/span><\/p>\n<p class=\"v1MsoNormal\" style=\"text-align: justify;\"><span lang=\"ES-MX\">El Jefe de la Subcomisar\u00eda Villa O&#8217;Higgins (F) Capit\u00e1n Luis Villagr\u00e1n Guti\u00e9rrez se\u00f1al\u00f3 que el pasado 20 de agosto, Carabineros conoci\u00f3 de una denuncia por presunta desgracia, siendo activando un plan de b\u00fasqueda en virtud de los antecedentes conocidos hasta el momento.<\/span><\/p>\n<p class=\"v1MsoNormal\" style=\"text-align: justify;\"><span lang=\"ES-MX\">\u00abEsta persona vive en un lugar apartado, aproximadamente a 60 km de Villa O&#8217;Higgins, vive solo, no mantiene contacto con personas y el Municipio lo extra\u00f1\u00f3 porque desde hace un tiempo indeterminado no se vio dentro del poblado, en circunstancias que esta persona tiene por costumbre venir al pueblo todos los meses. Dideco fue al lugar y no encontraron a la persona en el domicilio y por ende personal municipal realiz\u00f3 la denuncia por presunta desgracia\u00bb, indic\u00f3 el Capit\u00e1n Villagr\u00e1n.<\/span><\/p>\n<p class=\"v1MsoNormal\" style=\"text-align: justify;\"><span lang=\"ES-MX\">Hasta el momento, Carabineros junto a Bomberos y la comunidad han desarrollado tareas de b\u00fasqueda y rastreo en lugares de posible inter\u00e9s, sin resultados positivos hasta el momento.<\/span><\/p>\n<p class=\"v1MsoNormal\" style=\"text-align: justify;\"><span lang=\"ES-MX\">\u00abSe contin\u00faa en la b\u00fasqueda de esta persona, se activ\u00f3 el Cogrid comunal, mantenemos personal de Bomberos, Carabineros y personas voluntarias de Villa O&#8217;Higgins que conocen el sector. No tenemos antecedentes sobre el d\u00eda o la hora en que se pudo haber extraviado este adulto mayor. \u00c9l vive solo y no tiene contacto telef\u00f3nico ni radial con nadie\u00bb, indic\u00f3.<\/span><\/p>\n<p class=\"v1MsoNormal\" style=\"text-align: justify;\"><span lang=\"ES-MX\">El ciudadano, seg\u00fan se\u00f1al\u00f3 Carabineros, acostumbraba a vestir con ropa t\u00edpica y la \u00faltima vez que fue visto, lo hac\u00eda en compa\u00f1\u00eda de dos canes, los cuales tampoco han sido divisados en el sector.<\/span><\/p>\n<p class=\"v1MsoNormal\" style=\"text-align: justify;\"><span lang=\"ES-MX\">Cabe consignar que el ciudadano concurr\u00eda a un cerro cercano a recolectar madera o a buscar animales. \u00abCaminaba 20, 30 \u00f3 40 km, es una persona activa y conforme al sector jurisdiccional que tenemos, puede estar en cualquier lado. A\u00f1os atr\u00e1s cuando el clima estaba malo, dejaba su casa cerrada y volv\u00eda en primavera. Recorrer el sector, es complejo, la geograf\u00eda es agreste, de muy dif\u00edcil acceso y estamos haciendo las diligencias conforme a lo que orden\u00f3 la Fiscal\u00eda\u00bb, indic\u00f3 el Capit\u00e1n Villagr\u00e1n, quien se\u00f1al\u00f3 que los esfuerzos de b\u00fasqueda no han cesado para dar con su paradero.\u00a0<\/span><\/p>\n<\/div><\/section><\/div><div  style='height:50px' class='hr hr-invisible   avia-builder-el-6  el_after_av_one_full  el_before_av_social_share '><span class='hr-inner ' ><span class='hr-inner-style'><\/span><\/span><\/div><\/p>\n<div  class='av-social-sharing-box  avia-builder-el-7  el_after_av_hr  el_before_av_hr  '><div class='av-share-box'><h5 class='av-share-link-description av-no-toc '>Compartir esta noticia<\/h5><ul class='av-share-box-list noLightbox'><li class='av-share-link av-social-link-facebook' ><a target=\"_blank\" aria-label=\"Compartir en Facebook\" href='https:\/\/www.facebook.com\/sharer.php?u=https:\/\/radiorevelacionfm.cl\/?p=45674&#038;t=Carabineros%20de%20Villa%20O%E2%80%99Higgins%20junto%20a%20Bomberos%20y%20la%20comunidad%20realizan%20intensa%20b%C3%BAsqueda%20de%20adulto%20mayor%20tras%20denuncia%20por%20presunta%20desgracia' aria-hidden='false' data-av_icon='\ue8f3' data-av_iconfont='entypo-fontello' title='' data-avia-related-tooltip='Compartir en Facebook' rel=\"noopener\"><span class='avia_hidden_link_text'>Compartir en Facebook<\/span><\/a><\/li><li class='av-share-link av-social-link-twitter' ><a target=\"_blank\" aria-label=\"Compartir en Twitter\" href='https:\/\/twitter.com\/share?text=Carabineros%20de%20Villa%20O%E2%80%99Higgins%20junto%20a%20Bomberos%20y%20la%20comunidad%20realizan%20intensa%20b%C3%BAsqueda%20de%20adulto%20mayor%20tras%20denuncia%20por%20presunta%20desgracia&#038;url=https:\/\/radiorevelacionfm.cl\/?p=45674' aria-hidden='false' data-av_icon='\ue8f1' data-av_iconfont='entypo-fontello' title='' data-avia-related-tooltip='Compartir en Twitter' rel=\"noopener\"><span class='avia_hidden_link_text'>Compartir en Twitter<\/span><\/a><\/li><li class='av-share-link av-social-link-whatsapp' ><a target=\"_blank\" aria-label=\"Compartir en Whatsapp\" href='https:\/\/api.whatsapp.com\/send?text=https:\/\/radiorevelacionfm.cl\/?p=45674' aria-hidden='false' data-av_icon='\uf232' data-av_iconfont='entypo-fontello' title='' data-avia-related-tooltip='Compartir en Whatsapp' rel=\"noopener\"><span class='avia_hidden_link_text'>Compartir en Whatsapp<\/span><\/a><\/li><li class='av-share-link av-social-link-linkedin' ><a target=\"_blank\" aria-label=\"Compartir en LinkedIn\" href='https:\/\/linkedin.com\/shareArticle?mini=true&#038;title=Carabineros%20de%20Villa%20O%E2%80%99Higgins%20junto%20a%20Bomberos%20y%20la%20comunidad%20realizan%20intensa%20b%C3%BAsqueda%20de%20adulto%20mayor%20tras%20denuncia%20por%20presunta%20desgracia&#038;url=https:\/\/radiorevelacionfm.cl\/?p=45674' aria-hidden='false' data-av_icon='\ue8fc' data-av_iconfont='entypo-fontello' title='' data-avia-related-tooltip='Compartir en LinkedIn' rel=\"noopener\"><span class='avia_hidden_link_text'>Compartir en LinkedIn<\/span><\/a><\/li><li class='av-share-link av-social-link-mail' ><a  aria-label=\"Compartir por correo\" href='mailto:?subject=Carabineros%20de%20Villa%20O%E2%80%99Higgins%20junto%20a%20Bomberos%20y%20la%20comunidad%20realizan%20intensa%20b%C3%BAsqueda%20de%20adulto%20mayor%20tras%20denuncia%20por%20presunta%20desgracia&#038;body=https:\/\/radiorevelacionfm.cl\/?p=45674' aria-hidden='false' data-av_icon='\ue805' data-av_iconfont='entypo-fontello' title='' data-avia-related-tooltip='Compartir por correo'><span class='avia_hidden_link_text'>Compartir por correo<\/span><\/a><\/li><\/ul><\/div><\/div>\n<div  style='height:50px' class='hr hr-invisible   avia-builder-el-8  el_after_av_social_share  el_before_av_comments_list '><span class='hr-inner ' ><span class='hr-inner-style'><\/span><\/span><\/div>\n<div  class='av-buildercomment  av-blog-meta-html-info-disabled av-blog-meta-tag-disabled  '><\/div>\n","protected":false},"excerpt":{"rendered":"","protected":false},"author":1,"featured_media":45675,"comment_status":"open","ping_status":"open","sticky":false,"template":"","format":"standard","meta":{"footnotes":""},"categories":[36],"tags":[],"class_list":["post-45674","post","type-post","status-publish","format-standard","has-post-thumbnail","hentry","category-policial"],"jetpack_featured_media_url":"https:\/\/radiorevelacionfm.cl\/wp-content\/uploads\/2024\/08\/ed7cfdfe-706e-4ca5-91a3-eb34e662b443-1-1.jpg","_links":{"self":[{"href":"https:\/\/radiorevelacionfm.cl\/index.php?rest_route=\/wp\/v2\/posts\/45674","targetHints":{"allow":["GET"]}}],"collection":[{"href":"https:\/\/radiorevelacionfm.cl\/index.php?rest_route=\/wp\/v2\/posts"}],"about":[{"href":"https:\/\/radiorevelacionfm.cl\/index.php?rest_route=\/wp\/v2\/types\/post"}],"author":[{"embeddable":true,"href":"https:\/\/radiorevelacionfm.cl\/index.php?rest_route=\/wp\/v2\/users\/1"}],"replies":[{"embeddable":true,"href":"https:\/\/radiorevelacionfm.cl\/index.php?rest_route=%2Fwp%2Fv2%2Fcomments&post=45674"}],"version-history":[{"count":1,"href":"https:\/\/radiorevelacionfm.cl\/index.php?rest_route=\/wp\/v2\/posts\/45674\/revisions"}],"predecessor-version":[{"id":45676,"href":"https:\/\/radiorevelacionfm.cl\/index.php?rest_route=\/wp\/v2\/posts\/45674\/revisions\/45676"}],"wp:featuredmedia":[{"embeddable":true,"href":"https:\/\/radiorevelacionfm.cl\/index.php?rest_route=\/wp\/v2\/media\/45675"}],"wp:attachment":[{"href":"https:\/\/radiorevelacionfm.cl\/index.php?rest_route=%2Fwp%2Fv2%2Fmedia&parent=45674"}],"wp:term":[{"taxonomy":"category","embeddable":true,"href":"https:\/\/radiorevelacionfm.cl\/index.php?rest_route=%2Fwp%2Fv2%2Fcategories&post=45674"},{"taxonomy":"post_tag","embeddable":true,"href":"https:\/\/radiorevelacionfm.cl\/index.php?rest_route=%2Fwp%2Fv2%2Ftags&post=45674"}],"curies":[{"name":"wp","href":"https:\/\/api.w.org\/{rel}","templated":true}]}}