{"id":45671,"date":"2024-08-30T15:31:54","date_gmt":"2024-08-30T18:31:54","guid":{"rendered":"https:\/\/radiorevelacionfm.cl\/?p=45671"},"modified":"2024-08-30T15:31:54","modified_gmt":"2024-08-30T18:31:54","slug":"cuidemos-nuestro-bosque-nativo-sag-presenta-juego-sobre-cuidado-de-bosque-nativo-en-escuela-de-villa-ortega","status":"publish","type":"post","link":"https:\/\/radiorevelacionfm.cl\/?p=45671","title":{"rendered":"\u201c\u00a1Cuidemos nuestro bosque nativo!\u201d: SAG presenta juego sobre cuidado de bosque nativo en Escuela de Villa Ortega"},"content":{"rendered":"<div class=\"flex_column av_one_full  flex_column_div av-zero-column-padding first  avia-builder-el-0  el_before_av_one_full  avia-builder-el-first  \" style='border-radius:0px; '><div  class='avia-image-container  av-styling-    avia-builder-el-1  avia-builder-el-no-sibling  avia-align-center '  itemprop=\"image\" itemscope=\"itemscope\" itemtype=\"https:\/\/schema.org\/ImageObject\"  ><div class='avia-image-container-inner'><div class='avia-image-overlay-wrap'><img decoding=\"async\" class='wp-image-45672 avia-img-lazy-loading-not-45672 avia_image' src=\"https:\/\/radiorevelacionfm.cl\/wp-content\/uploads\/2024\/08\/img_2562-1_optimized.jpg\" alt='' title='img_2562-(1)_optimized' height=\"600\" width=\"800\"  itemprop=\"thumbnailUrl\" srcset=\"https:\/\/radiorevelacionfm.cl\/wp-content\/uploads\/2024\/08\/img_2562-1_optimized.jpg 800w, https:\/\/radiorevelacionfm.cl\/wp-content\/uploads\/2024\/08\/img_2562-1_optimized-300x225.jpg 300w, https:\/\/radiorevelacionfm.cl\/wp-content\/uploads\/2024\/08\/img_2562-1_optimized-768x576.jpg 768w, https:\/\/radiorevelacionfm.cl\/wp-content\/uploads\/2024\/08\/img_2562-1_optimized-705x529.jpg 705w, https:\/\/radiorevelacionfm.cl\/wp-content\/uploads\/2024\/08\/img_2562-1_optimized-450x338.jpg 450w, https:\/\/radiorevelacionfm.cl\/wp-content\/uploads\/2024\/08\/img_2562-1_optimized-600x450.jpg 600w\" sizes=\"(max-width: 800px) 100vw, 800px\" \/><\/div><\/div><\/div><\/div><div class=\"flex_column av_one_full  flex_column_div av-zero-column-padding first  avia-builder-el-2  el_after_av_one_full  el_before_av_one_full  column-top-margin\" style='border-radius:0px; '><section class=\"av_textblock_section \"  itemscope=\"itemscope\" itemtype=\"https:\/\/schema.org\/BlogPosting\" itemprop=\"blogPost\" ><div class='avia_textblock  '   itemprop=\"text\" ><p style=\"text-align: center;\"><strong><span style=\"font-size: 18pt;\">\u201c\u00a1Cuidemos nuestro bosque nativo!\u201d: SAG presenta juego sobre cuidado de bosque nativo en Escuela de Villa Ortega<\/span><\/strong><\/p>\n<div id=\"gtx-trans\" style=\"position: absolute; left: -50px; top: 4.31534px;\">\n<div class=\"gtx-trans-icon\"><\/div>\n<\/div>\n<\/div><\/section><\/div><div class=\"flex_column av_one_full  flex_column_div av-zero-column-padding first  avia-builder-el-4  el_after_av_one_full  el_before_av_hr  column-top-margin\" style='border-radius:0px; '><section class=\"av_textblock_section \"  itemscope=\"itemscope\" itemtype=\"https:\/\/schema.org\/BlogPosting\" itemprop=\"blogPost\" ><div class='avia_textblock  '   itemprop=\"text\" ><p style=\"text-align: justify;\">Hasta la Escuela Pablo Neruda de la localidad de Villa Ortega se trasladaron funcionarios del Servicio Agr\u00edcola y Ganadero dependiente del Ministerio de Agricultura, para presentar a los ni\u00f1os y ni\u00f1as un entretenido juego sobre el cuidado del bosque nativo, a trav\u00e9s del cual se busca inculcar en las nuevas generaciones el valor y la responsabilidad de proteger este recurso natural vital.<\/p>\n<p style=\"text-align: justify;\">El juego, titulado \u201c\u00a1Cuidemos nuestro bosque nativo!\u201d, consta de un tablero y un set de fichas ilustradas, fue elaborado por el SAG junto a la Organizaci\u00f3n Mundial de Ense\u00f1anza Preescolar (OMEP), invita a los ni\u00f1os y ni\u00f1as a reflexionar sobre c\u00f3mo la salud de los bosques est\u00e1 ligada a la preservaci\u00f3n de nuestro planeta.<\/p>\n<p style=\"text-align: justify;\">Al respecto, el director regional del SAG Ays\u00e9n, Julio Cerda Cordero, se\u00f1al\u00f3 \u201ceste material did\u00e1ctico que est\u00e1 desarrollando el Servicio es importante, porque a trav\u00e9s del estamos ense\u00f1ando a los ni\u00f1os y ni\u00f1as la importancia de la sanidad de nuestros bosques y como Servicio queremos contribuir a la formaci\u00f3n de ciudadanos y ciudadanas responsables y comprometidos con el cuidado y protecci\u00f3n del planeta.\u201d<\/p>\n<p style=\"text-align: justify;\">Por su parte, el Encargado de Protecci\u00f3n Agr\u00edcola, Forestal y Semillas SAG Ays\u00e9n Mart\u00edn Cumi\u00e1n S\u00e1nchez, indic\u00f3 \u201cni\u00f1os y ni\u00f1as participaron del juego activamente, reconocieron insectos que da\u00f1an y que benefician a los bosques y plantas, es importante inculcar desde ni\u00f1os el cuidado por la naturaleza, tambi\u00e9n pudieron plantar unos arbolitos que nos facilit\u00f3 CONAF, para generar conciencia y responsabilidad del cuidado de sus \u00e1rboles\u201d.<\/p>\n<p style=\"text-align: justify;\">Finalmente, Carola Aguilar, educadora de la Escuela Pablo Neruda, comento que \u201clos estudiantes quedaron muy motivados por la actividad, ya que de manera l\u00fadica los ni\u00f1os pudieron explorar los diversos elementos del bosque, agradecemos esta instancia para los estudiantes y para los docentes del establecimiento\u201d.<\/p>\n<p style=\"text-align: justify;\"><strong><u>SAG Educa<\/u><\/strong><\/p>\n<p style=\"text-align: justify;\">El SAG, junto a otras instituciones, durante estos \u00faltimos 10 a\u00f1os ha desarrollado material educativo dirigido a docentes, ni\u00f1as, ni\u00f1os y sus familias, como los cuentos \u201cEl suelo vivo y las lombrices viajeras\u201d y \u201cEl dulce zumbido\u201d; la serie de videos \u201cHistorias de nuestra fauna\u201d; los libros \u201cProtejamos Nuestra Fauna Silvestre\u201d, \u201cProtejamos nuestra flora\u201d, \u201cAprendamos con SAG\u00fceso\u201d y \u201cConozcamos nuestros insectos\u201d; el kamishibai de \u201cLa granja sustentable\u201d, los que est\u00e1n disponibles de manera gratuita en el sitio web del SAG,\u00a0<a href=\"http:\/\/www.sag.cl\/\">www.sag.cl<\/a><\/p>\n<\/div><\/section><\/div><div  style='height:50px' class='hr hr-invisible   avia-builder-el-6  el_after_av_one_full  el_before_av_social_share '><span class='hr-inner ' ><span class='hr-inner-style'><\/span><\/span><\/div><\/p>\n<div  class='av-social-sharing-box  avia-builder-el-7  el_after_av_hr  el_before_av_hr  '><div class='av-share-box'><h5 class='av-share-link-description av-no-toc '>Compartir esta noticia<\/h5><ul class='av-share-box-list noLightbox'><li class='av-share-link av-social-link-facebook' ><a target=\"_blank\" aria-label=\"Compartir en Facebook\" href='https:\/\/www.facebook.com\/sharer.php?u=https:\/\/radiorevelacionfm.cl\/?p=45671&#038;t=%E2%80%9C%C2%A1Cuidemos%20nuestro%20bosque%20nativo%21%E2%80%9D%3A%20SAG%20presenta%20juego%20sobre%20cuidado%20de%20bosque%20nativo%20en%20Escuela%20de%20Villa%20Ortega' aria-hidden='false' data-av_icon='\ue8f3' data-av_iconfont='entypo-fontello' title='' data-avia-related-tooltip='Compartir en Facebook' rel=\"noopener\"><span class='avia_hidden_link_text'>Compartir en Facebook<\/span><\/a><\/li><li class='av-share-link av-social-link-twitter' ><a target=\"_blank\" aria-label=\"Compartir en Twitter\" href='https:\/\/twitter.com\/share?text=%E2%80%9C%C2%A1Cuidemos%20nuestro%20bosque%20nativo%21%E2%80%9D%3A%20SAG%20presenta%20juego%20sobre%20cuidado%20de%20bosque%20nativo%20en%20Escuela%20de%20Villa%20Ortega&#038;url=https:\/\/radiorevelacionfm.cl\/?p=45671' aria-hidden='false' data-av_icon='\ue8f1' data-av_iconfont='entypo-fontello' title='' data-avia-related-tooltip='Compartir en Twitter' rel=\"noopener\"><span class='avia_hidden_link_text'>Compartir en Twitter<\/span><\/a><\/li><li class='av-share-link av-social-link-whatsapp' ><a target=\"_blank\" aria-label=\"Compartir en Whatsapp\" href='https:\/\/api.whatsapp.com\/send?text=https:\/\/radiorevelacionfm.cl\/?p=45671' aria-hidden='false' data-av_icon='\uf232' data-av_iconfont='entypo-fontello' title='' data-avia-related-tooltip='Compartir en Whatsapp' rel=\"noopener\"><span class='avia_hidden_link_text'>Compartir en Whatsapp<\/span><\/a><\/li><li class='av-share-link av-social-link-linkedin' ><a target=\"_blank\" aria-label=\"Compartir en LinkedIn\" href='https:\/\/linkedin.com\/shareArticle?mini=true&#038;title=%E2%80%9C%C2%A1Cuidemos%20nuestro%20bosque%20nativo%21%E2%80%9D%3A%20SAG%20presenta%20juego%20sobre%20cuidado%20de%20bosque%20nativo%20en%20Escuela%20de%20Villa%20Ortega&#038;url=https:\/\/radiorevelacionfm.cl\/?p=45671' aria-hidden='false' data-av_icon='\ue8fc' data-av_iconfont='entypo-fontello' title='' data-avia-related-tooltip='Compartir en LinkedIn' rel=\"noopener\"><span class='avia_hidden_link_text'>Compartir en LinkedIn<\/span><\/a><\/li><li class='av-share-link av-social-link-mail' ><a  aria-label=\"Compartir por correo\" href='mailto:?subject=%E2%80%9C%C2%A1Cuidemos%20nuestro%20bosque%20nativo%21%E2%80%9D%3A%20SAG%20presenta%20juego%20sobre%20cuidado%20de%20bosque%20nativo%20en%20Escuela%20de%20Villa%20Ortega&#038;body=https:\/\/radiorevelacionfm.cl\/?p=45671' aria-hidden='false' data-av_icon='\ue805' data-av_iconfont='entypo-fontello' title='' data-avia-related-tooltip='Compartir por correo'><span class='avia_hidden_link_text'>Compartir por correo<\/span><\/a><\/li><\/ul><\/div><\/div>\n<div  style='height:50px' class='hr hr-invisible   avia-builder-el-8  el_after_av_social_share  el_before_av_comments_list '><span class='hr-inner ' ><span class='hr-inner-style'><\/span><\/span><\/div>\n<div  class='av-buildercomment  av-blog-meta-html-info-disabled av-blog-meta-tag-disabled  '><\/div>\n","protected":false},"excerpt":{"rendered":"","protected":false},"author":1,"featured_media":45672,"comment_status":"open","ping_status":"open","sticky":false,"template":"","format":"standard","meta":{"footnotes":""},"categories":[58],"tags":[],"class_list":["post-45671","post","type-post","status-publish","format-standard","has-post-thumbnail","hentry","category-agricultura"],"jetpack_featured_media_url":"https:\/\/radiorevelacionfm.cl\/wp-content\/uploads\/2024\/08\/img_2562-1_optimized.jpg","_links":{"self":[{"href":"https:\/\/radiorevelacionfm.cl\/index.php?rest_route=\/wp\/v2\/posts\/45671","targetHints":{"allow":["GET"]}}],"collection":[{"href":"https:\/\/radiorevelacionfm.cl\/index.php?rest_route=\/wp\/v2\/posts"}],"about":[{"href":"https:\/\/radiorevelacionfm.cl\/index.php?rest_route=\/wp\/v2\/types\/post"}],"author":[{"embeddable":true,"href":"https:\/\/radiorevelacionfm.cl\/index.php?rest_route=\/wp\/v2\/users\/1"}],"replies":[{"embeddable":true,"href":"https:\/\/radiorevelacionfm.cl\/index.php?rest_route=%2Fwp%2Fv2%2Fcomments&post=45671"}],"version-history":[{"count":1,"href":"https:\/\/radiorevelacionfm.cl\/index.php?rest_route=\/wp\/v2\/posts\/45671\/revisions"}],"predecessor-version":[{"id":45673,"href":"https:\/\/radiorevelacionfm.cl\/index.php?rest_route=\/wp\/v2\/posts\/45671\/revisions\/45673"}],"wp:featuredmedia":[{"embeddable":true,"href":"https:\/\/radiorevelacionfm.cl\/index.php?rest_route=\/wp\/v2\/media\/45672"}],"wp:attachment":[{"href":"https:\/\/radiorevelacionfm.cl\/index.php?rest_route=%2Fwp%2Fv2%2Fmedia&parent=45671"}],"wp:term":[{"taxonomy":"category","embeddable":true,"href":"https:\/\/radiorevelacionfm.cl\/index.php?rest_route=%2Fwp%2Fv2%2Fcategories&post=45671"},{"taxonomy":"post_tag","embeddable":true,"href":"https:\/\/radiorevelacionfm.cl\/index.php?rest_route=%2Fwp%2Fv2%2Ftags&post=45671"}],"curies":[{"name":"wp","href":"https:\/\/api.w.org\/{rel}","templated":true}]}}