{"id":45668,"date":"2024-08-30T11:42:28","date_gmt":"2024-08-30T14:42:28","guid":{"rendered":"https:\/\/radiorevelacionfm.cl\/?p=45668"},"modified":"2024-08-30T11:42:28","modified_gmt":"2024-08-30T14:42:28","slug":"parrilla-programatica-de-fiestas-patrias-de-aysen-incorporaran-festival-de-jineteadas","status":"publish","type":"post","link":"https:\/\/radiorevelacionfm.cl\/?p=45668","title":{"rendered":"Parrilla program\u00e1tica de Fiestas Patrias de Ays\u00e9n incorporar\u00e1n festival de jineteadas"},"content":{"rendered":"<div class=\"flex_column av_one_full  flex_column_div av-zero-column-padding first  avia-builder-el-0  el_before_av_one_full  avia-builder-el-first  \" style='border-radius:0px; '><div  class='avia-image-container  av-styling-    avia-builder-el-1  avia-builder-el-no-sibling  avia-align-center '  itemprop=\"image\" itemscope=\"itemscope\" itemtype=\"https:\/\/schema.org\/ImageObject\"  ><div class='avia-image-container-inner'><div class='avia-image-overlay-wrap'><img decoding=\"async\" class='wp-image-45669 avia-img-lazy-loading-not-45669 avia_image' src=\"https:\/\/radiorevelacionfm.cl\/wp-content\/uploads\/2024\/08\/20240827_125639-1_optimized.jpg\" alt='' title='20240827_125639-(1)_optimized' height=\"600\" width=\"800\"  itemprop=\"thumbnailUrl\" srcset=\"https:\/\/radiorevelacionfm.cl\/wp-content\/uploads\/2024\/08\/20240827_125639-1_optimized.jpg 800w, https:\/\/radiorevelacionfm.cl\/wp-content\/uploads\/2024\/08\/20240827_125639-1_optimized-300x225.jpg 300w, https:\/\/radiorevelacionfm.cl\/wp-content\/uploads\/2024\/08\/20240827_125639-1_optimized-768x576.jpg 768w, https:\/\/radiorevelacionfm.cl\/wp-content\/uploads\/2024\/08\/20240827_125639-1_optimized-705x529.jpg 705w, https:\/\/radiorevelacionfm.cl\/wp-content\/uploads\/2024\/08\/20240827_125639-1_optimized-450x338.jpg 450w, https:\/\/radiorevelacionfm.cl\/wp-content\/uploads\/2024\/08\/20240827_125639-1_optimized-600x450.jpg 600w\" sizes=\"(max-width: 800px) 100vw, 800px\" \/><\/div><\/div><\/div><\/div><div class=\"flex_column av_one_full  flex_column_div av-zero-column-padding first  avia-builder-el-2  el_after_av_one_full  el_before_av_one_full  column-top-margin\" style='border-radius:0px; '><section class=\"av_textblock_section \"  itemscope=\"itemscope\" itemtype=\"https:\/\/schema.org\/BlogPosting\" itemprop=\"blogPost\" ><div class='avia_textblock  '   itemprop=\"text\" ><p style=\"text-align: center;\"><strong><span style=\"font-size: 18pt;\">Parrilla program\u00e1tica de Fiestas Patrias de Ays\u00e9n incorporar\u00e1n festival de jineteadas<\/span><\/strong><\/p>\n<div id=\"gtx-trans\" style=\"position: absolute; left: -50px; top: 4.31534px;\">\n<div class=\"gtx-trans-icon\"><\/div>\n<\/div>\n<\/div><\/section><\/div><div class=\"flex_column av_one_full  flex_column_div av-zero-column-padding first  avia-builder-el-4  el_after_av_one_full  el_before_av_hr  column-top-margin\" style='border-radius:0px; '><section class=\"av_textblock_section \"  itemscope=\"itemscope\" itemtype=\"https:\/\/schema.org\/BlogPosting\" itemprop=\"blogPost\" ><div class='avia_textblock  '   itemprop=\"text\" ><p style=\"text-align: justify;\"><em>La iniciativa llega de la colaboraci\u00f3n entre la agrupaci\u00f3n \u201cAbriendo Tranqueras a la Tradici\u00f3n Gaucha\u201d y la Municipalidad de Ays\u00e9n, con el financiamiento del Gobierno Regional, para una entretenida funci\u00f3n que desaf\u00eda a los m\u00e1s osados jinetes.<\/em><\/p>\n<p style=\"text-align: justify;\">Se realiz\u00f3 la firma del convenio de transferencia de recursos entre el GORE y el municipio aysenino para la realizaci\u00f3n de la \u201cPrimera Fiesta Costumbrista Jineteando en Puerto Ays\u00e9n\u201d. Una instancia que complementar\u00e1 el gran evento que son las tradicionales ramadas en el Parque Municipal (ex-Isla D\u00edaz).<\/p>\n<p style=\"text-align: justify;\">Los impulsores del evento fueron la agrupaci\u00f3n aysenina \u201cAbriendo Tranqueras a la Tradici\u00f3n Gaucha\u201d, que en abril del presente a\u00f1o se reunieron con el alcalde Julio Uribe para plantear la posibilidad de realizar un festival de jineteada para las fiestas patrias, por lo que el alcalde accedi\u00f3 y present\u00f3 el proyecto al Gobierno Regional a comienzos del mes de agosto.<\/p>\n<p style=\"text-align: justify;\">\u201cNos plantearon la posibilidad de realizar una jineteada en nuestra ciudad para as\u00ed abrir la temporada y poder tambi\u00e9n dar un dinamismo econ\u00f3mico para nuestros vecinos emprendedores. Recordar que vamos a tener una feria de emprendedores, adem\u00e1s los 51 puestos para el 18 de septiembre entre ramadas, bazares y cociner\u00edas. Por lo tanto, esto va a dinamizar m\u00e1s porque va a atraer p\u00fablico, por eso siento que esto es una inversi\u00f3n m\u00e1s que un gasto\u201d, explic\u00f3 el alcalde Uribe.<\/p>\n<p style=\"text-align: justify;\">Luis P\u00e9rez, representante de la organizaci\u00f3n gaucha, expres\u00f3 su gratitud con las instituciones. \u201cPara nosotros es s\u00faper importante, porque anteriormente hicimos algunos beneficios y actividades de fiesta, pero no pudimos recaudar muchos fondos. Entonces, vinimos para ac\u00e1 donde don Julio, y fuimos muy bien acogidos por \u00e9l, puso un equipo a trabajar para generar un proyecto y poder conseguir estos recursos que hoy ya es una realidad\u201d.<\/p>\n<p style=\"text-align: justify;\">Los recursos entregados en esta ocasi\u00f3n ser\u00e1n de aproximadamente 26 millones de pesos, que ser\u00e1n destinados para traer a un payador, cuadrillas y preparar el terreno y las instalaciones en el parque municipal para tener el resguardo adecuado para la realizaci\u00f3n segura del evento.<\/p>\n<p style=\"text-align: justify;\">La gobernadora regional, Andrea Mac\u00edas, comenta que esta actividad, \u201ctiene un sentido que rescata el proceso de colonizaci\u00f3n de nuestra tierra, donde hemos sido criados y tenemos un fuerte arraigo a estas tradiciones que se vinculan con la jineteada y el quehacer de la vida gaucha. As\u00ed que, estamos muy contentos como Gobierno Regional de poder estar aportando con una parte del financiamiento, porque tambi\u00e9n convengamos que hay un esfuerzo detr\u00e1s que hace la organizaci\u00f3n, el municipio y es esta suma de voluntades la que va a permitir tener este festival de jineteada que esperamos que se instale como una actividad permanente, en reconocimiento a todas esas familias que est\u00e1n detr\u00e1s trabajando para rescatar nuestras tradiciones\u201d.<\/p>\n<p style=\"text-align: justify;\">La ocasi\u00f3n tambi\u00e9n se dio para mostrar a la m\u00e1xima autoridad regional la preparaci\u00f3n para la celebraci\u00f3n del 18 de septiembre en el terreno municipal, tanto por la calidad de las instalaciones preparadas por la Direcci\u00f3n de Aseo Ornato y Medio Ambiente, como por la precauci\u00f3n de la seguridad con las c\u00e1maras dispuestas por la direcci\u00f3n de Seguridad P\u00fablica.<\/p>\n<\/div><\/section><\/div><div  style='height:50px' class='hr hr-invisible   avia-builder-el-6  el_after_av_one_full  el_before_av_social_share '><span class='hr-inner ' ><span class='hr-inner-style'><\/span><\/span><\/div><\/p>\n<div  class='av-social-sharing-box  avia-builder-el-7  el_after_av_hr  el_before_av_hr  '><div class='av-share-box'><h5 class='av-share-link-description av-no-toc '>Compartir esta noticia<\/h5><ul class='av-share-box-list noLightbox'><li class='av-share-link av-social-link-facebook' ><a target=\"_blank\" aria-label=\"Compartir en Facebook\" href='https:\/\/www.facebook.com\/sharer.php?u=https:\/\/radiorevelacionfm.cl\/?p=45668&#038;t=Parrilla%20program%C3%A1tica%20de%20Fiestas%20Patrias%20de%20Ays%C3%A9n%20incorporar%C3%A1n%20festival%20de%20jineteadas' aria-hidden='false' data-av_icon='\ue8f3' data-av_iconfont='entypo-fontello' title='' data-avia-related-tooltip='Compartir en Facebook' rel=\"noopener\"><span class='avia_hidden_link_text'>Compartir en Facebook<\/span><\/a><\/li><li class='av-share-link av-social-link-twitter' ><a target=\"_blank\" aria-label=\"Compartir en Twitter\" href='https:\/\/twitter.com\/share?text=Parrilla%20program%C3%A1tica%20de%20Fiestas%20Patrias%20de%20Ays%C3%A9n%20incorporar%C3%A1n%20festival%20de%20jineteadas&#038;url=https:\/\/radiorevelacionfm.cl\/?p=45668' aria-hidden='false' data-av_icon='\ue8f1' data-av_iconfont='entypo-fontello' title='' data-avia-related-tooltip='Compartir en Twitter' rel=\"noopener\"><span class='avia_hidden_link_text'>Compartir en Twitter<\/span><\/a><\/li><li class='av-share-link av-social-link-whatsapp' ><a target=\"_blank\" aria-label=\"Compartir en Whatsapp\" href='https:\/\/api.whatsapp.com\/send?text=https:\/\/radiorevelacionfm.cl\/?p=45668' aria-hidden='false' data-av_icon='\uf232' data-av_iconfont='entypo-fontello' title='' data-avia-related-tooltip='Compartir en Whatsapp' rel=\"noopener\"><span class='avia_hidden_link_text'>Compartir en Whatsapp<\/span><\/a><\/li><li class='av-share-link av-social-link-linkedin' ><a target=\"_blank\" aria-label=\"Compartir en LinkedIn\" href='https:\/\/linkedin.com\/shareArticle?mini=true&#038;title=Parrilla%20program%C3%A1tica%20de%20Fiestas%20Patrias%20de%20Ays%C3%A9n%20incorporar%C3%A1n%20festival%20de%20jineteadas&#038;url=https:\/\/radiorevelacionfm.cl\/?p=45668' aria-hidden='false' data-av_icon='\ue8fc' data-av_iconfont='entypo-fontello' title='' data-avia-related-tooltip='Compartir en LinkedIn' rel=\"noopener\"><span class='avia_hidden_link_text'>Compartir en LinkedIn<\/span><\/a><\/li><li class='av-share-link av-social-link-mail' ><a  aria-label=\"Compartir por correo\" href='mailto:?subject=Parrilla%20program%C3%A1tica%20de%20Fiestas%20Patrias%20de%20Ays%C3%A9n%20incorporar%C3%A1n%20festival%20de%20jineteadas&#038;body=https:\/\/radiorevelacionfm.cl\/?p=45668' aria-hidden='false' data-av_icon='\ue805' data-av_iconfont='entypo-fontello' title='' data-avia-related-tooltip='Compartir por correo'><span class='avia_hidden_link_text'>Compartir por correo<\/span><\/a><\/li><\/ul><\/div><\/div>\n<div  style='height:50px' class='hr hr-invisible   avia-builder-el-8  el_after_av_social_share  el_before_av_comments_list '><span class='hr-inner ' ><span class='hr-inner-style'><\/span><\/span><\/div>\n<div  class='av-buildercomment  av-blog-meta-html-info-disabled av-blog-meta-tag-disabled  '><\/div>\n","protected":false},"excerpt":{"rendered":"","protected":false},"author":1,"featured_media":45669,"comment_status":"open","ping_status":"open","sticky":false,"template":"","format":"standard","meta":{"footnotes":""},"categories":[38],"tags":[],"class_list":["post-45668","post","type-post","status-publish","format-standard","has-post-thumbnail","hentry","category-regional"],"jetpack_featured_media_url":"https:\/\/radiorevelacionfm.cl\/wp-content\/uploads\/2024\/08\/20240827_125639-1_optimized.jpg","_links":{"self":[{"href":"https:\/\/radiorevelacionfm.cl\/index.php?rest_route=\/wp\/v2\/posts\/45668","targetHints":{"allow":["GET"]}}],"collection":[{"href":"https:\/\/radiorevelacionfm.cl\/index.php?rest_route=\/wp\/v2\/posts"}],"about":[{"href":"https:\/\/radiorevelacionfm.cl\/index.php?rest_route=\/wp\/v2\/types\/post"}],"author":[{"embeddable":true,"href":"https:\/\/radiorevelacionfm.cl\/index.php?rest_route=\/wp\/v2\/users\/1"}],"replies":[{"embeddable":true,"href":"https:\/\/radiorevelacionfm.cl\/index.php?rest_route=%2Fwp%2Fv2%2Fcomments&post=45668"}],"version-history":[{"count":1,"href":"https:\/\/radiorevelacionfm.cl\/index.php?rest_route=\/wp\/v2\/posts\/45668\/revisions"}],"predecessor-version":[{"id":45670,"href":"https:\/\/radiorevelacionfm.cl\/index.php?rest_route=\/wp\/v2\/posts\/45668\/revisions\/45670"}],"wp:featuredmedia":[{"embeddable":true,"href":"https:\/\/radiorevelacionfm.cl\/index.php?rest_route=\/wp\/v2\/media\/45669"}],"wp:attachment":[{"href":"https:\/\/radiorevelacionfm.cl\/index.php?rest_route=%2Fwp%2Fv2%2Fmedia&parent=45668"}],"wp:term":[{"taxonomy":"category","embeddable":true,"href":"https:\/\/radiorevelacionfm.cl\/index.php?rest_route=%2Fwp%2Fv2%2Fcategories&post=45668"},{"taxonomy":"post_tag","embeddable":true,"href":"https:\/\/radiorevelacionfm.cl\/index.php?rest_route=%2Fwp%2Fv2%2Ftags&post=45668"}],"curies":[{"name":"wp","href":"https:\/\/api.w.org\/{rel}","templated":true}]}}