{"id":45665,"date":"2024-08-30T20:20:24","date_gmt":"2024-08-30T23:20:24","guid":{"rendered":"https:\/\/radiorevelacionfm.cl\/?p=45665"},"modified":"2024-08-30T20:20:24","modified_gmt":"2024-08-30T23:20:24","slug":"mop-congrego-a-diversos-actores-para-presentar-borrador-del-plan-de-cambio-climatico-para-la-infraestructura","status":"publish","type":"post","link":"https:\/\/radiorevelacionfm.cl\/?p=45665","title":{"rendered":"MOP congreg\u00f3 a diversos actores para presentar borrador del plan de cambio clim\u00e1tico para la infraestructura"},"content":{"rendered":"<div class=\"flex_column av_one_full  flex_column_div av-zero-column-padding first  avia-builder-el-0  el_before_av_one_full  avia-builder-el-first  \" style='border-radius:0px; '><div  class='avia-image-container  av-styling-    avia-builder-el-1  avia-builder-el-no-sibling  avia-align-center '  itemprop=\"image\" itemscope=\"itemscope\" itemtype=\"https:\/\/schema.org\/ImageObject\"  ><div class='avia-image-container-inner'><div class='avia-image-overlay-wrap'><img decoding=\"async\" class='wp-image-45666 avia-img-lazy-loading-not-45666 avia_image' src=\"https:\/\/radiorevelacionfm.cl\/wp-content\/uploads\/2024\/08\/C-13-1-1.jpg\" alt='' title='C-13 (1) (1)' height=\"600\" width=\"900\"  itemprop=\"thumbnailUrl\" srcset=\"https:\/\/radiorevelacionfm.cl\/wp-content\/uploads\/2024\/08\/C-13-1-1.jpg 900w, https:\/\/radiorevelacionfm.cl\/wp-content\/uploads\/2024\/08\/C-13-1-1-300x200.jpg 300w, https:\/\/radiorevelacionfm.cl\/wp-content\/uploads\/2024\/08\/C-13-1-1-768x512.jpg 768w, https:\/\/radiorevelacionfm.cl\/wp-content\/uploads\/2024\/08\/C-13-1-1-705x470.jpg 705w, https:\/\/radiorevelacionfm.cl\/wp-content\/uploads\/2024\/08\/C-13-1-1-450x300.jpg 450w, https:\/\/radiorevelacionfm.cl\/wp-content\/uploads\/2024\/08\/C-13-1-1-600x400.jpg 600w\" sizes=\"(max-width: 900px) 100vw, 900px\" \/><\/div><\/div><\/div><\/div><div class=\"flex_column av_one_full  flex_column_div av-zero-column-padding first  avia-builder-el-2  el_after_av_one_full  el_before_av_one_full  column-top-margin\" style='border-radius:0px; '><section class=\"av_textblock_section \"  itemscope=\"itemscope\" itemtype=\"https:\/\/schema.org\/BlogPosting\" itemprop=\"blogPost\" ><div class='avia_textblock  '   itemprop=\"text\" ><p style=\"text-align: center;\"><strong><span style=\"font-size: 18pt;\">MOP congreg\u00f3 a diversos actores para presentar borrador del plan de cambio clim\u00e1tico para la infraestructura<\/span><\/strong><\/p>\n<div id=\"gtx-trans\" style=\"position: absolute; left: -50px; top: 4.31534px;\">\n<div class=\"gtx-trans-icon\"><\/div>\n<\/div>\n<\/div><\/section><\/div><div class=\"flex_column av_one_full  flex_column_div av-zero-column-padding first  avia-builder-el-4  el_after_av_one_full  el_before_av_hr  column-top-margin\" style='border-radius:0px; '><section class=\"av_textblock_section \"  itemscope=\"itemscope\" itemtype=\"https:\/\/schema.org\/BlogPosting\" itemprop=\"blogPost\" ><div class='avia_textblock  '   itemprop=\"text\" ><p style=\"text-align: justify;\">Representantes del mundo de la construcci\u00f3n, la academia y el sector p\u00fablico de la regi\u00f3n de Ays\u00e9n, participaron en una sesi\u00f3n para conocer y hacer aportes a la propuesta preliminar para actualizar el Plan de Cambio Clim\u00e1tico para la infraestructura y la edificaci\u00f3n p\u00fablica del Ministerio de Obras P\u00fablicas, proceso que contempla 15 consultas de este tipo en todas las regiones del pa\u00eds y que concluye a fines de agosto.<\/p>\n<p style=\"text-align: justify;\">Se trata de la tercera etapa de cinco que establece la Ley Marco de Cambio Clim\u00e1tico para modernizar las estrategias ministeriales en este \u00e1mbito. Previamente, el MOP concret\u00f3 una participaci\u00f3n temprana, que sum\u00f3 contribuciones de los diversos actores interesados, y la elaboraci\u00f3n del anteproyecto del plan, el que ahora est\u00e1 siendo socializado en distintas ciudades de todas las regiones del pa\u00eds.<\/p>\n<p style=\"text-align: justify;\">Al respecto, el Secretario Regional Ministerial de Obras P\u00fablicas (S) Francisco Real Bahamonde expres\u00f3 \u201ceste Plan es clave para enfrentar los efectos del cambio clim\u00e1tico ya que est\u00e1n impactando negativamente en nuestra regi\u00f3n, como la escasez h\u00eddrica y los incendios forestales. Desde el Ministerio de Obras P\u00fablicas estamos avanzando en proyectos concretos que fortalecen nuestra infraestructura como es la ampliaci\u00f3n de los servicios de agua potable en los sectores rurales en zonas vulnerables, la reutilizaci\u00f3n de asfaltos en obras viales para reducir el uso de \u00e1ridos y el dise\u00f1o de obras portuarias sustentables para minimizar la huella de carbono. Adem\u00e1s, estamos desarrollando puntos de posada de helic\u00f3pteros en \u00e1reas estrat\u00e9gicas, mejorando la respuesta ante emergencias y exigiendo la certificaci\u00f3n de edificaciones sustentables en todos los proyectos de la Direcci\u00f3n de Arquitectura. Nuestro compromiso es adaptar la infraestructura para resistir los desaf\u00edos del cambio clim\u00e1tico y garantizar un futuro m\u00e1s seguro y sostenible para toda la comunidad de la regi\u00f3n de Ays\u00e9n y de Chile\u201d.<\/p>\n<p style=\"text-align: justify;\">Entre los asistentes estuvo, el \u00a0Gerente de la Empresa Constructora Vivor, Francisco Villarroel quien coment\u00f3: \u201cAgradecemos un mont\u00f3n estos espacios para poder aportar con nuestros conocimientos o inquietudes a este proceso de cambio clim\u00e1tico y las pol\u00edticas que se puedan adoptar. Como empresa est\u00e1 nuestro compromiso de cumplir con la normativa. Agradecemos la oportunidad y el espacio\u201d<\/p>\n<p style=\"text-align: justify;\">En tanto, Marcela Moreno, representante de la Empresa Constructora regional Santa Carmen se\u00f1al\u00f3: \u201cMe pareci\u00f3 muy interesante este Taller, porque como regi\u00f3n somos reserva de vida, y el cambio clim\u00e1tico nos afecta a todos. Entonces, la idea es preservar la regi\u00f3n como lo que es, una reserva de vida, por lo tanto el taller nos instruy\u00f3 en cuanto a lo que est\u00e1 gestionando el gobierno para mejorar en la construcci\u00f3n todo lo que podamos mejorar, para no seguir contaminando como lo hacemos ahora. Fue un momento de debate y de conversaci\u00f3n en donde se puede concluir que de aqu\u00ed a cinco a\u00f1os plazo vamos a tener soluciones concretas con respecto a qu\u00e9 podemos hacer para solucionar este tema que es importante para la regi\u00f3n y para Chile en realidad\u201d<\/p>\n<p style=\"text-align: justify;\">Ilse Aldea, representante de Serviu regi\u00f3n de Ays\u00e9n se\u00f1al\u00f3 \u201ces s\u00faper importante tener la mirada de todos los servicios y lo que nosotros podamos aportar en esta tem\u00e1tica. Tenemos que ser capaces de cuidar nuestro entorno y como profesional del \u00e1rea de la construcci\u00f3n tenemos que ser capaces de dar soluciones, no tan enfocadas a poder hacerlo con grandes obras civiles; podemos tener soluciones basadas en la naturaleza, porque la naturaleza nos ense\u00f1a mucho referente a eso. Entonces, si logramos hacerlo en este caso, es espectacular. Lo otro importante, es necesario y que nos ayuda es poder vincularnos con otras instituciones y actores que est\u00e9n preocupados de esta problem\u00e1tica, porque esas vinculaciones son necesarias para que podamos trabajar unidos\u201d<\/p>\n<p style=\"text-align: justify;\">Pamela C\u00e1rdenas Seguel, Fiscalizadora de la Municipalidad de Coyhaique tambi\u00e9n particip\u00f3 en el taller, oportunidad en la que expres\u00f3 \u201cMe pareci\u00f3 muy buena la convocatoria, hay distintos actores y es importante que todos nos sentemos a conversar, porque todos estos planes de adaptaci\u00f3n al cambio clim\u00e1tico -en este caso de infraestructura- son una instancia para aportar todas las instituciones para hacer la bajada de los lineamientos que se est\u00e1n presentando hoy d\u00eda y aportar ideas para el logro de los objetivos del Plan de adaptaci\u00f3n\u201d<\/p>\n<p style=\"text-align: justify;\">Una vez consolidados los aportes, el equipo de la Divisi\u00f3n de Infraestructura Sostenible de la Direcci\u00f3n General de Obras P\u00fablicas elaborar\u00e1 el plan definitivo, el que deber\u00e1 ser aprobado por el Consejo de Ministros para la Sustentabilidad.<\/p>\n<p style=\"text-align: justify;\">El objetivo del MOP es adecuar la infraestructura y la edificaci\u00f3n p\u00fablica a los impactos del cambio clim\u00e1tico, para hacerlas resilientes al clima actual y futuro, utilizando procesos constructivos con la m\u00e1s baja emisi\u00f3n de gases que calientan la atm\u00f3sfera y contribuir as\u00ed al compromiso de Chile de alcanzar la carbono neutralidad al 2050.<\/p>\n<p style=\"text-align: justify;\">Entre los desarrollos tangibles en que debiera traducirse el plan actualizado del MOP en este \u00e1mbito, est\u00e1n una red vial resistente a, por ejemplo, la crecida agresiva de caudales en los r\u00edos; la provisi\u00f3n de agua potable a comunidades rurales con soluciones adaptadas a cada territorio; edificaci\u00f3n p\u00fablica certificada en sustentabilidad y aeropuertos eficientes energ\u00e9ticamente; protecci\u00f3n de bordes costeros ante marejadas recurrentes e infraestructura h\u00eddrica resiliente frente a la sequ\u00eda.<\/p>\n<\/div><\/section><\/div><div  style='height:50px' class='hr hr-invisible   avia-builder-el-6  el_after_av_one_full  el_before_av_social_share '><span class='hr-inner ' ><span class='hr-inner-style'><\/span><\/span><\/div><\/p>\n<div  class='av-social-sharing-box  avia-builder-el-7  el_after_av_hr  el_before_av_hr  '><div class='av-share-box'><h5 class='av-share-link-description av-no-toc '>Compartir esta noticia<\/h5><ul class='av-share-box-list noLightbox'><li class='av-share-link av-social-link-facebook' ><a target=\"_blank\" aria-label=\"Compartir en Facebook\" href='https:\/\/www.facebook.com\/sharer.php?u=https:\/\/radiorevelacionfm.cl\/?p=45665&#038;t=MOP%20congreg%C3%B3%20a%20diversos%20actores%20para%20presentar%20borrador%20del%20plan%20de%20cambio%20clim%C3%A1tico%20para%20la%20infraestructura' aria-hidden='false' data-av_icon='\ue8f3' data-av_iconfont='entypo-fontello' title='' data-avia-related-tooltip='Compartir en Facebook' rel=\"noopener\"><span class='avia_hidden_link_text'>Compartir en Facebook<\/span><\/a><\/li><li class='av-share-link av-social-link-twitter' ><a target=\"_blank\" aria-label=\"Compartir en Twitter\" href='https:\/\/twitter.com\/share?text=MOP%20congreg%C3%B3%20a%20diversos%20actores%20para%20presentar%20borrador%20del%20plan%20de%20cambio%20clim%C3%A1tico%20para%20la%20infraestructura&#038;url=https:\/\/radiorevelacionfm.cl\/?p=45665' aria-hidden='false' data-av_icon='\ue8f1' data-av_iconfont='entypo-fontello' title='' data-avia-related-tooltip='Compartir en Twitter' rel=\"noopener\"><span class='avia_hidden_link_text'>Compartir en Twitter<\/span><\/a><\/li><li class='av-share-link av-social-link-whatsapp' ><a target=\"_blank\" aria-label=\"Compartir en Whatsapp\" href='https:\/\/api.whatsapp.com\/send?text=https:\/\/radiorevelacionfm.cl\/?p=45665' aria-hidden='false' data-av_icon='\uf232' data-av_iconfont='entypo-fontello' title='' data-avia-related-tooltip='Compartir en Whatsapp' rel=\"noopener\"><span class='avia_hidden_link_text'>Compartir en Whatsapp<\/span><\/a><\/li><li class='av-share-link av-social-link-linkedin' ><a target=\"_blank\" aria-label=\"Compartir en LinkedIn\" href='https:\/\/linkedin.com\/shareArticle?mini=true&#038;title=MOP%20congreg%C3%B3%20a%20diversos%20actores%20para%20presentar%20borrador%20del%20plan%20de%20cambio%20clim%C3%A1tico%20para%20la%20infraestructura&#038;url=https:\/\/radiorevelacionfm.cl\/?p=45665' aria-hidden='false' data-av_icon='\ue8fc' data-av_iconfont='entypo-fontello' title='' data-avia-related-tooltip='Compartir en LinkedIn' rel=\"noopener\"><span class='avia_hidden_link_text'>Compartir en LinkedIn<\/span><\/a><\/li><li class='av-share-link av-social-link-mail' ><a  aria-label=\"Compartir por correo\" href='mailto:?subject=MOP%20congreg%C3%B3%20a%20diversos%20actores%20para%20presentar%20borrador%20del%20plan%20de%20cambio%20clim%C3%A1tico%20para%20la%20infraestructura&#038;body=https:\/\/radiorevelacionfm.cl\/?p=45665' aria-hidden='false' data-av_icon='\ue805' data-av_iconfont='entypo-fontello' title='' data-avia-related-tooltip='Compartir por correo'><span class='avia_hidden_link_text'>Compartir por correo<\/span><\/a><\/li><\/ul><\/div><\/div>\n<div  style='height:50px' class='hr hr-invisible   avia-builder-el-8  el_after_av_social_share  el_before_av_comments_list '><span class='hr-inner ' ><span class='hr-inner-style'><\/span><\/span><\/div>\n<div  class='av-buildercomment  av-blog-meta-html-info-disabled av-blog-meta-tag-disabled  '><\/div>\n","protected":false},"excerpt":{"rendered":"","protected":false},"author":1,"featured_media":45666,"comment_status":"open","ping_status":"open","sticky":false,"template":"","format":"standard","meta":{"footnotes":""},"categories":[38],"tags":[],"class_list":["post-45665","post","type-post","status-publish","format-standard","has-post-thumbnail","hentry","category-regional"],"jetpack_featured_media_url":"https:\/\/radiorevelacionfm.cl\/wp-content\/uploads\/2024\/08\/C-13-1-1.jpg","_links":{"self":[{"href":"https:\/\/radiorevelacionfm.cl\/index.php?rest_route=\/wp\/v2\/posts\/45665","targetHints":{"allow":["GET"]}}],"collection":[{"href":"https:\/\/radiorevelacionfm.cl\/index.php?rest_route=\/wp\/v2\/posts"}],"about":[{"href":"https:\/\/radiorevelacionfm.cl\/index.php?rest_route=\/wp\/v2\/types\/post"}],"author":[{"embeddable":true,"href":"https:\/\/radiorevelacionfm.cl\/index.php?rest_route=\/wp\/v2\/users\/1"}],"replies":[{"embeddable":true,"href":"https:\/\/radiorevelacionfm.cl\/index.php?rest_route=%2Fwp%2Fv2%2Fcomments&post=45665"}],"version-history":[{"count":1,"href":"https:\/\/radiorevelacionfm.cl\/index.php?rest_route=\/wp\/v2\/posts\/45665\/revisions"}],"predecessor-version":[{"id":45667,"href":"https:\/\/radiorevelacionfm.cl\/index.php?rest_route=\/wp\/v2\/posts\/45665\/revisions\/45667"}],"wp:featuredmedia":[{"embeddable":true,"href":"https:\/\/radiorevelacionfm.cl\/index.php?rest_route=\/wp\/v2\/media\/45666"}],"wp:attachment":[{"href":"https:\/\/radiorevelacionfm.cl\/index.php?rest_route=%2Fwp%2Fv2%2Fmedia&parent=45665"}],"wp:term":[{"taxonomy":"category","embeddable":true,"href":"https:\/\/radiorevelacionfm.cl\/index.php?rest_route=%2Fwp%2Fv2%2Fcategories&post=45665"},{"taxonomy":"post_tag","embeddable":true,"href":"https:\/\/radiorevelacionfm.cl\/index.php?rest_route=%2Fwp%2Fv2%2Ftags&post=45665"}],"curies":[{"name":"wp","href":"https:\/\/api.w.org\/{rel}","templated":true}]}}