{"id":45662,"date":"2024-08-30T11:30:21","date_gmt":"2024-08-30T14:30:21","guid":{"rendered":"https:\/\/radiorevelacionfm.cl\/?p=45662"},"modified":"2024-08-30T11:30:21","modified_gmt":"2024-08-30T14:30:21","slug":"jardin-infantil-aysen-chiquito-se-suma-al-programa-piloto-de-reciclaje-en-puerto-aysen","status":"publish","type":"post","link":"https:\/\/radiorevelacionfm.cl\/?p=45662","title":{"rendered":"Jard\u00edn Infantil Ays\u00e9n Chiquito se suma al programa piloto de reciclaje en Puerto Ays\u00e9n"},"content":{"rendered":"<div class=\"flex_column av_one_full  flex_column_div av-zero-column-padding first  avia-builder-el-0  el_before_av_one_full  avia-builder-el-first  \" style='border-radius:0px; '><div  class='avia-image-container  av-styling-    avia-builder-el-1  avia-builder-el-no-sibling  avia-align-center '  itemprop=\"image\" itemscope=\"itemscope\" itemtype=\"https:\/\/schema.org\/ImageObject\"  ><div class='avia-image-container-inner'><div class='avia-image-overlay-wrap'><img decoding=\"async\" class='wp-image-45663 avia-img-lazy-loading-not-45663 avia_image' src=\"https:\/\/radiorevelacionfm.cl\/wp-content\/uploads\/2024\/08\/aysenchiqui-bh2-1_optimized-1.jpg\" alt='' title='aysenchiqui-bh2-(1)_optimized (1)' height=\"600\" width=\"1066\"  itemprop=\"thumbnailUrl\" srcset=\"https:\/\/radiorevelacionfm.cl\/wp-content\/uploads\/2024\/08\/aysenchiqui-bh2-1_optimized-1.jpg 1066w, https:\/\/radiorevelacionfm.cl\/wp-content\/uploads\/2024\/08\/aysenchiqui-bh2-1_optimized-1-300x169.jpg 300w, https:\/\/radiorevelacionfm.cl\/wp-content\/uploads\/2024\/08\/aysenchiqui-bh2-1_optimized-1-1030x580.jpg 1030w, https:\/\/radiorevelacionfm.cl\/wp-content\/uploads\/2024\/08\/aysenchiqui-bh2-1_optimized-1-768x432.jpg 768w, https:\/\/radiorevelacionfm.cl\/wp-content\/uploads\/2024\/08\/aysenchiqui-bh2-1_optimized-1-705x397.jpg 705w, https:\/\/radiorevelacionfm.cl\/wp-content\/uploads\/2024\/08\/aysenchiqui-bh2-1_optimized-1-450x253.jpg 450w, https:\/\/radiorevelacionfm.cl\/wp-content\/uploads\/2024\/08\/aysenchiqui-bh2-1_optimized-1-600x338.jpg 600w\" sizes=\"(max-width: 1066px) 100vw, 1066px\" \/><\/div><\/div><\/div><\/div><div class=\"flex_column av_one_full  flex_column_div av-zero-column-padding first  avia-builder-el-2  el_after_av_one_full  el_before_av_one_full  column-top-margin\" style='border-radius:0px; '><section class=\"av_textblock_section \"  itemscope=\"itemscope\" itemtype=\"https:\/\/schema.org\/BlogPosting\" itemprop=\"blogPost\" ><div class='avia_textblock  '   itemprop=\"text\" ><p style=\"text-align: center;\"><strong><span style=\"font-size: 18pt;\">Jard\u00edn Infantil Ays\u00e9n Chiquito se suma al programa piloto de reciclaje en Puerto Ays\u00e9n<\/span><\/strong><\/p>\n<div id=\"gtx-trans\" style=\"position: absolute; left: -50px; top: 4.31534px;\">\n<div class=\"gtx-trans-icon\"><\/div>\n<\/div>\n<\/div><\/section><\/div><div class=\"flex_column av_one_full  flex_column_div av-zero-column-padding first  avia-builder-el-4  el_after_av_one_full  el_before_av_hr  column-top-margin\" style='border-radius:0px; '><section class=\"av_textblock_section \"  itemscope=\"itemscope\" itemtype=\"https:\/\/schema.org\/BlogPosting\" itemprop=\"blogPost\" ><div class='avia_textblock  '   itemprop=\"text\" ><p style=\"text-align: justify;\"><em>El emblem\u00e1tico establecimiento busca fortalecer su componente educativo con esta vinculaci\u00f3n p\u00fablico \u2013 privada.<\/em><\/p>\n<p style=\"text-align: justify;\">Con el objetivo de fortalecer los procesos formativos y reforzar la ense\u00f1anza que reciben los infantes de su comunidad educativa, el Jard\u00edn Ays\u00e9n Chiquito de Puerto Ays\u00e9n se sum\u00f3 a la cruzada ambiental que ha liderado durante todo el a\u00f1o 2024 Empresas Bahamonde. De esta forma, los ni\u00f1os y ni\u00f1as se incorporar\u00e1n a las acciones de Vinculaci\u00f3n con el Medio que lleva adelante la empresa aysenina. La firma de acuerdo estuvo marcada por el baile y canto junto a \u201cEmba\u201d la monita del monte que personifica la nueva etapa que vive la compa\u00f1\u00eda local.<\/p>\n<p style=\"text-align: justify;\">De esta manera, el establecimiento emplazado en calle Ma\u00f1ihuales cuenta ahora con sus respectivos contenedores para las pilas en desuso (en alianza con Edelaysen), las tapitas pl\u00e1sticas (junto a las damas de caf\u00e9) y pr\u00f3ximamente nuevos receptores para las botellas y cartones.<\/p>\n<p style=\"text-align: justify;\">Sobre la nueva acci\u00f3n ambiental, Daniela Garriga Leiva, encargada de Vinculaci\u00f3n con el Medio de Empresas Bahamonde destac\u00f3 que \u201ccontinuamos sumando nuevas instituciones a nuestro programa de reciclaje domiciliario. En esta ocasi\u00f3n se une el Jard\u00edn Aysen Chiquito. Quienes adem\u00e1s de tener una muy buena disposici\u00f3n, cantaron y bailaron junto a nuestro corp\u00f3reo EMBA, que es una monita del monte. Ella es un elemento fundamental para poder incentivar a nuestras nuevas generaciones con todo lo relacionado al reciclaje domiciliario. Agradecemos esta uni\u00f3n que viene a favorecer el cuidado del medio ambiente en nuestra comuna\u201d.<\/p>\n<p style=\"text-align: justify;\">En tanto, Bernardita Mario Cheuqueman, educadora del Jard\u00edn Ays\u00e9n Chiquito, enfatiz\u00f3 en que desde el establecimiento buscan fortalecer su sello ambiental incorporando a las familias en el proceso \u201cde esa manera podemos, ense\u00f1arles a ellos tambi\u00e9n que, reutilizando, reciclando, podemos cuidar lo que nosotros tenemos hoy en d\u00eda, lo hermoso que nos rodea de nuestra comuna, lo verde que tenemos\u201d.<\/p>\n<p style=\"text-align: justify;\">Respecto a c\u00f3mo surgi\u00f3 la uni\u00f3n entre las instituciones Mario detall\u00f3 que se origin\u00f3 por medio de las distintas acciones que se han expuesto p\u00fablicamente \u201cnosotros vimos en las redes sociales. Nos pudimos comunicar con Daniela Garriga, quien nos atendi\u00f3 muy amablemente desde el primer momento. Y de ah\u00ed ya fue todo m\u00e1s expedito. Hablamos de c\u00f3mo se pod\u00eda organizar todo para que la empresa pudiera venir al jard\u00edn a hacernos una visita\u201d, sentenci\u00f3 la educadora aysenina.<\/p>\n<\/div><\/section><\/div><div  style='height:50px' class='hr hr-invisible   avia-builder-el-6  el_after_av_one_full  el_before_av_social_share '><span class='hr-inner ' ><span class='hr-inner-style'><\/span><\/span><\/div><\/p>\n<div  class='av-social-sharing-box  avia-builder-el-7  el_after_av_hr  el_before_av_hr  '><div class='av-share-box'><h5 class='av-share-link-description av-no-toc '>Compartir esta noticia<\/h5><ul class='av-share-box-list noLightbox'><li class='av-share-link av-social-link-facebook' ><a target=\"_blank\" aria-label=\"Compartir en Facebook\" href='https:\/\/www.facebook.com\/sharer.php?u=https:\/\/radiorevelacionfm.cl\/?p=45662&#038;t=Jard%C3%ADn%20Infantil%20Ays%C3%A9n%20Chiquito%20se%20suma%20al%20programa%20piloto%20de%20reciclaje%20en%20Puerto%20Ays%C3%A9n' aria-hidden='false' data-av_icon='\ue8f3' data-av_iconfont='entypo-fontello' title='' data-avia-related-tooltip='Compartir en Facebook' rel=\"noopener\"><span class='avia_hidden_link_text'>Compartir en Facebook<\/span><\/a><\/li><li class='av-share-link av-social-link-twitter' ><a target=\"_blank\" aria-label=\"Compartir en Twitter\" href='https:\/\/twitter.com\/share?text=Jard%C3%ADn%20Infantil%20Ays%C3%A9n%20Chiquito%20se%20suma%20al%20programa%20piloto%20de%20reciclaje%20en%20Puerto%20Ays%C3%A9n&#038;url=https:\/\/radiorevelacionfm.cl\/?p=45662' aria-hidden='false' data-av_icon='\ue8f1' data-av_iconfont='entypo-fontello' title='' data-avia-related-tooltip='Compartir en Twitter' rel=\"noopener\"><span class='avia_hidden_link_text'>Compartir en Twitter<\/span><\/a><\/li><li class='av-share-link av-social-link-whatsapp' ><a target=\"_blank\" aria-label=\"Compartir en Whatsapp\" href='https:\/\/api.whatsapp.com\/send?text=https:\/\/radiorevelacionfm.cl\/?p=45662' aria-hidden='false' data-av_icon='\uf232' data-av_iconfont='entypo-fontello' title='' data-avia-related-tooltip='Compartir en Whatsapp' rel=\"noopener\"><span class='avia_hidden_link_text'>Compartir en Whatsapp<\/span><\/a><\/li><li class='av-share-link av-social-link-linkedin' ><a target=\"_blank\" aria-label=\"Compartir en LinkedIn\" href='https:\/\/linkedin.com\/shareArticle?mini=true&#038;title=Jard%C3%ADn%20Infantil%20Ays%C3%A9n%20Chiquito%20se%20suma%20al%20programa%20piloto%20de%20reciclaje%20en%20Puerto%20Ays%C3%A9n&#038;url=https:\/\/radiorevelacionfm.cl\/?p=45662' aria-hidden='false' data-av_icon='\ue8fc' data-av_iconfont='entypo-fontello' title='' data-avia-related-tooltip='Compartir en LinkedIn' rel=\"noopener\"><span class='avia_hidden_link_text'>Compartir en LinkedIn<\/span><\/a><\/li><li class='av-share-link av-social-link-mail' ><a  aria-label=\"Compartir por correo\" href='mailto:?subject=Jard%C3%ADn%20Infantil%20Ays%C3%A9n%20Chiquito%20se%20suma%20al%20programa%20piloto%20de%20reciclaje%20en%20Puerto%20Ays%C3%A9n&#038;body=https:\/\/radiorevelacionfm.cl\/?p=45662' aria-hidden='false' data-av_icon='\ue805' data-av_iconfont='entypo-fontello' title='' data-avia-related-tooltip='Compartir por correo'><span class='avia_hidden_link_text'>Compartir por correo<\/span><\/a><\/li><\/ul><\/div><\/div>\n<div  style='height:50px' class='hr hr-invisible   avia-builder-el-8  el_after_av_social_share  el_before_av_comments_list '><span class='hr-inner ' ><span class='hr-inner-style'><\/span><\/span><\/div>\n<div  class='av-buildercomment  av-blog-meta-html-info-disabled av-blog-meta-tag-disabled  '><\/div>\n","protected":false},"excerpt":{"rendered":"","protected":false},"author":1,"featured_media":45663,"comment_status":"open","ping_status":"open","sticky":false,"template":"","format":"standard","meta":{"footnotes":""},"categories":[38],"tags":[],"class_list":["post-45662","post","type-post","status-publish","format-standard","has-post-thumbnail","hentry","category-regional"],"jetpack_featured_media_url":"https:\/\/radiorevelacionfm.cl\/wp-content\/uploads\/2024\/08\/aysenchiqui-bh2-1_optimized-1.jpg","_links":{"self":[{"href":"https:\/\/radiorevelacionfm.cl\/index.php?rest_route=\/wp\/v2\/posts\/45662","targetHints":{"allow":["GET"]}}],"collection":[{"href":"https:\/\/radiorevelacionfm.cl\/index.php?rest_route=\/wp\/v2\/posts"}],"about":[{"href":"https:\/\/radiorevelacionfm.cl\/index.php?rest_route=\/wp\/v2\/types\/post"}],"author":[{"embeddable":true,"href":"https:\/\/radiorevelacionfm.cl\/index.php?rest_route=\/wp\/v2\/users\/1"}],"replies":[{"embeddable":true,"href":"https:\/\/radiorevelacionfm.cl\/index.php?rest_route=%2Fwp%2Fv2%2Fcomments&post=45662"}],"version-history":[{"count":1,"href":"https:\/\/radiorevelacionfm.cl\/index.php?rest_route=\/wp\/v2\/posts\/45662\/revisions"}],"predecessor-version":[{"id":45664,"href":"https:\/\/radiorevelacionfm.cl\/index.php?rest_route=\/wp\/v2\/posts\/45662\/revisions\/45664"}],"wp:featuredmedia":[{"embeddable":true,"href":"https:\/\/radiorevelacionfm.cl\/index.php?rest_route=\/wp\/v2\/media\/45663"}],"wp:attachment":[{"href":"https:\/\/radiorevelacionfm.cl\/index.php?rest_route=%2Fwp%2Fv2%2Fmedia&parent=45662"}],"wp:term":[{"taxonomy":"category","embeddable":true,"href":"https:\/\/radiorevelacionfm.cl\/index.php?rest_route=%2Fwp%2Fv2%2Fcategories&post=45662"},{"taxonomy":"post_tag","embeddable":true,"href":"https:\/\/radiorevelacionfm.cl\/index.php?rest_route=%2Fwp%2Fv2%2Ftags&post=45662"}],"curies":[{"name":"wp","href":"https:\/\/api.w.org\/{rel}","templated":true}]}}