{"id":4566,"date":"2021-05-27T12:09:17","date_gmt":"2021-05-27T15:09:17","guid":{"rendered":"https:\/\/radiorevelacionfm.cl\/?p=4566"},"modified":"2021-05-27T12:09:17","modified_gmt":"2021-05-27T15:09:17","slug":"investigadores-regionales-lanzan-libro-turismo-sustentable-y-areas-silvestres-en-patagonia","status":"publish","type":"post","link":"https:\/\/radiorevelacionfm.cl\/?p=4566","title":{"rendered":"Investigadores regionales lanzan libro \u201cTurismo Sustentable y \u00c1reas Silvestres en Patagonia\u201d"},"content":{"rendered":"<div class=\"flex_column av_one_full  flex_column_div av-zero-column-padding first  avia-builder-el-0  el_before_av_one_full  avia-builder-el-first  \" style='border-radius:0px; '><div  class='avia-image-container  av-styling-    avia-builder-el-1  avia-builder-el-no-sibling  avia-align-center '  itemprop=\"image\" itemscope=\"itemscope\" itemtype=\"https:\/\/schema.org\/ImageObject\"  ><div class='avia-image-container-inner'><div class='avia-image-overlay-wrap'><img decoding=\"async\" class='wp-image-0 avia-img-lazy-loading-not-0 avia_image' src=\"https:\/\/radiorevelacionfm.cl\/wp-content\/uploads\/2021\/05\/portada-libro-asp-1-1_optimized.png\" alt='' title=''   itemprop=\"thumbnailUrl\"  \/><\/div><\/div><\/div><\/div>\n<div class=\"flex_column av_one_full  flex_column_div av-zero-column-padding first  avia-builder-el-2  el_after_av_one_full  el_before_av_one_full  column-top-margin\" style='border-radius:0px; '><section class=\"av_textblock_section \"  itemscope=\"itemscope\" itemtype=\"https:\/\/schema.org\/BlogPosting\" itemprop=\"blogPost\" ><div class='avia_textblock  '   itemprop=\"text\" ><p style=\"text-align: center;\"><strong><span style=\"font-size: 18pt;\">Investigadores regionales lanzan libro \u201cTurismo Sustentable y \u00c1reas Silvestres en Patagonia\u201d<\/span><\/strong><\/p>\n<div id=\"gtx-trans\" style=\"position: absolute; left: -50px; top: 4.31534px;\">\n<div class=\"gtx-trans-icon\"><\/div>\n<\/div>\n<\/div><\/section><\/div>\n<div class=\"flex_column av_one_full  flex_column_div av-zero-column-padding first  avia-builder-el-4  el_after_av_one_full  el_before_av_hr  column-top-margin\" style='border-radius:0px; '><section class=\"av_textblock_section \"  itemscope=\"itemscope\" itemtype=\"https:\/\/schema.org\/BlogPosting\" itemprop=\"blogPost\" ><div class='avia_textblock  '   itemprop=\"text\" ><p style=\"text-align: justify;\">Esta semana se realiz\u00f3 el lanzamiento del libro \u201cTurismo Sustentable y \u00c1reas Silvestres en Patagonia\u201d, como resultado del proyecto implementado por un equipo de investigadores del Campus Patagonia UACh, \u201cDise\u00f1o y Puesta en Marcha del Sistema de Gesti\u00f3n Tur\u00edstica de las \u00c1reas Silvestres Protegidas de la regi\u00f3n de Ays\u00e9n\u201d, apoyado por\u00a0Corfo,\u00a0a trav\u00e9s de su programa\u00a0Bienes P\u00fablicos\u00a0para la Competitividad Regional, mandatado por CONAF y enmarcado en la hoja de ruta del Programa Estrat\u00e9gico de Turismo, PER Turismo Ays\u00e9n.<\/p>\n<p style=\"text-align: justify;\">La iniciativa tuvo por objetivo dise\u00f1ar y poner en marcha un sistema de gesti\u00f3n tur\u00edstica de \u00c1reas Silvestres Protegidas (ASP) de Ays\u00e9n, para mejorar el servicio de este sector productivo a visitantes y las condiciones de coordinaci\u00f3n y gesti\u00f3n en estas \u00e1reas para el turismo sustentable, la dinamizaci\u00f3n de las econom\u00edas locales y la conservaci\u00f3n del patrimonio natural. Bajo este contexto se realizaron una serie de encuentros y talleres para crear un \u00e1rea piloto en el Parque Nacional Cerro Castillo, lo que dio paso a que en el mes de julio de 2019, se constituyera un Consejo Local de Turismo, espacio de articulaci\u00f3n p\u00fablico \u2013 privada que colabora con CONAF en la gesti\u00f3n tur\u00edstica del parque y su comunidad aleda\u00f1a, bajo un enfoque de sustentabilidad y desarrollo local. Tambi\u00e9n, pretende ser un espacio de toma de decisiones y de trabajo conjunto entre la comunidad y el parque para crear un sentido de pertenencia y oportunidades en torno al desarrollo tur\u00edstico del \u00e1rea.<\/p>\n<p style=\"text-align: justify;\">Jaqueline Boldt, Ge\u00f3grafa y co-autora del libro destac\u00f3 que \u201cpara m\u00ed fue una experiencia de trabajo potente, porque era un proyecto de trabajo concreto donde se pod\u00eda hacer geograf\u00eda y trabajar en equipo con profesionales que tienen trayectoria en el desarrollo de conocimientos y tambi\u00e9n en la transferencias de \u00e9stos. Los profesionales del equipo estaban todos vinculados a los estudios del territorio y del turismo, y a la experiencia de ciencias aplicadas\u201d.<\/p>\n<p style=\"text-align: justify;\">Adem\u00e1s la profesional se\u00f1al\u00f3 que \u201ceste libro fue un esfuerzo que busc\u00f3 concretar ciertas bases y proponer un modelo de gesti\u00f3n para el turismo y las \u00c1reas Silvestres Protegidas de Ays\u00e9n y lo bueno, es que es replicable. Entonces, alguien de otra regi\u00f3n podr\u00eda estudiar este modelo y replicarlo en su territorio. Est\u00e1 hecho en base a la realidad local y regional y en eso fuimos muy cuidadosos, porque gran parte del equipo est\u00e1 en la regi\u00f3n de Ays\u00e9n, ejecutado desde el Campus Patagonia.\u201d<\/p>\n<p style=\"text-align: justify;\">Por su parte, el director de Corfo Ays\u00e9n, Omar Mu\u00f1oz, \u00a0indic\u00f3 que \u201ccomo CORFO valoramos el trabajo desarrollado por el equipo del Campus Patagonia de la Universidad Austral de Chile, que est\u00e1 enmarcado en la hoja de ruta del Programa Estrat\u00e9gico de Turismo, PER Turismo Ays\u00e9n; \u00e9ste es el resultado de una tarea colaborativa en que se sumaron diferentes actores del sector p\u00fablico y privado, vinculados al turismo sustentable, quienes a trav\u00e9s de este Bien P\u00fablico nos presentan un modelo que esperamos sirva de referente, no solo a nivel local, sino que tambi\u00e9n nacional e internacional, de c\u00f3mo articular la gesti\u00f3n tur\u00edstica con la conservaci\u00f3n y el desarrollo social, econ\u00f3mico y cultural de las comunidades locales aleda\u00f1as. M\u00e1s del 50% de nuestro territorio regional est\u00e1 conformado por ASP y por ello es relevante definir l\u00edneas de acci\u00f3n para mejorar el servicio ofrecido a los visitantes y las condiciones de coordinaci\u00f3n y gesti\u00f3n en estas \u00e1reas, para el turismo sustentable, la dinamizaci\u00f3n de las econom\u00edas locales y la conservaci\u00f3n del patrimonio natural.\u201d<\/p>\n<p style=\"text-align: justify;\">Durante la actividad de lanzamiento del libro, los autores y autoras mencionaron que es un texto de f\u00e1cil comprensi\u00f3n, ya que aporta a la toma de decisiones m\u00e1s que a la creaci\u00f3n de nuevos pensamientos. Para Jacqueline Boldt la importancia de la vinculaci\u00f3n que tiene la academia con el mundo p\u00fablico y privado en este proyecto es necesaria porque \u201clo que hace el modelo de gesti\u00f3n es ordenar todas las capacidades locales e institucionales que existen ya en el territorio y se apoya con una comprensi\u00f3n conceptual de todo lo que se sabe de c\u00f3mo hacer el turismo sustentable, de como gestionar las ASP, entonces lo que se hace en el fondo es ordenar la informaci\u00f3n y aplicarla a una realidad concreta para poder obtener este modelo de turismo en ASP\u201d.<\/p>\n<p style=\"text-align: justify;\">Finalmente, el director (s) del Campus Patagonia, profesor Mario Brito se\u00f1al\u00f3 que \u201cla presentaci\u00f3n del libro es muy relevante para la Universidad Austral de Chile y en particular para el Campus Patagonia, porque corresponde a un producto acad\u00e9mico que constituye un aporte concreto al conocimiento en materias de desarrollo tur\u00edstico y sustentable en entornos naturales como lo es Ays\u00e9n, esperamos que sea material de consulta para operadores tur\u00edsticos del territorio, para usuarios de ASP y para estudiantes del \u00e1rea. Solo nos resta agradecer a Corfo, a la Conaf, al Gobierno Regional que permiti\u00f3 financiar estas iniciativas, a profesionales, operadores tur\u00edsticos que aportaron con sus experiencias y visiones y por supuesto a los investigadores que analizaron y sistematizaron la informaci\u00f3n contenida en esta publicaci\u00f3n.\u201d<\/p>\n<\/div><\/section><\/div><div  style='height:50px' class='hr hr-invisible   avia-builder-el-6  el_after_av_one_full  el_before_av_social_share '><span class='hr-inner ' ><span class='hr-inner-style'><\/span><\/span><\/div><\/p>\n<div  class='av-social-sharing-box  avia-builder-el-7  el_after_av_hr  el_before_av_hr  '><div class='av-share-box'><h5 class='av-share-link-description av-no-toc '>Compartir esta noticia<\/h5><ul class='av-share-box-list noLightbox'><li class='av-share-link av-social-link-facebook' ><a target=\"_blank\" aria-label=\"Compartir en Facebook\" href='https:\/\/www.facebook.com\/sharer.php?u=https:\/\/radiorevelacionfm.cl\/?p=4566&#038;t=Investigadores%20regionales%20lanzan%20libro%20%E2%80%9CTurismo%20Sustentable%20y%20%C3%81reas%20Silvestres%20en%20Patagonia%E2%80%9D' aria-hidden='false' data-av_icon='\ue8f3' data-av_iconfont='entypo-fontello' title='' data-avia-related-tooltip='Compartir en Facebook' rel=\"noopener\"><span class='avia_hidden_link_text'>Compartir en Facebook<\/span><\/a><\/li><li class='av-share-link av-social-link-twitter' ><a target=\"_blank\" aria-label=\"Compartir en Twitter\" href='https:\/\/twitter.com\/share?text=Investigadores%20regionales%20lanzan%20libro%20%E2%80%9CTurismo%20Sustentable%20y%20%C3%81reas%20Silvestres%20en%20Patagonia%E2%80%9D&#038;url=https:\/\/radiorevelacionfm.cl\/?p=4566' aria-hidden='false' data-av_icon='\ue8f1' data-av_iconfont='entypo-fontello' title='' data-avia-related-tooltip='Compartir en Twitter' rel=\"noopener\"><span class='avia_hidden_link_text'>Compartir en Twitter<\/span><\/a><\/li><li class='av-share-link av-social-link-whatsapp' ><a target=\"_blank\" aria-label=\"Compartir en Whatsapp\" href='https:\/\/api.whatsapp.com\/send?text=https:\/\/radiorevelacionfm.cl\/?p=4566' aria-hidden='false' data-av_icon='\uf232' data-av_iconfont='entypo-fontello' title='' data-avia-related-tooltip='Compartir en Whatsapp' rel=\"noopener\"><span class='avia_hidden_link_text'>Compartir en Whatsapp<\/span><\/a><\/li><li class='av-share-link av-social-link-linkedin' ><a target=\"_blank\" aria-label=\"Compartir en LinkedIn\" href='https:\/\/linkedin.com\/shareArticle?mini=true&#038;title=Investigadores%20regionales%20lanzan%20libro%20%E2%80%9CTurismo%20Sustentable%20y%20%C3%81reas%20Silvestres%20en%20Patagonia%E2%80%9D&#038;url=https:\/\/radiorevelacionfm.cl\/?p=4566' aria-hidden='false' data-av_icon='\ue8fc' data-av_iconfont='entypo-fontello' title='' data-avia-related-tooltip='Compartir en LinkedIn' rel=\"noopener\"><span class='avia_hidden_link_text'>Compartir en LinkedIn<\/span><\/a><\/li><li class='av-share-link av-social-link-mail' ><a  aria-label=\"Compartir por correo\" href='mailto:?subject=Investigadores%20regionales%20lanzan%20libro%20%E2%80%9CTurismo%20Sustentable%20y%20%C3%81reas%20Silvestres%20en%20Patagonia%E2%80%9D&#038;body=https:\/\/radiorevelacionfm.cl\/?p=4566' aria-hidden='false' data-av_icon='\ue805' data-av_iconfont='entypo-fontello' title='' data-avia-related-tooltip='Compartir por correo'><span class='avia_hidden_link_text'>Compartir por correo<\/span><\/a><\/li><\/ul><\/div><\/div>\n<div  style='height:50px' class='hr hr-invisible   avia-builder-el-8  el_after_av_social_share  el_before_av_comments_list '><span class='hr-inner ' ><span class='hr-inner-style'><\/span><\/span><\/div>\n<div  class='av-buildercomment  av-blog-meta-html-info-disabled av-blog-meta-tag-disabled  '><\/div>\n","protected":false},"excerpt":{"rendered":"","protected":false},"author":1,"featured_media":0,"comment_status":"open","ping_status":"open","sticky":false,"template":"","format":"standard","meta":{"footnotes":""},"categories":[49],"tags":[],"class_list":["post-4566","post","type-post","status-publish","format-standard","hentry","category-educacion"],"jetpack_featured_media_url":"","_links":{"self":[{"href":"https:\/\/radiorevelacionfm.cl\/index.php?rest_route=\/wp\/v2\/posts\/4566","targetHints":{"allow":["GET"]}}],"collection":[{"href":"https:\/\/radiorevelacionfm.cl\/index.php?rest_route=\/wp\/v2\/posts"}],"about":[{"href":"https:\/\/radiorevelacionfm.cl\/index.php?rest_route=\/wp\/v2\/types\/post"}],"author":[{"embeddable":true,"href":"https:\/\/radiorevelacionfm.cl\/index.php?rest_route=\/wp\/v2\/users\/1"}],"replies":[{"embeddable":true,"href":"https:\/\/radiorevelacionfm.cl\/index.php?rest_route=%2Fwp%2Fv2%2Fcomments&post=4566"}],"version-history":[{"count":2,"href":"https:\/\/radiorevelacionfm.cl\/index.php?rest_route=\/wp\/v2\/posts\/4566\/revisions"}],"predecessor-version":[{"id":4572,"href":"https:\/\/radiorevelacionfm.cl\/index.php?rest_route=\/wp\/v2\/posts\/4566\/revisions\/4572"}],"wp:attachment":[{"href":"https:\/\/radiorevelacionfm.cl\/index.php?rest_route=%2Fwp%2Fv2%2Fmedia&parent=4566"}],"wp:term":[{"taxonomy":"category","embeddable":true,"href":"https:\/\/radiorevelacionfm.cl\/index.php?rest_route=%2Fwp%2Fv2%2Fcategories&post=4566"},{"taxonomy":"post_tag","embeddable":true,"href":"https:\/\/radiorevelacionfm.cl\/index.php?rest_route=%2Fwp%2Fv2%2Ftags&post=4566"}],"curies":[{"name":"wp","href":"https:\/\/api.w.org\/{rel}","templated":true}]}}