{"id":45659,"date":"2024-08-31T12:57:48","date_gmt":"2024-08-31T15:57:48","guid":{"rendered":"https:\/\/radiorevelacionfm.cl\/?p=45659"},"modified":"2024-08-31T12:57:48","modified_gmt":"2024-08-31T15:57:48","slug":"proponen-al-ministerio-de-energia-desarrollar-proyecto-de-energia-solar-comunitaria-en-coyhaique","status":"publish","type":"post","link":"https:\/\/radiorevelacionfm.cl\/?p=45659","title":{"rendered":"Proponen al Ministerio de Energ\u00eda desarrollar proyecto de energ\u00eda solar comunitaria en Coyhaique"},"content":{"rendered":"<div class=\"flex_column av_one_full  flex_column_div av-zero-column-padding first  avia-builder-el-0  el_before_av_one_full  avia-builder-el-first  \" style='border-radius:0px; '><div  class='avia-image-container  av-styling-    avia-builder-el-1  avia-builder-el-no-sibling  avia-align-center '  itemprop=\"image\" itemscope=\"itemscope\" itemtype=\"https:\/\/schema.org\/ImageObject\"  ><div class='avia-image-container-inner'><div class='avia-image-overlay-wrap'><img decoding=\"async\" class='wp-image-6422 avia-img-lazy-loading-not-6422 avia_image' src=\"https:\/\/radiorevelacionfm.cl\/wp-content\/uploads\/2021\/07\/casasolar2-1_optimized.jpeg\" alt='' title='casasolar2-(1)_optimized' height=\"600\" width=\"900\"  itemprop=\"thumbnailUrl\" srcset=\"https:\/\/radiorevelacionfm.cl\/wp-content\/uploads\/2021\/07\/casasolar2-1_optimized.jpeg 900w, https:\/\/radiorevelacionfm.cl\/wp-content\/uploads\/2021\/07\/casasolar2-1_optimized-300x200.jpeg 300w, https:\/\/radiorevelacionfm.cl\/wp-content\/uploads\/2021\/07\/casasolar2-1_optimized-768x512.jpeg 768w, https:\/\/radiorevelacionfm.cl\/wp-content\/uploads\/2021\/07\/casasolar2-1_optimized-705x470.jpeg 705w, https:\/\/radiorevelacionfm.cl\/wp-content\/uploads\/2021\/07\/casasolar2-1_optimized-600x400.jpeg 600w\" sizes=\"(max-width: 900px) 100vw, 900px\" \/><\/div><\/div><\/div><\/div><div class=\"flex_column av_one_full  flex_column_div av-zero-column-padding first  avia-builder-el-2  el_after_av_one_full  el_before_av_one_full  column-top-margin\" style='border-radius:0px; '><section class=\"av_textblock_section \"  itemscope=\"itemscope\" itemtype=\"https:\/\/schema.org\/BlogPosting\" itemprop=\"blogPost\" ><div class='avia_textblock  '   itemprop=\"text\" ><p style=\"text-align: center;\"><strong><span style=\"font-size: 18pt;\">Proponen al Ministerio de Energ\u00eda desarrollar proyecto de energ\u00eda solar comunitaria en Coyhaique<\/span><\/strong><\/p>\n<div id=\"gtx-trans\" style=\"position: absolute; left: -50px; top: 4.31534px;\">\n<div class=\"gtx-trans-icon\"><\/div>\n<\/div>\n<\/div><\/section><\/div><\/p>\n<div class=\"flex_column av_one_full  flex_column_div av-zero-column-padding first  avia-builder-el-4  el_after_av_one_full  el_before_av_hr  column-top-margin\" style='border-radius:0px; '><section class=\"av_textblock_section \"  itemscope=\"itemscope\" itemtype=\"https:\/\/schema.org\/BlogPosting\" itemprop=\"blogPost\" ><div class='avia_textblock  '   itemprop=\"text\" ><p style=\"text-align: justify;\"><em>El sistema propuesto por la autoridad comunal se basa en el On Grid que va conectado a la red de distribuci\u00f3n. La energ\u00eda el\u00e9ctrica generada mediante paneles solares es un complemento a la que se obtiene de la red, generando un ahorro en la cuenta.\u00a0<\/em><\/p>\n<p style=\"text-align: justify;\">En Santiago, el alcalde de Coyhaique, Carlos Gatica, se reuni\u00f3 con el Subsecretario de Energ\u00eda, Luis Felipe Ramos, ocasi\u00f3n en la que la autoridad comunal abord\u00f3 la preocupaci\u00f3n que existe en la ciudadan\u00eda por las alzas en las tarifas el\u00e9ctricas, y entreg\u00f3 una propuesta consistente en la generaci\u00f3n de proyectos de energ\u00eda solar que apunten a la reducci\u00f3n y consumo de electricidad.<\/p>\n<p style=\"text-align: justify;\">Tras la reuni\u00f3n sostenida en el Ministerio de Energ\u00eda, el alcalde, Carlos Gatica Villegas coment\u00f3 que \u201chemos conversado dos temas muy importantes, el primero tiene que ver por la preocupaci\u00f3n que se tiene en nuestra comuna respecto las alzas y de los proyectos de extensi\u00f3n de red, que no hab\u00edan podido ver su destino, cuya glosa se nos ha confirmado tuvo una modificaci\u00f3n que va a destrabar estos proyectos, y adem\u00e1s, propusimos la realizaci\u00f3n en Coyhaique de proyectos sociales de sistema On Grid, que puedan reducir los consumos de nuestros vecinos, y as\u00ed tambi\u00e9n generar sistemas de calefacci\u00f3n y de suministro el\u00e9ctrico sustentable y eficiente para combatir la contaminaci\u00f3n atmosf\u00e9rica\u201d.<\/p>\n<p style=\"text-align: justify;\">Por su parte, el subsecretario de energ\u00eda, Luis Felipe Ramos, detall\u00f3 que \u201canalizamos diversas problem\u00e1ticas acerca de la energ\u00eda en la regi\u00f3n, entre las cuales, hemos podido confirmar al alcalde de la modificaci\u00f3n de esta glosa de la ley de presupuesto que permite el financiamiento de proyectos de electrificaci\u00f3n rural, tambi\u00e9n, comentamos el trabajo que estamos realizando con el proyecto de ley de subsidios que se ampl\u00eda para las cuentas el\u00e9ctricas, y el avance que est\u00e1 teniendo el proyecto de ley de sistemas medianos que cambiar\u00e1 el r\u00e9gimen de los sistemas entre los que se encuentra la Regi\u00f3n de Ays\u00e9n\u201d.<\/p>\n<p style=\"text-align: justify;\">\u201cHemos abierto una l\u00ednea de trabajo en conjunto en la que podamos ir analizando los proyectos que podemos ir realizando para ofrecer soluciones concretas no s\u00f3lo a las alzas de luz sino tambi\u00e9n a la eficiencia energ\u00e9tica para ir proveyendo una energ\u00eda m\u00e1s accesible, econ\u00f3mica y que nos permita descarbonizar la matriz para a trav\u00e9s de ello, tener una regi\u00f3n libre de contaminaci\u00f3n y m\u00e1s amigable\u201d, concluy\u00f3 el Subsecretario de Energ\u00eda.<\/p>\n<p style=\"text-align: justify;\">Cabe destacar, que la propuesta presentada desde el Municipio de Coyhaique por parte del alcalde, Carlos Gatica, consiste en promover la generaci\u00f3n de energ\u00eda comunitaria o solar social, apuntando a beneficiar a familias m\u00e1s vulnerables, adultos mayores, familias que cuenten con integrantes electrodependientes o que habiten en una vivienda social, permitiendo reducir su consumo de energ\u00eda para contar con calefacci\u00f3n sustentable mediante paneles solares que ir\u00edan conectados a la red y cuya reducci\u00f3n se ver\u00eda tambi\u00e9n reflejada en su boleta.<\/p>\n<\/div><\/section><\/div>\n<div  style='height:50px' class='hr hr-invisible   avia-builder-el-6  el_after_av_one_full  el_before_av_social_share '><span class='hr-inner ' ><span class='hr-inner-style'><\/span><\/span><\/div>\n<div  class='av-social-sharing-box  avia-builder-el-7  el_after_av_hr  el_before_av_hr  '><div class='av-share-box'><h5 class='av-share-link-description av-no-toc '>Compartir esta noticia<\/h5><ul class='av-share-box-list noLightbox'><li class='av-share-link av-social-link-facebook' ><a target=\"_blank\" aria-label=\"Compartir en Facebook\" href='https:\/\/www.facebook.com\/sharer.php?u=https:\/\/radiorevelacionfm.cl\/?p=45659&#038;t=Proponen%20al%20Ministerio%20de%20Energ%C3%ADa%20desarrollar%20proyecto%20de%20energ%C3%ADa%20solar%20comunitaria%20en%20Coyhaique' aria-hidden='false' data-av_icon='\ue8f3' data-av_iconfont='entypo-fontello' title='' data-avia-related-tooltip='Compartir en Facebook' rel=\"noopener\"><span class='avia_hidden_link_text'>Compartir en Facebook<\/span><\/a><\/li><li class='av-share-link av-social-link-twitter' ><a target=\"_blank\" aria-label=\"Compartir en Twitter\" href='https:\/\/twitter.com\/share?text=Proponen%20al%20Ministerio%20de%20Energ%C3%ADa%20desarrollar%20proyecto%20de%20energ%C3%ADa%20solar%20comunitaria%20en%20Coyhaique&#038;url=https:\/\/radiorevelacionfm.cl\/?p=45659' aria-hidden='false' data-av_icon='\ue8f1' data-av_iconfont='entypo-fontello' title='' data-avia-related-tooltip='Compartir en Twitter' rel=\"noopener\"><span class='avia_hidden_link_text'>Compartir en Twitter<\/span><\/a><\/li><li class='av-share-link av-social-link-whatsapp' ><a target=\"_blank\" aria-label=\"Compartir en Whatsapp\" href='https:\/\/api.whatsapp.com\/send?text=https:\/\/radiorevelacionfm.cl\/?p=45659' aria-hidden='false' data-av_icon='\uf232' data-av_iconfont='entypo-fontello' title='' data-avia-related-tooltip='Compartir en Whatsapp' rel=\"noopener\"><span class='avia_hidden_link_text'>Compartir en Whatsapp<\/span><\/a><\/li><li class='av-share-link av-social-link-linkedin' ><a target=\"_blank\" aria-label=\"Compartir en LinkedIn\" href='https:\/\/linkedin.com\/shareArticle?mini=true&#038;title=Proponen%20al%20Ministerio%20de%20Energ%C3%ADa%20desarrollar%20proyecto%20de%20energ%C3%ADa%20solar%20comunitaria%20en%20Coyhaique&#038;url=https:\/\/radiorevelacionfm.cl\/?p=45659' aria-hidden='false' data-av_icon='\ue8fc' data-av_iconfont='entypo-fontello' title='' data-avia-related-tooltip='Compartir en LinkedIn' rel=\"noopener\"><span class='avia_hidden_link_text'>Compartir en LinkedIn<\/span><\/a><\/li><li class='av-share-link av-social-link-mail' ><a  aria-label=\"Compartir por correo\" href='mailto:?subject=Proponen%20al%20Ministerio%20de%20Energ%C3%ADa%20desarrollar%20proyecto%20de%20energ%C3%ADa%20solar%20comunitaria%20en%20Coyhaique&#038;body=https:\/\/radiorevelacionfm.cl\/?p=45659' aria-hidden='false' data-av_icon='\ue805' data-av_iconfont='entypo-fontello' title='' data-avia-related-tooltip='Compartir por correo'><span class='avia_hidden_link_text'>Compartir por correo<\/span><\/a><\/li><\/ul><\/div><\/div>\n<div  style='height:50px' class='hr hr-invisible   avia-builder-el-8  el_after_av_social_share  el_before_av_comments_list '><span class='hr-inner ' ><span class='hr-inner-style'><\/span><\/span><\/div>\n<div  class='av-buildercomment  av-blog-meta-html-info-disabled av-blog-meta-tag-disabled  '><\/div>\n","protected":false},"excerpt":{"rendered":"","protected":false},"author":1,"featured_media":6422,"comment_status":"open","ping_status":"open","sticky":false,"template":"","format":"standard","meta":{"footnotes":""},"categories":[38],"tags":[],"class_list":["post-45659","post","type-post","status-publish","format-standard","has-post-thumbnail","hentry","category-regional"],"jetpack_featured_media_url":"https:\/\/radiorevelacionfm.cl\/wp-content\/uploads\/2021\/07\/casasolar2-1_optimized.jpeg","_links":{"self":[{"href":"https:\/\/radiorevelacionfm.cl\/index.php?rest_route=\/wp\/v2\/posts\/45659","targetHints":{"allow":["GET"]}}],"collection":[{"href":"https:\/\/radiorevelacionfm.cl\/index.php?rest_route=\/wp\/v2\/posts"}],"about":[{"href":"https:\/\/radiorevelacionfm.cl\/index.php?rest_route=\/wp\/v2\/types\/post"}],"author":[{"embeddable":true,"href":"https:\/\/radiorevelacionfm.cl\/index.php?rest_route=\/wp\/v2\/users\/1"}],"replies":[{"embeddable":true,"href":"https:\/\/radiorevelacionfm.cl\/index.php?rest_route=%2Fwp%2Fv2%2Fcomments&post=45659"}],"version-history":[{"count":2,"href":"https:\/\/radiorevelacionfm.cl\/index.php?rest_route=\/wp\/v2\/posts\/45659\/revisions"}],"predecessor-version":[{"id":45713,"href":"https:\/\/radiorevelacionfm.cl\/index.php?rest_route=\/wp\/v2\/posts\/45659\/revisions\/45713"}],"wp:featuredmedia":[{"embeddable":true,"href":"https:\/\/radiorevelacionfm.cl\/index.php?rest_route=\/wp\/v2\/media\/6422"}],"wp:attachment":[{"href":"https:\/\/radiorevelacionfm.cl\/index.php?rest_route=%2Fwp%2Fv2%2Fmedia&parent=45659"}],"wp:term":[{"taxonomy":"category","embeddable":true,"href":"https:\/\/radiorevelacionfm.cl\/index.php?rest_route=%2Fwp%2Fv2%2Fcategories&post=45659"},{"taxonomy":"post_tag","embeddable":true,"href":"https:\/\/radiorevelacionfm.cl\/index.php?rest_route=%2Fwp%2Fv2%2Ftags&post=45659"}],"curies":[{"name":"wp","href":"https:\/\/api.w.org\/{rel}","templated":true}]}}