{"id":45656,"date":"2024-08-30T16:31:59","date_gmt":"2024-08-30T19:31:59","guid":{"rendered":"https:\/\/radiorevelacionfm.cl\/?p=45656"},"modified":"2024-08-30T16:31:59","modified_gmt":"2024-08-30T19:31:59","slug":"la-region-de-aysen-avanza-en-su-propio-plan-para-enfrentar-los-efectos-del-cambio-climatico","status":"publish","type":"post","link":"https:\/\/radiorevelacionfm.cl\/?p=45656","title":{"rendered":"La Regi\u00f3n de Ays\u00e9n avanza en su propio plan para enfrentar los efectos del cambio clim\u00e1tico"},"content":{"rendered":"<div class=\"flex_column av_one_full  flex_column_div av-zero-column-padding first  avia-builder-el-0  el_before_av_one_full  avia-builder-el-first  \" style='border-radius:0px; '><div  class='avia-image-container  av-styling-    avia-builder-el-1  avia-builder-el-no-sibling  avia-align-center '  itemprop=\"image\" itemscope=\"itemscope\" itemtype=\"https:\/\/schema.org\/ImageObject\"  ><div class='avia-image-container-inner'><div class='avia-image-overlay-wrap'><img decoding=\"async\" class='wp-image-45657 avia-img-lazy-loading-not-45657 avia_image' src=\"https:\/\/radiorevelacionfm.cl\/wp-content\/uploads\/2024\/08\/3-2024-08-29T171137.640-1-1.jpg\" alt='' title='3 - 2024-08-29T171137.640 (1) (1)' height=\"600\" width=\"1067\"  itemprop=\"thumbnailUrl\" srcset=\"https:\/\/radiorevelacionfm.cl\/wp-content\/uploads\/2024\/08\/3-2024-08-29T171137.640-1-1.jpg 1067w, https:\/\/radiorevelacionfm.cl\/wp-content\/uploads\/2024\/08\/3-2024-08-29T171137.640-1-1-300x169.jpg 300w, https:\/\/radiorevelacionfm.cl\/wp-content\/uploads\/2024\/08\/3-2024-08-29T171137.640-1-1-1030x579.jpg 1030w, https:\/\/radiorevelacionfm.cl\/wp-content\/uploads\/2024\/08\/3-2024-08-29T171137.640-1-1-768x432.jpg 768w, https:\/\/radiorevelacionfm.cl\/wp-content\/uploads\/2024\/08\/3-2024-08-29T171137.640-1-1-705x396.jpg 705w, https:\/\/radiorevelacionfm.cl\/wp-content\/uploads\/2024\/08\/3-2024-08-29T171137.640-1-1-450x253.jpg 450w, https:\/\/radiorevelacionfm.cl\/wp-content\/uploads\/2024\/08\/3-2024-08-29T171137.640-1-1-600x337.jpg 600w\" sizes=\"(max-width: 1067px) 100vw, 1067px\" \/><\/div><\/div><\/div><\/div><div class=\"flex_column av_one_full  flex_column_div av-zero-column-padding first  avia-builder-el-2  el_after_av_one_full  el_before_av_one_full  column-top-margin\" style='border-radius:0px; '><section class=\"av_textblock_section \"  itemscope=\"itemscope\" itemtype=\"https:\/\/schema.org\/BlogPosting\" itemprop=\"blogPost\" ><div class='avia_textblock  '   itemprop=\"text\" ><p style=\"text-align: center;\"><span style=\"font-size: 18pt;\"><strong>La Regi\u00f3n de Ays\u00e9n avanza en su propio plan para enfrentar los efectos del cambio clim\u00e1tico <\/strong><\/span><\/p>\n<div id=\"gtx-trans\" style=\"position: absolute; left: -50px; top: 4.31534px;\">\n<div class=\"gtx-trans-icon\"><\/div>\n<\/div>\n<\/div><\/section><\/div><div class=\"flex_column av_one_full  flex_column_div av-zero-column-padding first  avia-builder-el-4  el_after_av_one_full  el_before_av_hr  column-top-margin\" style='border-radius:0px; '><section class=\"av_textblock_section \"  itemscope=\"itemscope\" itemtype=\"https:\/\/schema.org\/BlogPosting\" itemprop=\"blogPost\" ><div class='avia_textblock  '   itemprop=\"text\" ><p style=\"text-align: justify;\">En sesi\u00f3n del Comit\u00e9 Regional de Cambio Clim\u00e1tico \u2013CORECC- de Ays\u00e9n se llev\u00f3 a cabo la votaci\u00f3n para aprobar el anteproyecto del Plan de Acci\u00f3n Regional de Cambio Clim\u00e1tico (PARCC) de Ays\u00e9n, el instrumento de gesti\u00f3n clim\u00e1tica, que nace al alero de la Ley Marco de Cambio Clim\u00e1tico, fue aprobado por unanimidad en el pleno del comit\u00e9, avanzando as\u00ed en su elaboraci\u00f3n.<\/p>\n<p style=\"text-align: justify;\">La Gobernadora Regional de Ays\u00e9n, Andrea Mac\u00edas, se manifest\u00f3 muy contenta con la aprobaci\u00f3n que explic\u00f3 que el hito \u201csignifica que se da definitivamente el vamos para poder elaborar nuestro plan regional que va a convocar tanto a la sociedad civil, como actores p\u00fablicos y privados, para que en conjunto elaboremos la mejor estrategia que nos permita hacer frente a la crisis clim\u00e1tica que hoy d\u00eda estamos viviendo\u201d, reflexion\u00f3 la autoridad agradeciendo adem\u00e1s la participaci\u00f3n regional en el proceso \u201cmencionar que este anteproyecto cuenta con un alto porcentaje de participaci\u00f3n ciudadana, lo que nos ha demostrado que las personas est\u00e1n involucradas, est\u00e1n conscientes y quieren adem\u00e1s saber cu\u00e1l es la respuesta desde el Estado para afrontar esta crisis\u201d.<\/p>\n<p style=\"text-align: justify;\">La Ley Marco de Cambio Clim\u00e1tico crea un marco jur\u00eddico para que el pa\u00eds pueda enfrentar el cambio clim\u00e1tico en materia de mitigaci\u00f3n y adaptaci\u00f3n con una mirada de largo plazo, formalizando la institucionalidad clim\u00e1tica a nivel nacional, regional y local, y consagrando responsabilidades y obligaciones a trece ministerios, Gobiernos Regionales y Municipalidades de integrar el cambio clim\u00e1tico en sus diferentes instrumentos, planes y pol\u00edticas, comprometiendo objetivos de elaboraci\u00f3n de planes regionales y comunales.<\/p>\n<p style=\"text-align: justify;\">El CORECC Ays\u00e9n es presidido por el Gobierno Regional y cuenta con su secretar\u00eda t\u00e9cnica en la Seremi del Medio Ambiente. Est\u00e1 integrado adem\u00e1s por la Delegaci\u00f3n Presidencial Regional de Ays\u00e9n, alcaldes de los diez municipios, representantes del Consejo Regional, trece secretar\u00edas regionales ministeriales y los integrantes del Consejo Consultivo Regional del Medio Ambiente.<\/p>\n<p style=\"text-align: justify;\">\u201cPara nuestro Gobierno, nuestro Presidente, el trabajar en tomar medidas y prepararnos para el cambio clim\u00e1tico es fundamental, eso se traduce en lograr establecer estrategias pol\u00edticas que ayuden en relaci\u00f3n a c\u00f3mo mitigar y adaptarse al cambio clim\u00e1tico. El CORECC tiene esa misi\u00f3n y esto es un producto de un arduo trabajo que se ha realizado desde el a\u00f1o pasado hasta ahora (\u2026) Ahora viene un desaf\u00edo no menor y es c\u00f3mo se integra la mirada de la comunidad de distintos sectores para llegar a un consenso en que todos podamos adoptar las medidas a largo plazo\u201d, declar\u00f3 el Delegado Presidencial Regional, Rodrigo Araya<\/p>\n<p style=\"text-align: justify;\"><strong>La propuesta<\/strong><\/p>\n<p style=\"text-align: justify;\">Durante la sesi\u00f3n, fue tarea del Seremi del Medio Ambiente, Yoal D\u00edaz, dar cuenta del proceso de elaboraci\u00f3n de la propuesta y las medidas contenidas en el proyecto; as\u00ed previo a la votaci\u00f3n, la autoridad ambiental explic\u00f3 que para la elaboraci\u00f3n del PARCC se cont\u00f3 adem\u00e1s con la participaci\u00f3n de 20 servicios coadyuvantes, se desarrollaron tres consultor\u00edas para apoyar el desarrollo de los insumos b\u00e1sicos, propuesta de anteproyecto y participaci\u00f3n anticipada que cont\u00f3 con talleres participativos locales, entrevistas, encuesta y seminario de exposici\u00f3n. \u00a0As\u00ed tambi\u00e9n declar\u00f3 que se recibieron 100 antecedentes en la primera etapa de elaboraci\u00f3n, los cuales fueron un aporte importante en la revisi\u00f3n de priorizaci\u00f3n y profundidad de acciones a desarrollarse a nivel regional.<\/p>\n<p style=\"text-align: justify;\">En cuanto a las medidas, el PARCC contiene 7 lineamientos espec\u00edficos para agrupar medidas de mitigaci\u00f3n y adaptaci\u00f3n al cambio clim\u00e1tico. De estos lineamientos se desprenden 19 medidas de mitigaci\u00f3n y adaptaci\u00f3n a nivel regional y local, entre las que destacan: la implementaci\u00f3n de una Estrategia Regional de educaci\u00f3n, capacidades y empoderamiento clim\u00e1tico; desarrollo de una Estrategia Regional de Calidad del Aire en al menos 10 localidades de la regi\u00f3n; aumentar acciones de conservaci\u00f3n de ecosistemas vulnerables y de restauraci\u00f3n de los degradados en territorio y maritorio, entre otras.<\/p>\n<p style=\"text-align: justify;\">\u201cEste es el Plan de Acci\u00f3n Regional de Cambio Clim\u00e1tico, acci\u00f3n concreta, acci\u00f3n de distintos servicios para poder ver cu\u00e1les son las medidas que vamos a aplicar. (\u2026) necesitamos hacer acci\u00f3n para adaptarnos r\u00e1pidamente y que no nos afecten, por ejemplo, las grandes cat\u00e1strofes o la disminuci\u00f3n de las precipitaciones o c\u00f3mo se ve tambi\u00e9n el efecto en d\u00edas m\u00e1s c\u00e1lidos, es un desaf\u00edo no menor, no depende solamente de nosotros, sino de que todos y todas podamos dar pasos concretos para avanzar en abordar esta crisis\u201d, concluy\u00f3 el Seremi del Medio Ambiente, invitando a la comunidad a revisar los antecedentes del PARCC Ays\u00e9n disponibles en el expediente habilitado en la p\u00e1gina web del Gobierno Regional de Ays\u00e9n.<\/p>\n<\/div><\/section><\/div><div  style='height:50px' class='hr hr-invisible   avia-builder-el-6  el_after_av_one_full  el_before_av_social_share '><span class='hr-inner ' ><span class='hr-inner-style'><\/span><\/span><\/div><\/p>\n<div  class='av-social-sharing-box  avia-builder-el-7  el_after_av_hr  el_before_av_hr  '><div class='av-share-box'><h5 class='av-share-link-description av-no-toc '>Compartir esta noticia<\/h5><ul class='av-share-box-list noLightbox'><li class='av-share-link av-social-link-facebook' ><a target=\"_blank\" aria-label=\"Compartir en Facebook\" href='https:\/\/www.facebook.com\/sharer.php?u=https:\/\/radiorevelacionfm.cl\/?p=45656&#038;t=La%20Regi%C3%B3n%20de%20Ays%C3%A9n%20avanza%20en%20su%20propio%20plan%20para%20enfrentar%20los%20efectos%20del%20cambio%20clim%C3%A1tico' aria-hidden='false' data-av_icon='\ue8f3' data-av_iconfont='entypo-fontello' title='' data-avia-related-tooltip='Compartir en Facebook' rel=\"noopener\"><span class='avia_hidden_link_text'>Compartir en Facebook<\/span><\/a><\/li><li class='av-share-link av-social-link-twitter' ><a target=\"_blank\" aria-label=\"Compartir en Twitter\" href='https:\/\/twitter.com\/share?text=La%20Regi%C3%B3n%20de%20Ays%C3%A9n%20avanza%20en%20su%20propio%20plan%20para%20enfrentar%20los%20efectos%20del%20cambio%20clim%C3%A1tico&#038;url=https:\/\/radiorevelacionfm.cl\/?p=45656' aria-hidden='false' data-av_icon='\ue8f1' data-av_iconfont='entypo-fontello' title='' data-avia-related-tooltip='Compartir en Twitter' rel=\"noopener\"><span class='avia_hidden_link_text'>Compartir en Twitter<\/span><\/a><\/li><li class='av-share-link av-social-link-whatsapp' ><a target=\"_blank\" aria-label=\"Compartir en Whatsapp\" href='https:\/\/api.whatsapp.com\/send?text=https:\/\/radiorevelacionfm.cl\/?p=45656' aria-hidden='false' data-av_icon='\uf232' data-av_iconfont='entypo-fontello' title='' data-avia-related-tooltip='Compartir en Whatsapp' rel=\"noopener\"><span class='avia_hidden_link_text'>Compartir en Whatsapp<\/span><\/a><\/li><li class='av-share-link av-social-link-linkedin' ><a target=\"_blank\" aria-label=\"Compartir en LinkedIn\" href='https:\/\/linkedin.com\/shareArticle?mini=true&#038;title=La%20Regi%C3%B3n%20de%20Ays%C3%A9n%20avanza%20en%20su%20propio%20plan%20para%20enfrentar%20los%20efectos%20del%20cambio%20clim%C3%A1tico&#038;url=https:\/\/radiorevelacionfm.cl\/?p=45656' aria-hidden='false' data-av_icon='\ue8fc' data-av_iconfont='entypo-fontello' title='' data-avia-related-tooltip='Compartir en LinkedIn' rel=\"noopener\"><span class='avia_hidden_link_text'>Compartir en LinkedIn<\/span><\/a><\/li><li class='av-share-link av-social-link-mail' ><a  aria-label=\"Compartir por correo\" href='mailto:?subject=La%20Regi%C3%B3n%20de%20Ays%C3%A9n%20avanza%20en%20su%20propio%20plan%20para%20enfrentar%20los%20efectos%20del%20cambio%20clim%C3%A1tico&#038;body=https:\/\/radiorevelacionfm.cl\/?p=45656' aria-hidden='false' data-av_icon='\ue805' data-av_iconfont='entypo-fontello' title='' data-avia-related-tooltip='Compartir por correo'><span class='avia_hidden_link_text'>Compartir por correo<\/span><\/a><\/li><\/ul><\/div><\/div>\n<div  style='height:50px' class='hr hr-invisible   avia-builder-el-8  el_after_av_social_share  el_before_av_comments_list '><span class='hr-inner ' ><span class='hr-inner-style'><\/span><\/span><\/div>\n<div  class='av-buildercomment  av-blog-meta-html-info-disabled av-blog-meta-tag-disabled  '><\/div>\n","protected":false},"excerpt":{"rendered":"","protected":false},"author":1,"featured_media":45657,"comment_status":"open","ping_status":"open","sticky":false,"template":"","format":"standard","meta":{"footnotes":""},"categories":[39],"tags":[],"class_list":["post-45656","post","type-post","status-publish","format-standard","has-post-thumbnail","hentry","category-medio-ambiente"],"jetpack_featured_media_url":"https:\/\/radiorevelacionfm.cl\/wp-content\/uploads\/2024\/08\/3-2024-08-29T171137.640-1-1.jpg","_links":{"self":[{"href":"https:\/\/radiorevelacionfm.cl\/index.php?rest_route=\/wp\/v2\/posts\/45656","targetHints":{"allow":["GET"]}}],"collection":[{"href":"https:\/\/radiorevelacionfm.cl\/index.php?rest_route=\/wp\/v2\/posts"}],"about":[{"href":"https:\/\/radiorevelacionfm.cl\/index.php?rest_route=\/wp\/v2\/types\/post"}],"author":[{"embeddable":true,"href":"https:\/\/radiorevelacionfm.cl\/index.php?rest_route=\/wp\/v2\/users\/1"}],"replies":[{"embeddable":true,"href":"https:\/\/radiorevelacionfm.cl\/index.php?rest_route=%2Fwp%2Fv2%2Fcomments&post=45656"}],"version-history":[{"count":1,"href":"https:\/\/radiorevelacionfm.cl\/index.php?rest_route=\/wp\/v2\/posts\/45656\/revisions"}],"predecessor-version":[{"id":45658,"href":"https:\/\/radiorevelacionfm.cl\/index.php?rest_route=\/wp\/v2\/posts\/45656\/revisions\/45658"}],"wp:featuredmedia":[{"embeddable":true,"href":"https:\/\/radiorevelacionfm.cl\/index.php?rest_route=\/wp\/v2\/media\/45657"}],"wp:attachment":[{"href":"https:\/\/radiorevelacionfm.cl\/index.php?rest_route=%2Fwp%2Fv2%2Fmedia&parent=45656"}],"wp:term":[{"taxonomy":"category","embeddable":true,"href":"https:\/\/radiorevelacionfm.cl\/index.php?rest_route=%2Fwp%2Fv2%2Fcategories&post=45656"},{"taxonomy":"post_tag","embeddable":true,"href":"https:\/\/radiorevelacionfm.cl\/index.php?rest_route=%2Fwp%2Fv2%2Ftags&post=45656"}],"curies":[{"name":"wp","href":"https:\/\/api.w.org\/{rel}","templated":true}]}}