{"id":45652,"date":"2024-08-30T11:21:39","date_gmt":"2024-08-30T14:21:39","guid":{"rendered":"https:\/\/radiorevelacionfm.cl\/?p=45652"},"modified":"2024-08-30T11:21:39","modified_gmt":"2024-08-30T14:21:39","slug":"gobierno-implementa-plan-integrado-de-prevencion-y-seguridad-en-fiestas-patrias","status":"publish","type":"post","link":"https:\/\/radiorevelacionfm.cl\/?p=45652","title":{"rendered":"Gobierno implementa Plan Integrado de Prevenci\u00f3n y Seguridad en Fiestas Patrias"},"content":{"rendered":"<div class=\"flex_column av_one_full  flex_column_div av-zero-column-padding first  avia-builder-el-0  el_before_av_one_full  avia-builder-el-first  \" style='border-radius:0px; '><div  class='avia-image-container  av-styling-    avia-builder-el-1  avia-builder-el-no-sibling  avia-align-center '  itemprop=\"image\" itemscope=\"itemscope\" itemtype=\"https:\/\/schema.org\/ImageObject\"  ><div class='avia-image-container-inner'><div class='avia-image-overlay-wrap'><img decoding=\"async\" class='wp-image-45653 avia-img-lazy-loading-not-45653 avia_image' src=\"https:\/\/radiorevelacionfm.cl\/wp-content\/uploads\/2024\/08\/img_3700-1_optimized-1.jpg\" alt='' title='img_3700-(1)_optimized (1)' height=\"600\" width=\"926\"  itemprop=\"thumbnailUrl\" srcset=\"https:\/\/radiorevelacionfm.cl\/wp-content\/uploads\/2024\/08\/img_3700-1_optimized-1.jpg 926w, https:\/\/radiorevelacionfm.cl\/wp-content\/uploads\/2024\/08\/img_3700-1_optimized-1-300x194.jpg 300w, https:\/\/radiorevelacionfm.cl\/wp-content\/uploads\/2024\/08\/img_3700-1_optimized-1-768x498.jpg 768w, https:\/\/radiorevelacionfm.cl\/wp-content\/uploads\/2024\/08\/img_3700-1_optimized-1-705x457.jpg 705w, https:\/\/radiorevelacionfm.cl\/wp-content\/uploads\/2024\/08\/img_3700-1_optimized-1-450x292.jpg 450w, https:\/\/radiorevelacionfm.cl\/wp-content\/uploads\/2024\/08\/img_3700-1_optimized-1-600x389.jpg 600w\" sizes=\"(max-width: 926px) 100vw, 926px\" \/><\/div><\/div><\/div><\/div><div class=\"flex_column av_one_full  flex_column_div av-zero-column-padding first  avia-builder-el-2  el_after_av_one_full  el_before_av_one_full  column-top-margin\" style='border-radius:0px; '><section class=\"av_textblock_section \"  itemscope=\"itemscope\" itemtype=\"https:\/\/schema.org\/BlogPosting\" itemprop=\"blogPost\" ><div class='avia_textblock  '   itemprop=\"text\" ><p style=\"font-weight: 400; text-align: center;\"><span style=\"font-size: 18pt;\"><strong>Gobierno implementa Plan Integrado de Prevenci\u00f3n y Seguridad en Fiestas Patrias<\/strong><\/span><\/p>\n<div id=\"gtx-trans\" style=\"position: absolute; left: -50px; top: 4.31534px;\">\n<div class=\"gtx-trans-icon\"><\/div>\n<\/div>\n<\/div><\/section><\/div><div class=\"flex_column av_one_full  flex_column_div av-zero-column-padding first  avia-builder-el-4  el_after_av_one_full  el_before_av_hr  column-top-margin\" style='border-radius:0px; '><section class=\"av_textblock_section \"  itemscope=\"itemscope\" itemtype=\"https:\/\/schema.org\/BlogPosting\" itemprop=\"blogPost\" ><div class='avia_textblock  '   itemprop=\"text\" ><p style=\"font-weight: 400; text-align: justify;\">Un Plan Integrado de Prevenci\u00f3n y Seguridad en Fiestas Patrias est\u00e1 implementando el Gobierno, con el objetivo de reducir las probabilidades de ocurrencia de hechos que lamentar durante las festividades de septiembre pr\u00f3ximo.<\/p>\n<p style=\"font-weight: 400; text-align: justify;\">As\u00ed lo dio a conocer el Delegado Presidencial Regional de Ays\u00e9n, Rodrigo Araya, tras sostener una reuni\u00f3n con servicios p\u00fablicos con competencias preventivas y fiscalizadoras, entre ellos, Carabineros de Chile, Polic\u00eda de Investigaciones, Seremi de Transportes y Telecomunicaciones, Seguridad P\u00fablica, Senda, Seremi de Salud, Servicio de Salud, SAG, Direcci\u00f3n del Trabajo, Senapred, Servicio de Impuestos Internos y Municipalidad de Coyhaique.<\/p>\n<p style=\"font-weight: 400; text-align: justify;\">\u201cNos hemos reunido con todas las instituciones que est\u00e1n relacionadas con la seguridad para las personas, desde la seguridad alimentaria hasta la seguridad en los lugares donde se van a desarrollar eventos recreativos en nuestro territorio. Estamos haciendo un llamado a la conducta responsable de todas las personas. El problema central que hemos tenido cuando hay accidentes, eventos delictuales o eventos que da\u00f1an a las personas, tiene que ver con el consumo de alcohol, por lo que hacemos un llamado a ser prudentes y a consumir con moderaci\u00f3n y responsabilidad\u201d, indic\u00f3.<\/p>\n<p style=\"font-weight: 400; text-align: justify;\">El Prefecto de Carabineros, coronel Fuad Chab\u00e1n, a\u00f1adi\u00f3 que es relevante la oportuna tramitaci\u00f3n de permisos para actividades que consideren afluencia de p\u00fablico.<\/p>\n<p style=\"font-weight: 400; text-align: justify;\">\u201cComo Carabineros de Chile ya estamos trabajando con la finalidad de planificar nuestros servicios preventivos para estas Fiestas Patrias. Para ello queremos hacer un llamado a las distintas municipalidades para que puedan, con anterioridad, cursar los permisos para planificar los servicios y orientarlos a la prevenci\u00f3n. Adem\u00e1s, hacer un llamado a la comunidad a la prevenci\u00f3n, a la responsabilidad en la conducci\u00f3n y a la ingesta responsable de bebidas alcoh\u00f3licas, ya que conlleva a diferentes delitos, en especial, lesiones o lesiones de car\u00e1cter grave por el uso del arma blanca\u201d, subray\u00f3.<\/p>\n<p style=\"font-weight: 400; text-align: justify;\">La directora de Senda, Victoria Contreras, a\u00f1adi\u00f3 que \u201cvamos a realizar operativos conjuntos con Carabineros, que permiten detectar el consumo de alcohol o sustancias incompatibles con la conducci\u00f3n. Adem\u00e1s, vamos a reforzar nuestra campa\u00f1a preventiva \u201cEl Otro Plan\u201d, que nos invita a hacer un trabajo conjunto con otras instituciones para destacar la importancia del autocuidado, ya que el mejor plan es cuidarnos en estas festividades\u201d.<\/p>\n<p style=\"font-weight: 400; text-align: justify;\">El director de Seguridad P\u00fablica de la Municipalidad de Coyhaique, Jorge Risco, agreg\u00f3 que \u201cel municipio est\u00e1 preparado en seguridad con los patrullajes preventivos, e invitamos a todos los vecinos en estas Fiestas Patrias a pasarlo bien, con responsabilidad, recordarles a todos que si usted va a beber no puede manejar, vamos a estar en la calle. Tambi\u00e9n, nuestra gran fiesta en el Parque Urbano va a ser fiscalizada por Impuestos Internos, Autoridad Sanitaria, para que todos tengamos una gran fiesta\u201d.<\/p>\n<p style=\"font-weight: 400; text-align: justify;\">De acuerdo a las proyecciones, se espera que el desplazamiento de personas aumente entre el 14 y 22 de septiembre, mientras que los d\u00edas mi\u00e9rcoles 18 y jueves 19 son feriados irrenunciables para todos los trabajadores y trabajadoras del comercio, con la finalidad de que puedan descansar junto a sus familias.<\/p>\n<\/div><\/section><\/div><div  style='height:50px' class='hr hr-invisible   avia-builder-el-6  el_after_av_one_full  el_before_av_social_share '><span class='hr-inner ' ><span class='hr-inner-style'><\/span><\/span><\/div><\/p>\n<div  class='av-social-sharing-box  avia-builder-el-7  el_after_av_hr  el_before_av_hr  '><div class='av-share-box'><h5 class='av-share-link-description av-no-toc '>Compartir esta noticia<\/h5><ul class='av-share-box-list noLightbox'><li class='av-share-link av-social-link-facebook' ><a target=\"_blank\" aria-label=\"Compartir en Facebook\" href='https:\/\/www.facebook.com\/sharer.php?u=https:\/\/radiorevelacionfm.cl\/?p=45652&#038;t=Gobierno%20implementa%20Plan%20Integrado%20de%20Prevenci%C3%B3n%20y%20Seguridad%20en%20Fiestas%20Patrias' aria-hidden='false' data-av_icon='\ue8f3' data-av_iconfont='entypo-fontello' title='' data-avia-related-tooltip='Compartir en Facebook' rel=\"noopener\"><span class='avia_hidden_link_text'>Compartir en Facebook<\/span><\/a><\/li><li class='av-share-link av-social-link-twitter' ><a target=\"_blank\" aria-label=\"Compartir en Twitter\" href='https:\/\/twitter.com\/share?text=Gobierno%20implementa%20Plan%20Integrado%20de%20Prevenci%C3%B3n%20y%20Seguridad%20en%20Fiestas%20Patrias&#038;url=https:\/\/radiorevelacionfm.cl\/?p=45652' aria-hidden='false' data-av_icon='\ue8f1' data-av_iconfont='entypo-fontello' title='' data-avia-related-tooltip='Compartir en Twitter' rel=\"noopener\"><span class='avia_hidden_link_text'>Compartir en Twitter<\/span><\/a><\/li><li class='av-share-link av-social-link-whatsapp' ><a target=\"_blank\" aria-label=\"Compartir en Whatsapp\" href='https:\/\/api.whatsapp.com\/send?text=https:\/\/radiorevelacionfm.cl\/?p=45652' aria-hidden='false' data-av_icon='\uf232' data-av_iconfont='entypo-fontello' title='' data-avia-related-tooltip='Compartir en Whatsapp' rel=\"noopener\"><span class='avia_hidden_link_text'>Compartir en Whatsapp<\/span><\/a><\/li><li class='av-share-link av-social-link-linkedin' ><a target=\"_blank\" aria-label=\"Compartir en LinkedIn\" href='https:\/\/linkedin.com\/shareArticle?mini=true&#038;title=Gobierno%20implementa%20Plan%20Integrado%20de%20Prevenci%C3%B3n%20y%20Seguridad%20en%20Fiestas%20Patrias&#038;url=https:\/\/radiorevelacionfm.cl\/?p=45652' aria-hidden='false' data-av_icon='\ue8fc' data-av_iconfont='entypo-fontello' title='' data-avia-related-tooltip='Compartir en LinkedIn' rel=\"noopener\"><span class='avia_hidden_link_text'>Compartir en LinkedIn<\/span><\/a><\/li><li class='av-share-link av-social-link-mail' ><a  aria-label=\"Compartir por correo\" href='mailto:?subject=Gobierno%20implementa%20Plan%20Integrado%20de%20Prevenci%C3%B3n%20y%20Seguridad%20en%20Fiestas%20Patrias&#038;body=https:\/\/radiorevelacionfm.cl\/?p=45652' aria-hidden='false' data-av_icon='\ue805' data-av_iconfont='entypo-fontello' title='' data-avia-related-tooltip='Compartir por correo'><span class='avia_hidden_link_text'>Compartir por correo<\/span><\/a><\/li><\/ul><\/div><\/div>\n<div  style='height:50px' class='hr hr-invisible   avia-builder-el-8  el_after_av_social_share  el_before_av_comments_list '><span class='hr-inner ' ><span class='hr-inner-style'><\/span><\/span><\/div>\n<div  class='av-buildercomment  av-blog-meta-html-info-disabled av-blog-meta-tag-disabled  '><\/div>\n","protected":false},"excerpt":{"rendered":"","protected":false},"author":1,"featured_media":45653,"comment_status":"open","ping_status":"open","sticky":false,"template":"","format":"standard","meta":{"footnotes":""},"categories":[38],"tags":[],"class_list":["post-45652","post","type-post","status-publish","format-standard","has-post-thumbnail","hentry","category-regional"],"jetpack_featured_media_url":"https:\/\/radiorevelacionfm.cl\/wp-content\/uploads\/2024\/08\/img_3700-1_optimized-1.jpg","_links":{"self":[{"href":"https:\/\/radiorevelacionfm.cl\/index.php?rest_route=\/wp\/v2\/posts\/45652","targetHints":{"allow":["GET"]}}],"collection":[{"href":"https:\/\/radiorevelacionfm.cl\/index.php?rest_route=\/wp\/v2\/posts"}],"about":[{"href":"https:\/\/radiorevelacionfm.cl\/index.php?rest_route=\/wp\/v2\/types\/post"}],"author":[{"embeddable":true,"href":"https:\/\/radiorevelacionfm.cl\/index.php?rest_route=\/wp\/v2\/users\/1"}],"replies":[{"embeddable":true,"href":"https:\/\/radiorevelacionfm.cl\/index.php?rest_route=%2Fwp%2Fv2%2Fcomments&post=45652"}],"version-history":[{"count":1,"href":"https:\/\/radiorevelacionfm.cl\/index.php?rest_route=\/wp\/v2\/posts\/45652\/revisions"}],"predecessor-version":[{"id":45654,"href":"https:\/\/radiorevelacionfm.cl\/index.php?rest_route=\/wp\/v2\/posts\/45652\/revisions\/45654"}],"wp:featuredmedia":[{"embeddable":true,"href":"https:\/\/radiorevelacionfm.cl\/index.php?rest_route=\/wp\/v2\/media\/45653"}],"wp:attachment":[{"href":"https:\/\/radiorevelacionfm.cl\/index.php?rest_route=%2Fwp%2Fv2%2Fmedia&parent=45652"}],"wp:term":[{"taxonomy":"category","embeddable":true,"href":"https:\/\/radiorevelacionfm.cl\/index.php?rest_route=%2Fwp%2Fv2%2Fcategories&post=45652"},{"taxonomy":"post_tag","embeddable":true,"href":"https:\/\/radiorevelacionfm.cl\/index.php?rest_route=%2Fwp%2Fv2%2Ftags&post=45652"}],"curies":[{"name":"wp","href":"https:\/\/api.w.org\/{rel}","templated":true}]}}