{"id":45649,"date":"2024-08-30T17:48:59","date_gmt":"2024-08-30T20:48:59","guid":{"rendered":"https:\/\/radiorevelacionfm.cl\/?p=45649"},"modified":"2024-08-30T17:48:59","modified_gmt":"2024-08-30T20:48:59","slug":"mes-de-la-dirigencia-social-y-comunitaria-proximo-ano-se-instaurara-un-premio-nacional-para-lideres-y-lideresas","status":"publish","type":"post","link":"https:\/\/radiorevelacionfm.cl\/?p=45649","title":{"rendered":"Mes de la Dirigencia Social y Comunitaria: Pr\u00f3ximo a\u00f1o se instaurar\u00e1 un Premio nacional para l\u00edderes y lideresas"},"content":{"rendered":"<div class=\"flex_column av_one_full  flex_column_div av-zero-column-padding first  avia-builder-el-0  el_before_av_one_full  avia-builder-el-first  \" style='border-radius:0px; '><div  class='avia-image-container  av-styling-    avia-builder-el-1  avia-builder-el-no-sibling  avia-align-center '  itemprop=\"image\" itemscope=\"itemscope\" itemtype=\"https:\/\/schema.org\/ImageObject\"  ><div class='avia-image-container-inner'><div class='avia-image-overlay-wrap'><img decoding=\"async\" class='wp-image-45650 avia-img-lazy-loading-not-45650 avia_image' src=\"https:\/\/radiorevelacionfm.cl\/wp-content\/uploads\/2024\/08\/dia-dirigente-Pto.Aysen-1-1.jpg\" alt='' title='dia dirigente Pto.Aysen (1) (1)' height=\"600\" width=\"1067\"  itemprop=\"thumbnailUrl\" srcset=\"https:\/\/radiorevelacionfm.cl\/wp-content\/uploads\/2024\/08\/dia-dirigente-Pto.Aysen-1-1.jpg 1067w, https:\/\/radiorevelacionfm.cl\/wp-content\/uploads\/2024\/08\/dia-dirigente-Pto.Aysen-1-1-300x169.jpg 300w, https:\/\/radiorevelacionfm.cl\/wp-content\/uploads\/2024\/08\/dia-dirigente-Pto.Aysen-1-1-1030x579.jpg 1030w, https:\/\/radiorevelacionfm.cl\/wp-content\/uploads\/2024\/08\/dia-dirigente-Pto.Aysen-1-1-768x432.jpg 768w, https:\/\/radiorevelacionfm.cl\/wp-content\/uploads\/2024\/08\/dia-dirigente-Pto.Aysen-1-1-705x396.jpg 705w, https:\/\/radiorevelacionfm.cl\/wp-content\/uploads\/2024\/08\/dia-dirigente-Pto.Aysen-1-1-450x253.jpg 450w, https:\/\/radiorevelacionfm.cl\/wp-content\/uploads\/2024\/08\/dia-dirigente-Pto.Aysen-1-1-600x337.jpg 600w\" sizes=\"(max-width: 1067px) 100vw, 1067px\" \/><\/div><\/div><\/div><\/div><div class=\"flex_column av_one_full  flex_column_div av-zero-column-padding first  avia-builder-el-2  el_after_av_one_full  el_before_av_one_full  column-top-margin\" style='border-radius:0px; '><section class=\"av_textblock_section \"  itemscope=\"itemscope\" itemtype=\"https:\/\/schema.org\/BlogPosting\" itemprop=\"blogPost\" ><div class='avia_textblock  '   itemprop=\"text\" ><p style=\"text-align: center;\"><strong><span style=\"font-size: 18pt;\">Mes de la Dirigencia Social y Comunitaria: Pr\u00f3ximo a\u00f1o se instaurar\u00e1 un Premio nacional para l\u00edderes y lideresas<\/span><\/strong><\/p>\n<div id=\"gtx-trans\" style=\"position: absolute; left: -50px; top: 4.31534px;\">\n<div class=\"gtx-trans-icon\"><\/div>\n<\/div>\n<\/div><\/section><\/div><div class=\"flex_column av_one_full  flex_column_div av-zero-column-padding first  avia-builder-el-4  el_after_av_one_full  el_before_av_hr  column-top-margin\" style='border-radius:0px; '><section class=\"av_textblock_section \"  itemscope=\"itemscope\" itemtype=\"https:\/\/schema.org\/BlogPosting\" itemprop=\"blogPost\" ><div class='avia_textblock  '   itemprop=\"text\" ><p style=\"text-align: justify;\"><em>Vocero (s) Samuel Navarro en el cierre del Mes de la Dirigencia Social y Comunitaria dio a conocer que \u201cComo Ministerio el pr\u00f3ximo a\u00f1o vamos a instaurar un Premio nacional para estos l\u00edderes y lideresas\u201d.<\/em><\/p>\n<p style=\"text-align: justify;\">El Mes de la Dirigencia Social y Comunitaria es una iniciativa del Gobierno instaurada en 2022 por la Divisi\u00f3n de Organizaciones Sociales (DOS), dependiente del Ministerio Secretar\u00eda General de Gobierno, a prop\u00f3sito de la celebraci\u00f3n del D\u00eda de la Dirigencia Social y Comunitaria que se conmemora cada 7 de agosto en honor a la promulgaci\u00f3n de la Ley 16.880 sobre Organizaciones Comunitarias.<\/p>\n<p style=\"text-align: justify;\">En este contexto, la Divisi\u00f3n de Organizaciones Sociales de la SEREMI de Gobierno, desarroll\u00f3 y particip\u00f3 en una serie de actividades para celebrar el Mes de la Dirigencia Social. Al t\u00e9rmino de estas actividades conversamos con distintos dirigentes y dirigentas, entre ellos, Cristina Barrientos, dirigente de la Agrupaci\u00f3n de Ciegos de la Patagonia, quien se\u00f1al\u00f3: \u201cSer dirigente social me ha permitido participar en distintas instituciones, como el Cosoc del IPS y para m\u00ed esto es s\u00faper satisfactorio, estoy muy contenta de poder ayudar a las dem\u00e1s personas, el trabajo social, tanto en mi poblaci\u00f3n como en la agrupaci\u00f3n, es como una red, empiezas a relacionarte con las autoridades entonces los vecinos te llaman para contarte sus problemas y buscar soluciones. Ser dirigente es una satisfacci\u00f3n muy grande\u201d.<\/p>\n<p style=\"text-align: justify;\">En tanto, Jaime Rain, dirigente de la Junta de Vecinos N\u00b021 de sector Alto Baguales, indic\u00f3: \u201cUno con las autoridades trabaja todos los d\u00edas, vamos a golpear puertas, nosotros necesitamos de ellos y ellos nos necesitan a nosotros, entonces es un conjunto que quiere avanzar. Estoy muy agradecido de que nos considere el Gobierno y que seamos importantes en la sociedad\u201d.<\/p>\n<p style=\"text-align: justify;\">La DOS Ays\u00e9n realiz\u00f3 y particip\u00f3 en diversas actividades desarrolladas en las cuatro provincias de la\u00a0 regi\u00f3n. Se realiz\u00f3 un Di\u00e1logo online acerca de Pago Efectivo de Pensi\u00f3n de Alimentos. En la provincia de Ays\u00e9n, el\u00a0 equipo de la DOS particip\u00f3 en la actividad realizada por la delegaci\u00f3n provincial, con un stand de MovilizaDOS junto al seremi (s) Samuel Navarro, en el que se hizo entrega de la Gu\u00eda Pr\u00e1ctica para las Dirigencias y el bolet\u00edn Chile Avanzando, adem\u00e1s se atendieron dudas y consultas de las y los dirigentes.<\/p>\n<p style=\"text-align: justify;\">En la provincia Capit\u00e1n Prat, se realiz\u00f3 un encuentro de Dirigentes con la participaci\u00f3n de la delegada presidencial provincial, seremi de Agricultura y, a trav\u00e9s del equipo de Gobierno en Terreno de la provincia, se entreg\u00f3 la Gu\u00eda Pr\u00e1ctica\u00a0 para las Dirigencias y el bolet\u00edn Chile Avanzando.<\/p>\n<p style=\"text-align: justify;\">Tambi\u00e9n se realiz\u00f3 una Escuela de Formaci\u00f3n Social dirigida a padres y apoderados de jardines infantiles de JUNJI para informar acerca de la constituci\u00f3n y funcionamiento de los Centros de Padres y Apoderados. Adem\u00e1s, la DOS Ays\u00e9n estuvo presente en el Di\u00e1logo Regional \u00abMes de las Dirigencias y Liderazgos\u00bb organizado por el Ministerio de Vivienda y Urbanismo Ays\u00e9n, instancia en la cual participaron dirigentas y dirigentes sociales de Coyhaique y alrededores, para conversar y presentar conclusiones, sobre cuatro temas relevantes para sus comunidades: Democracia, Seguridad Comunitaria, \u00c9tica y Probidad y Educaci\u00f3n.<\/p>\n<p style=\"text-align: justify;\">\u201cPara nosotros como Gobierno, el reconocer a las y los dirigentes es fundamental, ya que ellas y ellos cumplen en colaborar con la autoridad para llegar con pol\u00edticas p\u00fablicas cercanas a la gente, con soluciones, se\u00f1al\u00f3 el Seremi de Gobierno (s) Samuel Navarro.<\/p>\n<p style=\"text-align: justify;\">\u201cHoy d\u00eda en el ministerio hemos hecho un resumen de lo que ha sido el Mes de la Dirigencia Social y Comunitaria, acerca de todas las actividades que se han realizado a lo largo de este periodo, en las cuatro provincias de la regi\u00f3n, con diversos sectores y junto a los municipios. Tambi\u00e9n anunciamos que vamos a ingresar prontamente una ley para fortalecer la participaci\u00f3n ciudadana y el pr\u00f3ximo a\u00f1o vamos a hacer un reconocimiento a estos l\u00edderes y lideresas, como Ministerio Secretar\u00eda General de Gobierno, a trav\u00e9s del lanzamiento del Premio Regional y Nacional de Dirigencias Sociales y Comunitarias, para que todas y todos los dirigentes sociales y comunitarios de la regi\u00f3n puedan postular\u201d, agreg\u00f3.<\/p>\n<p style=\"text-align: justify;\">La \u00faltima actividad para relevar la funci\u00f3n de las y los dirigentes sociales en la regi\u00f3n se realiz\u00f3 en Chile Chico, este jueves 29 de agosto. En la ocasi\u00f3n, la delegaci\u00f3n presidencial provincial General Carrera realiz\u00f3 una jornada por el Mes de las Dirigencias, en la cual la DOS Ays\u00e9n particip\u00f3 con un stand MovilizaDOS. Adem\u00e1s, se hizo entrega del sello \u201cEspacios para\u00a0 Dirigencias Sociales\u201d al Hotel \u201cPosada del R\u00edo\u201d, que facilitar\u00e1 espacio gratuito a las distintas\u00a0 agrupaciones que lo requieran y se dict\u00f3 un M\u00f3dulo de la Escuela de Formaci\u00f3n Social: \u201cFormulaci\u00f3n, evaluaci\u00f3n y rendici\u00f3n de proyectos\u201d\u00a0 a las y los dirigentes que asistieron.<\/p>\n<\/div><\/section><\/div><div  style='height:50px' class='hr hr-invisible   avia-builder-el-6  el_after_av_one_full  el_before_av_social_share '><span class='hr-inner ' ><span class='hr-inner-style'><\/span><\/span><\/div><\/p>\n<div  class='av-social-sharing-box  avia-builder-el-7  el_after_av_hr  el_before_av_hr  '><div class='av-share-box'><h5 class='av-share-link-description av-no-toc '>Compartir esta noticia<\/h5><ul class='av-share-box-list noLightbox'><li class='av-share-link av-social-link-facebook' ><a target=\"_blank\" aria-label=\"Compartir en Facebook\" href='https:\/\/www.facebook.com\/sharer.php?u=https:\/\/radiorevelacionfm.cl\/?p=45649&#038;t=Mes%20de%20la%20Dirigencia%20Social%20y%20Comunitaria%3A%20Pr%C3%B3ximo%20a%C3%B1o%20se%20instaurar%C3%A1%20un%20Premio%20nacional%20para%20l%C3%ADderes%20y%20lideresas' aria-hidden='false' data-av_icon='\ue8f3' data-av_iconfont='entypo-fontello' title='' data-avia-related-tooltip='Compartir en Facebook' rel=\"noopener\"><span class='avia_hidden_link_text'>Compartir en Facebook<\/span><\/a><\/li><li class='av-share-link av-social-link-twitter' ><a target=\"_blank\" aria-label=\"Compartir en Twitter\" href='https:\/\/twitter.com\/share?text=Mes%20de%20la%20Dirigencia%20Social%20y%20Comunitaria%3A%20Pr%C3%B3ximo%20a%C3%B1o%20se%20instaurar%C3%A1%20un%20Premio%20nacional%20para%20l%C3%ADderes%20y%20lideresas&#038;url=https:\/\/radiorevelacionfm.cl\/?p=45649' aria-hidden='false' data-av_icon='\ue8f1' data-av_iconfont='entypo-fontello' title='' data-avia-related-tooltip='Compartir en Twitter' rel=\"noopener\"><span class='avia_hidden_link_text'>Compartir en Twitter<\/span><\/a><\/li><li class='av-share-link av-social-link-whatsapp' ><a target=\"_blank\" aria-label=\"Compartir en Whatsapp\" href='https:\/\/api.whatsapp.com\/send?text=https:\/\/radiorevelacionfm.cl\/?p=45649' aria-hidden='false' data-av_icon='\uf232' data-av_iconfont='entypo-fontello' title='' data-avia-related-tooltip='Compartir en Whatsapp' rel=\"noopener\"><span class='avia_hidden_link_text'>Compartir en Whatsapp<\/span><\/a><\/li><li class='av-share-link av-social-link-linkedin' ><a target=\"_blank\" aria-label=\"Compartir en LinkedIn\" href='https:\/\/linkedin.com\/shareArticle?mini=true&#038;title=Mes%20de%20la%20Dirigencia%20Social%20y%20Comunitaria%3A%20Pr%C3%B3ximo%20a%C3%B1o%20se%20instaurar%C3%A1%20un%20Premio%20nacional%20para%20l%C3%ADderes%20y%20lideresas&#038;url=https:\/\/radiorevelacionfm.cl\/?p=45649' aria-hidden='false' data-av_icon='\ue8fc' data-av_iconfont='entypo-fontello' title='' data-avia-related-tooltip='Compartir en LinkedIn' rel=\"noopener\"><span class='avia_hidden_link_text'>Compartir en LinkedIn<\/span><\/a><\/li><li class='av-share-link av-social-link-mail' ><a  aria-label=\"Compartir por correo\" href='mailto:?subject=Mes%20de%20la%20Dirigencia%20Social%20y%20Comunitaria%3A%20Pr%C3%B3ximo%20a%C3%B1o%20se%20instaurar%C3%A1%20un%20Premio%20nacional%20para%20l%C3%ADderes%20y%20lideresas&#038;body=https:\/\/radiorevelacionfm.cl\/?p=45649' aria-hidden='false' data-av_icon='\ue805' data-av_iconfont='entypo-fontello' title='' data-avia-related-tooltip='Compartir por correo'><span class='avia_hidden_link_text'>Compartir por correo<\/span><\/a><\/li><\/ul><\/div><\/div>\n<div  style='height:50px' class='hr hr-invisible   avia-builder-el-8  el_after_av_social_share  el_before_av_comments_list '><span class='hr-inner ' ><span class='hr-inner-style'><\/span><\/span><\/div>\n<div  class='av-buildercomment  av-blog-meta-html-info-disabled av-blog-meta-tag-disabled  '><\/div>\n","protected":false},"excerpt":{"rendered":"","protected":false},"author":1,"featured_media":45650,"comment_status":"open","ping_status":"open","sticky":false,"template":"","format":"standard","meta":{"footnotes":""},"categories":[38],"tags":[],"class_list":["post-45649","post","type-post","status-publish","format-standard","has-post-thumbnail","hentry","category-regional"],"jetpack_featured_media_url":"https:\/\/radiorevelacionfm.cl\/wp-content\/uploads\/2024\/08\/dia-dirigente-Pto.Aysen-1-1.jpg","_links":{"self":[{"href":"https:\/\/radiorevelacionfm.cl\/index.php?rest_route=\/wp\/v2\/posts\/45649","targetHints":{"allow":["GET"]}}],"collection":[{"href":"https:\/\/radiorevelacionfm.cl\/index.php?rest_route=\/wp\/v2\/posts"}],"about":[{"href":"https:\/\/radiorevelacionfm.cl\/index.php?rest_route=\/wp\/v2\/types\/post"}],"author":[{"embeddable":true,"href":"https:\/\/radiorevelacionfm.cl\/index.php?rest_route=\/wp\/v2\/users\/1"}],"replies":[{"embeddable":true,"href":"https:\/\/radiorevelacionfm.cl\/index.php?rest_route=%2Fwp%2Fv2%2Fcomments&post=45649"}],"version-history":[{"count":1,"href":"https:\/\/radiorevelacionfm.cl\/index.php?rest_route=\/wp\/v2\/posts\/45649\/revisions"}],"predecessor-version":[{"id":45651,"href":"https:\/\/radiorevelacionfm.cl\/index.php?rest_route=\/wp\/v2\/posts\/45649\/revisions\/45651"}],"wp:featuredmedia":[{"embeddable":true,"href":"https:\/\/radiorevelacionfm.cl\/index.php?rest_route=\/wp\/v2\/media\/45650"}],"wp:attachment":[{"href":"https:\/\/radiorevelacionfm.cl\/index.php?rest_route=%2Fwp%2Fv2%2Fmedia&parent=45649"}],"wp:term":[{"taxonomy":"category","embeddable":true,"href":"https:\/\/radiorevelacionfm.cl\/index.php?rest_route=%2Fwp%2Fv2%2Fcategories&post=45649"},{"taxonomy":"post_tag","embeddable":true,"href":"https:\/\/radiorevelacionfm.cl\/index.php?rest_route=%2Fwp%2Fv2%2Ftags&post=45649"}],"curies":[{"name":"wp","href":"https:\/\/api.w.org\/{rel}","templated":true}]}}