{"id":45646,"date":"2024-08-29T16:30:18","date_gmt":"2024-08-29T19:30:18","guid":{"rendered":"https:\/\/radiorevelacionfm.cl\/?p=45646"},"modified":"2024-09-11T19:13:42","modified_gmt":"2024-09-11T22:13:42","slug":"tasa-de-desocupacion-en-la-region-de-aysen-alcanzo-un-42-disminuyendo-25-puntos-porcentuales","status":"publish","type":"post","link":"https:\/\/radiorevelacionfm.cl\/?p=45646","title":{"rendered":"Tasa de desocupaci\u00f3n en la Regi\u00f3n de Ays\u00e9n alcanz\u00f3 un 4,2%, disminuyendo 2,5 puntos porcentuales"},"content":{"rendered":"<div class=\"flex_column av_one_full  flex_column_div av-zero-column-padding first  avia-builder-el-0  el_before_av_one_full  avia-builder-el-first  \" style='border-radius:0px; '><div  class='avia-image-container  av-styling-    avia-builder-el-1  avia-builder-el-no-sibling  avia-align-center '  itemprop=\"image\" itemscope=\"itemscope\" itemtype=\"https:\/\/schema.org\/ImageObject\"  ><div class='avia-image-container-inner'><div class='avia-image-overlay-wrap'><img decoding=\"async\" class='wp-image-45647 avia-img-lazy-loading-not-45647 avia_image' src=\"https:\/\/radiorevelacionfm.cl\/wp-content\/uploads\/2024\/08\/Trabajadores-Obras-Aysen1_optimized.jpg\" alt='' title='Trabajadores-Obras Aysen(1)_optimized' height=\"600\" width=\"900\"  itemprop=\"thumbnailUrl\" srcset=\"https:\/\/radiorevelacionfm.cl\/wp-content\/uploads\/2024\/08\/Trabajadores-Obras-Aysen1_optimized.jpg 900w, https:\/\/radiorevelacionfm.cl\/wp-content\/uploads\/2024\/08\/Trabajadores-Obras-Aysen1_optimized-300x200.jpg 300w, https:\/\/radiorevelacionfm.cl\/wp-content\/uploads\/2024\/08\/Trabajadores-Obras-Aysen1_optimized-768x512.jpg 768w, https:\/\/radiorevelacionfm.cl\/wp-content\/uploads\/2024\/08\/Trabajadores-Obras-Aysen1_optimized-705x470.jpg 705w, https:\/\/radiorevelacionfm.cl\/wp-content\/uploads\/2024\/08\/Trabajadores-Obras-Aysen1_optimized-450x300.jpg 450w, https:\/\/radiorevelacionfm.cl\/wp-content\/uploads\/2024\/08\/Trabajadores-Obras-Aysen1_optimized-600x400.jpg 600w\" sizes=\"(max-width: 900px) 100vw, 900px\" \/><\/div><\/div><\/div><\/div><div class=\"flex_column av_one_full  flex_column_div av-zero-column-padding first  avia-builder-el-2  el_after_av_one_full  el_before_av_one_full  column-top-margin\" style='border-radius:0px; '><section class=\"av_textblock_section \"  itemscope=\"itemscope\" itemtype=\"https:\/\/schema.org\/BlogPosting\" itemprop=\"blogPost\" ><div class='avia_textblock  '   itemprop=\"text\" ><p style=\"text-align: center;\"><strong><span style=\"font-size: 18pt;\">Tasa de desocupaci\u00f3n en la Regi\u00f3n de Ays\u00e9n alcanz\u00f3 un 4,2%, disminuyendo 2,5 puntos porcentuales<\/span><\/strong><\/p>\n<div id=\"gtx-trans\" style=\"position: absolute; left: -50px; top: 4.31534px;\">\n<div class=\"gtx-trans-icon\"><\/div>\n<\/div>\n<\/div><\/section><\/div><div class=\"flex_column av_one_full  flex_column_div av-zero-column-padding first  avia-builder-el-4  el_after_av_one_full  el_before_av_hr  column-top-margin\" style='border-radius:0px; '><section class=\"av_textblock_section \"  itemscope=\"itemscope\" itemtype=\"https:\/\/schema.org\/BlogPosting\" itemprop=\"blogPost\" ><div class='avia_textblock  '   itemprop=\"text\" ><p style=\"text-align: justify;\">En el trimestre mayo &#8211; julio 2024, la tasa de desocupaci\u00f3n regional fue 4,2%, disminuyendo 2,5 puntos porcentuales (pp.) en doce meses de acuerdo con la informaci\u00f3n registrada en la Encuesta Nacional de Empleo (ENE) que elabora el Instituto Nacional de Estad\u00edsticas de Chile (INE). Por su parte, la estimaci\u00f3n de personas ocupadas aument\u00f3 2,4% en doce meses, siendo incidida por mujeres quienes presentaron un aumento de 4,5%, mientras que los ocupados hombres registraron un aumento de 0,7%.<\/p>\n<p style=\"text-align: justify;\">En doce meses el aumento de la poblaci\u00f3n ocupada, se fundament\u00f3 por alojamiento y servicios de comida, quienes presentaron un crecimiento de 39,8%, actividades econ\u00f3micas que forman parte del sector turismo, seguido de administraci\u00f3n p\u00fablica (8,5%) y agricultura, ganader\u00eda y pesca (15,0%). Por otro lado, la actividad econ\u00f3mica que vari\u00f3 negativamente, fue el sector comercio (-7.8%).<\/p>\n<p style=\"text-align: justify;\">El Seremi de Econom\u00eda de la Regi\u00f3n de Ays\u00e9n, Felipe Rojas Pizarro, relev\u00f3 la importancia de estas cifras, las que se traducen en buenas noticias para la econom\u00eda territorial; <em>\u201cEstas cifras que adelantan la evoluci\u00f3n del segundo semestre, dan cuenta de un mejor desempe\u00f1o del sector turismo, como as\u00ed tambi\u00e9n de los sectores primarios. No obstante el menor desempe\u00f1o en el comercio, que present\u00f3 una disminuci\u00f3n de personas ocupadas en este sector, es un s\u00edntoma que nos preocupa y ocupa, por tanto continuaremos con el monitoreo de este sector en particular, para ir evidenciando su desarrollo de cara a fin de a\u00f1o\u201d.<\/em><\/p>\n<p style=\"text-align: justify;\">Por su parte, el Seremi del Trabajo y Previsi\u00f3n Social, de la Regi\u00f3n de Ays\u00e9n, Rodrigo D\u00edaz Cordaro, puso sobre relieve la relevancia de estas cifras regionales, mencionando que: <em>\u201cAcabamos de recibir el informe del INE del desempleo, nuevamente en nuestra Regi\u00f3n de Ays\u00e9n, vuelve a bajar el desempleo, estamos en torno al 4,2%. Estas cifras son las mejores del pa\u00eds, pero no obstante aquello, estamos redoblando los esfuerzos para seguir mejorando la empleabilidad y por ejemplo, estamos trabajando con Sence para hacer una feria laboral en octubre, con empresas vinculadas al mar, pesca y acuicultura, de tal manera de aportar de mejor forma a la empleabilidad en la Regi\u00f3n de Ays\u00e9n\u201d.<\/em><\/p>\n<\/div><\/section><\/div><div  style='height:50px' class='hr hr-invisible   avia-builder-el-6  el_after_av_one_full  el_before_av_social_share '><span class='hr-inner ' ><span class='hr-inner-style'><\/span><\/span><\/div><\/p>\n<div  class='av-social-sharing-box  avia-builder-el-7  el_after_av_hr  el_before_av_hr  '><div class='av-share-box'><h5 class='av-share-link-description av-no-toc '>Compartir esta noticia<\/h5><ul class='av-share-box-list noLightbox'><li class='av-share-link av-social-link-facebook' ><a target=\"_blank\" aria-label=\"Compartir en Facebook\" href='https:\/\/www.facebook.com\/sharer.php?u=https:\/\/radiorevelacionfm.cl\/?p=45646&#038;t=Tasa%20de%20desocupaci%C3%B3n%20en%20la%20Regi%C3%B3n%20de%20Ays%C3%A9n%20alcanz%C3%B3%20un%204%2C2%25%2C%20disminuyendo%202%2C5%20puntos%20porcentuales' aria-hidden='false' data-av_icon='\ue8f3' data-av_iconfont='entypo-fontello' title='' data-avia-related-tooltip='Compartir en Facebook' rel=\"noopener\"><span class='avia_hidden_link_text'>Compartir en Facebook<\/span><\/a><\/li><li class='av-share-link av-social-link-twitter' ><a target=\"_blank\" aria-label=\"Compartir en Twitter\" href='https:\/\/twitter.com\/share?text=Tasa%20de%20desocupaci%C3%B3n%20en%20la%20Regi%C3%B3n%20de%20Ays%C3%A9n%20alcanz%C3%B3%20un%204%2C2%25%2C%20disminuyendo%202%2C5%20puntos%20porcentuales&#038;url=https:\/\/radiorevelacionfm.cl\/?p=45646' aria-hidden='false' data-av_icon='\ue8f1' data-av_iconfont='entypo-fontello' title='' data-avia-related-tooltip='Compartir en Twitter' rel=\"noopener\"><span class='avia_hidden_link_text'>Compartir en Twitter<\/span><\/a><\/li><li class='av-share-link av-social-link-whatsapp' ><a target=\"_blank\" aria-label=\"Compartir en Whatsapp\" href='https:\/\/api.whatsapp.com\/send?text=https:\/\/radiorevelacionfm.cl\/?p=45646' aria-hidden='false' data-av_icon='\uf232' data-av_iconfont='entypo-fontello' title='' data-avia-related-tooltip='Compartir en Whatsapp' rel=\"noopener\"><span class='avia_hidden_link_text'>Compartir en Whatsapp<\/span><\/a><\/li><li class='av-share-link av-social-link-linkedin' ><a target=\"_blank\" aria-label=\"Compartir en LinkedIn\" href='https:\/\/linkedin.com\/shareArticle?mini=true&#038;title=Tasa%20de%20desocupaci%C3%B3n%20en%20la%20Regi%C3%B3n%20de%20Ays%C3%A9n%20alcanz%C3%B3%20un%204%2C2%25%2C%20disminuyendo%202%2C5%20puntos%20porcentuales&#038;url=https:\/\/radiorevelacionfm.cl\/?p=45646' aria-hidden='false' data-av_icon='\ue8fc' data-av_iconfont='entypo-fontello' title='' data-avia-related-tooltip='Compartir en LinkedIn' rel=\"noopener\"><span class='avia_hidden_link_text'>Compartir en LinkedIn<\/span><\/a><\/li><li class='av-share-link av-social-link-mail' ><a  aria-label=\"Compartir por correo\" href='mailto:?subject=Tasa%20de%20desocupaci%C3%B3n%20en%20la%20Regi%C3%B3n%20de%20Ays%C3%A9n%20alcanz%C3%B3%20un%204%2C2%25%2C%20disminuyendo%202%2C5%20puntos%20porcentuales&#038;body=https:\/\/radiorevelacionfm.cl\/?p=45646' aria-hidden='false' data-av_icon='\ue805' data-av_iconfont='entypo-fontello' title='' data-avia-related-tooltip='Compartir por correo'><span class='avia_hidden_link_text'>Compartir por correo<\/span><\/a><\/li><\/ul><\/div><\/div>\n<div  style='height:50px' class='hr hr-invisible   avia-builder-el-8  el_after_av_social_share  el_before_av_comments_list '><span class='hr-inner ' ><span class='hr-inner-style'><\/span><\/span><\/div>\n<div  class='av-buildercomment  av-blog-meta-html-info-disabled av-blog-meta-tag-disabled  '><\/div>\n","protected":false},"excerpt":{"rendered":"","protected":false},"author":1,"featured_media":45647,"comment_status":"open","ping_status":"open","sticky":false,"template":"","format":"standard","meta":{"footnotes":""},"categories":[56],"tags":[],"class_list":["post-45646","post","type-post","status-publish","format-standard","has-post-thumbnail","hentry","category-trabajo"],"jetpack_featured_media_url":"https:\/\/radiorevelacionfm.cl\/wp-content\/uploads\/2024\/08\/Trabajadores-Obras-Aysen1_optimized.jpg","_links":{"self":[{"href":"https:\/\/radiorevelacionfm.cl\/index.php?rest_route=\/wp\/v2\/posts\/45646","targetHints":{"allow":["GET"]}}],"collection":[{"href":"https:\/\/radiorevelacionfm.cl\/index.php?rest_route=\/wp\/v2\/posts"}],"about":[{"href":"https:\/\/radiorevelacionfm.cl\/index.php?rest_route=\/wp\/v2\/types\/post"}],"author":[{"embeddable":true,"href":"https:\/\/radiorevelacionfm.cl\/index.php?rest_route=\/wp\/v2\/users\/1"}],"replies":[{"embeddable":true,"href":"https:\/\/radiorevelacionfm.cl\/index.php?rest_route=%2Fwp%2Fv2%2Fcomments&post=45646"}],"version-history":[{"count":1,"href":"https:\/\/radiorevelacionfm.cl\/index.php?rest_route=\/wp\/v2\/posts\/45646\/revisions"}],"predecessor-version":[{"id":45648,"href":"https:\/\/radiorevelacionfm.cl\/index.php?rest_route=\/wp\/v2\/posts\/45646\/revisions\/45648"}],"wp:featuredmedia":[{"embeddable":true,"href":"https:\/\/radiorevelacionfm.cl\/index.php?rest_route=\/wp\/v2\/media\/45647"}],"wp:attachment":[{"href":"https:\/\/radiorevelacionfm.cl\/index.php?rest_route=%2Fwp%2Fv2%2Fmedia&parent=45646"}],"wp:term":[{"taxonomy":"category","embeddable":true,"href":"https:\/\/radiorevelacionfm.cl\/index.php?rest_route=%2Fwp%2Fv2%2Fcategories&post=45646"},{"taxonomy":"post_tag","embeddable":true,"href":"https:\/\/radiorevelacionfm.cl\/index.php?rest_route=%2Fwp%2Fv2%2Ftags&post=45646"}],"curies":[{"name":"wp","href":"https:\/\/api.w.org\/{rel}","templated":true}]}}