{"id":45643,"date":"2024-08-30T10:53:40","date_gmt":"2024-08-30T13:53:40","guid":{"rendered":"https:\/\/radiorevelacionfm.cl\/?p=45643"},"modified":"2024-08-30T10:53:40","modified_gmt":"2024-08-30T13:53:40","slug":"slep-aysen-realiza-reconocimiento-a-docentes-destacadas-en-ultima-evaluacion-docente","status":"publish","type":"post","link":"https:\/\/radiorevelacionfm.cl\/?p=45643","title":{"rendered":"SLEP Ays\u00e9n realiza reconocimiento a docentes destacadas en \u00faltima evaluaci\u00f3n docente"},"content":{"rendered":"<div class=\"flex_column av_one_full  flex_column_div av-zero-column-padding first  avia-builder-el-0  el_before_av_one_full  avia-builder-el-first  \" style='border-radius:0px; '><div  class='avia-image-container  av-styling-    avia-builder-el-1  avia-builder-el-no-sibling  avia-align-center '  itemprop=\"image\" itemscope=\"itemscope\" itemtype=\"https:\/\/schema.org\/ImageObject\"  ><div class='avia-image-container-inner'><div class='avia-image-overlay-wrap'><img decoding=\"async\" class='wp-image-45644 avia-img-lazy-loading-not-45644 avia_image' src=\"https:\/\/radiorevelacionfm.cl\/wp-content\/uploads\/2024\/08\/1_edited-1_optimized.jpg\" alt='' title='1_edited-(1)_optimized' height=\"600\" width=\"875\"  itemprop=\"thumbnailUrl\" srcset=\"https:\/\/radiorevelacionfm.cl\/wp-content\/uploads\/2024\/08\/1_edited-1_optimized.jpg 875w, https:\/\/radiorevelacionfm.cl\/wp-content\/uploads\/2024\/08\/1_edited-1_optimized-300x206.jpg 300w, https:\/\/radiorevelacionfm.cl\/wp-content\/uploads\/2024\/08\/1_edited-1_optimized-768x527.jpg 768w, https:\/\/radiorevelacionfm.cl\/wp-content\/uploads\/2024\/08\/1_edited-1_optimized-705x483.jpg 705w, https:\/\/radiorevelacionfm.cl\/wp-content\/uploads\/2024\/08\/1_edited-1_optimized-450x309.jpg 450w, https:\/\/radiorevelacionfm.cl\/wp-content\/uploads\/2024\/08\/1_edited-1_optimized-600x411.jpg 600w\" sizes=\"(max-width: 875px) 100vw, 875px\" \/><\/div><\/div><\/div><\/div><div class=\"flex_column av_one_full  flex_column_div av-zero-column-padding first  avia-builder-el-2  el_after_av_one_full  el_before_av_one_full  column-top-margin\" style='border-radius:0px; '><section class=\"av_textblock_section \"  itemscope=\"itemscope\" itemtype=\"https:\/\/schema.org\/BlogPosting\" itemprop=\"blogPost\" ><div class='avia_textblock  '   itemprop=\"text\" ><p style=\"text-align: center;\"><span style=\"font-size: 18pt;\"><strong>SLEP Ays\u00e9n realiza reconocimiento a docentes destacadas en \u00faltima evaluaci\u00f3n docente <\/strong><\/span><\/p>\n<div id=\"gtx-trans\" style=\"position: absolute; left: -50px; top: 4.31534px;\">\n<div class=\"gtx-trans-icon\"><\/div>\n<\/div>\n<\/div><\/section><\/div><div class=\"flex_column av_one_full  flex_column_div av-zero-column-padding first  avia-builder-el-4  el_after_av_one_full  el_before_av_hr  column-top-margin\" style='border-radius:0px; '><section class=\"av_textblock_section \"  itemscope=\"itemscope\" itemtype=\"https:\/\/schema.org\/BlogPosting\" itemprop=\"blogPost\" ><div class='avia_textblock  '   itemprop=\"text\" ><p style=\"text-align: justify;\"><em>El sistema de reconocimiento docente es una iniciativa clave para fortalecer el perfil profesional de los profesionales y mejorar la calidad de la educaci\u00f3n en el pa\u00eds. Mediante la valoraci\u00f3n del esfuerzo y la dedicaci\u00f3n de los y las docentes, se busca construir un sistema educativo m\u00e1s s\u00f3lido y efectivo.<\/em><\/p>\n<p style=\"text-align: justify;\">Esta semana el Servicio Local de Educaci\u00f3n P\u00fablica de Ays\u00e9n realiz\u00f3 un merecido reconocimiento a diez docentes que lograron el tramo superior Experto II en el \u00faltimo proceso realizado por el Sistema de Reconocimiento y promoci\u00f3n para el desarrollo profesional docente a\u00f1o 2023, impulsado por el Ministerio de Educaci\u00f3n.<\/p>\n<p style=\"text-align: justify;\">En la instancia, las profesionales compartieron sus experiencias en la labor docente desde su territorio, hecho que valor\u00f3 el director ejecutivo del SLEP Ays\u00e9n, Sebasti\u00e1n Gonz\u00e1lez se\u00f1alando que \u201cestamos muy contentos de poder reconocer el esfuerzo de las docentes de la educaci\u00f3n p\u00fablica que lograron el tramo superior en la evaluaci\u00f3n docente, a las que se suman adem\u00e1s otros 59 docentes que avanzaron al tramo Experto 1. Estos resultados nos indican que en la regi\u00f3n de Ays\u00e9n tenemos funcionarias y funcionarios muy comprometidos con la labor docente y que se esfuerzan por mejorar su desarrollo profesional, lo que no solo es un logro personal para cada uno de ellos, sino que permite ir mejorando la calidad de los procesos de ense\u00f1anza aprendizaje que se da en cada sala de clases de nuestro territorio. Reiteramos nuestro agradecimiento a cada una de ellas y esperamos que resultados como estos se repliquen y aumenten cada a\u00f1o, ya que esta Nueva Educaci\u00f3n P\u00fablica se debe construir con la contribuci\u00f3n de cada miembro de las 66 comunidades educativas p\u00fablicas de nuestra regi\u00f3n\u201d.<\/p>\n<p style=\"text-align: justify;\">El sistema de reconocimiento docente busca no solo premiar a los mejores educadores y educadoras, sino tambi\u00e9n inspirar a todo el personal docente a alcanzar altos est\u00e1ndares de calidad. Al reconocer y premiar la excelencia, se espera generar un efecto positivo en la motivaci\u00f3n de los y las \u00a0docentes y en la calidad general del sistema educativo p\u00fablico.<\/p>\n<p style=\"text-align: justify;\">Cabe destacar que el resultado de este tramo se obtuvo por el trabajo desarrollado por las docentes a trav\u00e9s de la creaci\u00f3n del portafolio y la evaluaci\u00f3n de conocimientos espec\u00edficos y pedag\u00f3gicos, sumado a sus a\u00f1os de experiencia. Los docentes ubicados en los tramos Avanzado, Experto 1 y 2, podr\u00e1n adem\u00e1s acceder a participar de acciones de formaci\u00f3n como la Red de Maestros de Maestros, formaci\u00f3n de mentores, y acciones formativas gratuitas de Centro de Perfeccionamiento, Experimentaci\u00f3n e Investigaciones Pedag\u00f3gicas, CPEIP, del Ministerio de Educaci\u00f3n.<\/p>\n<p style=\"text-align: justify;\">Para M\u00f3nica Vargas, docente de la Escuela Pedro Quintana Mansilla \u201cesta es una hermosa instancia de reconocimiento, de poder estar juntas, ver que no estamos solas en el trabajo de la educaci\u00f3n p\u00fablica. No siempre se hacen estas instancias donde se reconoce el trabajo y el esfuerzo y eso se agradece. Con respecto al trabajo realizado y su consejo para los otros docentes sobre c\u00f3mo abordar este proceso, la docente agreg\u00f3 \u201cquiero entregar un mensaje para mis colegas docentes; para los que reci\u00e9n empiezan les aconsejo que busquen apoyo, busquen colegas que sean emp\u00e1ticos que les puedan compartir sus propias experiencias. A los con m\u00e1s trayectoria, que no pierdan su vocaci\u00f3n y que recuerden que lo m\u00e1s importante y, por lo que estamos aqu\u00ed, son los ni\u00f1os, ni\u00f1as y j\u00f3venes de nuestras escuelas y liceos\u201d.<\/p>\n<p style=\"text-align: justify;\">Las docentes destacadas en el tramo Experto 2 son Sandra Ulloa Colivoro y Lorena Mata Rojas de la Escuela Baquedano de Coyhaique. Jessica G\u00f3mez S\u00e1nchez, Myriam Huerta Monsalve y M\u00f3nica Vargas Toledo de la Escuela Pedro Quintana Mansilla de Coyhaique; Sandra D\u00edaz Cayul de la Escuela Rural R\u00edo Blanco, sector El Blanco; Paula Gallardo Miranda de la Escuela B\u00e1sica Poetisa Gabriela Mistral de Puerto Ays\u00e9n. Denise Zollner Iracheta, de la Escuela Eusebio Ibar Schepeler de La Junta, Claudia San Mart\u00edn Araneda de la Escuela Comandante Luis Bravo Bravo de Caleta Tortel y Susana Viegas S\u00e1nchez, perteneciente al Liceo Bicentenario Austral Lord Cochrane.<\/p>\n<\/div><\/section><\/div><div  style='height:50px' class='hr hr-invisible   avia-builder-el-6  el_after_av_one_full  el_before_av_social_share '><span class='hr-inner ' ><span class='hr-inner-style'><\/span><\/span><\/div><\/p>\n<div  class='av-social-sharing-box  avia-builder-el-7  el_after_av_hr  el_before_av_hr  '><div class='av-share-box'><h5 class='av-share-link-description av-no-toc '>Compartir esta noticia<\/h5><ul class='av-share-box-list noLightbox'><li class='av-share-link av-social-link-facebook' ><a target=\"_blank\" aria-label=\"Compartir en Facebook\" href='https:\/\/www.facebook.com\/sharer.php?u=https:\/\/radiorevelacionfm.cl\/?p=45643&#038;t=SLEP%20Ays%C3%A9n%20realiza%20reconocimiento%20a%20docentes%20destacadas%20en%20%C3%BAltima%20evaluaci%C3%B3n%20docente' aria-hidden='false' data-av_icon='\ue8f3' data-av_iconfont='entypo-fontello' title='' data-avia-related-tooltip='Compartir en Facebook' rel=\"noopener\"><span class='avia_hidden_link_text'>Compartir en Facebook<\/span><\/a><\/li><li class='av-share-link av-social-link-twitter' ><a target=\"_blank\" aria-label=\"Compartir en Twitter\" href='https:\/\/twitter.com\/share?text=SLEP%20Ays%C3%A9n%20realiza%20reconocimiento%20a%20docentes%20destacadas%20en%20%C3%BAltima%20evaluaci%C3%B3n%20docente&#038;url=https:\/\/radiorevelacionfm.cl\/?p=45643' aria-hidden='false' data-av_icon='\ue8f1' data-av_iconfont='entypo-fontello' title='' data-avia-related-tooltip='Compartir en Twitter' rel=\"noopener\"><span class='avia_hidden_link_text'>Compartir en Twitter<\/span><\/a><\/li><li class='av-share-link av-social-link-whatsapp' ><a target=\"_blank\" aria-label=\"Compartir en Whatsapp\" href='https:\/\/api.whatsapp.com\/send?text=https:\/\/radiorevelacionfm.cl\/?p=45643' aria-hidden='false' data-av_icon='\uf232' data-av_iconfont='entypo-fontello' title='' data-avia-related-tooltip='Compartir en Whatsapp' rel=\"noopener\"><span class='avia_hidden_link_text'>Compartir en Whatsapp<\/span><\/a><\/li><li class='av-share-link av-social-link-linkedin' ><a target=\"_blank\" aria-label=\"Compartir en LinkedIn\" href='https:\/\/linkedin.com\/shareArticle?mini=true&#038;title=SLEP%20Ays%C3%A9n%20realiza%20reconocimiento%20a%20docentes%20destacadas%20en%20%C3%BAltima%20evaluaci%C3%B3n%20docente&#038;url=https:\/\/radiorevelacionfm.cl\/?p=45643' aria-hidden='false' data-av_icon='\ue8fc' data-av_iconfont='entypo-fontello' title='' data-avia-related-tooltip='Compartir en LinkedIn' rel=\"noopener\"><span class='avia_hidden_link_text'>Compartir en LinkedIn<\/span><\/a><\/li><li class='av-share-link av-social-link-mail' ><a  aria-label=\"Compartir por correo\" href='mailto:?subject=SLEP%20Ays%C3%A9n%20realiza%20reconocimiento%20a%20docentes%20destacadas%20en%20%C3%BAltima%20evaluaci%C3%B3n%20docente&#038;body=https:\/\/radiorevelacionfm.cl\/?p=45643' aria-hidden='false' data-av_icon='\ue805' data-av_iconfont='entypo-fontello' title='' data-avia-related-tooltip='Compartir por correo'><span class='avia_hidden_link_text'>Compartir por correo<\/span><\/a><\/li><\/ul><\/div><\/div>\n<div  style='height:50px' class='hr hr-invisible   avia-builder-el-8  el_after_av_social_share  el_before_av_comments_list '><span class='hr-inner ' ><span class='hr-inner-style'><\/span><\/span><\/div>\n<div  class='av-buildercomment  av-blog-meta-html-info-disabled av-blog-meta-tag-disabled  '><\/div>\n","protected":false},"excerpt":{"rendered":"","protected":false},"author":1,"featured_media":45644,"comment_status":"open","ping_status":"open","sticky":false,"template":"","format":"standard","meta":{"footnotes":""},"categories":[49],"tags":[],"class_list":["post-45643","post","type-post","status-publish","format-standard","has-post-thumbnail","hentry","category-educacion"],"jetpack_featured_media_url":"https:\/\/radiorevelacionfm.cl\/wp-content\/uploads\/2024\/08\/1_edited-1_optimized.jpg","_links":{"self":[{"href":"https:\/\/radiorevelacionfm.cl\/index.php?rest_route=\/wp\/v2\/posts\/45643","targetHints":{"allow":["GET"]}}],"collection":[{"href":"https:\/\/radiorevelacionfm.cl\/index.php?rest_route=\/wp\/v2\/posts"}],"about":[{"href":"https:\/\/radiorevelacionfm.cl\/index.php?rest_route=\/wp\/v2\/types\/post"}],"author":[{"embeddable":true,"href":"https:\/\/radiorevelacionfm.cl\/index.php?rest_route=\/wp\/v2\/users\/1"}],"replies":[{"embeddable":true,"href":"https:\/\/radiorevelacionfm.cl\/index.php?rest_route=%2Fwp%2Fv2%2Fcomments&post=45643"}],"version-history":[{"count":1,"href":"https:\/\/radiorevelacionfm.cl\/index.php?rest_route=\/wp\/v2\/posts\/45643\/revisions"}],"predecessor-version":[{"id":45645,"href":"https:\/\/radiorevelacionfm.cl\/index.php?rest_route=\/wp\/v2\/posts\/45643\/revisions\/45645"}],"wp:featuredmedia":[{"embeddable":true,"href":"https:\/\/radiorevelacionfm.cl\/index.php?rest_route=\/wp\/v2\/media\/45644"}],"wp:attachment":[{"href":"https:\/\/radiorevelacionfm.cl\/index.php?rest_route=%2Fwp%2Fv2%2Fmedia&parent=45643"}],"wp:term":[{"taxonomy":"category","embeddable":true,"href":"https:\/\/radiorevelacionfm.cl\/index.php?rest_route=%2Fwp%2Fv2%2Fcategories&post=45643"},{"taxonomy":"post_tag","embeddable":true,"href":"https:\/\/radiorevelacionfm.cl\/index.php?rest_route=%2Fwp%2Fv2%2Ftags&post=45643"}],"curies":[{"name":"wp","href":"https:\/\/api.w.org\/{rel}","templated":true}]}}