{"id":45637,"date":"2024-08-29T22:03:22","date_gmt":"2024-08-30T01:03:22","guid":{"rendered":"https:\/\/radiorevelacionfm.cl\/?p=45637"},"modified":"2024-08-29T22:03:22","modified_gmt":"2024-08-30T01:03:22","slug":"convenio-permitira-reducir-listas-de-espera-en-oftalmologia-cardiologia-traumatologia-y-ginecologia-entre-otras-especialidades","status":"publish","type":"post","link":"https:\/\/radiorevelacionfm.cl\/?p=45637","title":{"rendered":"Convenio permitir\u00e1 reducir listas de espera en oftalmolog\u00eda, cardiolog\u00eda, traumatolog\u00eda y ginecolog\u00eda, entre otras especialidades"},"content":{"rendered":"<div class=\"flex_column av_one_full  flex_column_div av-zero-column-padding first  avia-builder-el-0  el_before_av_one_full  avia-builder-el-first  \" style='border-radius:0px; '><div  class='avia-image-container  av-styling-    avia-builder-el-1  avia-builder-el-no-sibling  avia-align-center '  itemprop=\"image\" itemscope=\"itemscope\" itemtype=\"https:\/\/schema.org\/ImageObject\"  ><div class='avia-image-container-inner'><div class='avia-image-overlay-wrap'><img decoding=\"async\" class='wp-image-45638 avia-img-lazy-loading-not-45638 avia_image' src=\"https:\/\/radiorevelacionfm.cl\/wp-content\/uploads\/2024\/08\/WhatsApp-Image-2024-08-28-at-7.02.29-PM-1-1.jpeg\" alt='' title='WhatsApp Image 2024-08-28 at 7.02.29 PM (1) (1)' height=\"600\" width=\"881\"  itemprop=\"thumbnailUrl\" srcset=\"https:\/\/radiorevelacionfm.cl\/wp-content\/uploads\/2024\/08\/WhatsApp-Image-2024-08-28-at-7.02.29-PM-1-1.jpeg 881w, https:\/\/radiorevelacionfm.cl\/wp-content\/uploads\/2024\/08\/WhatsApp-Image-2024-08-28-at-7.02.29-PM-1-1-300x204.jpeg 300w, https:\/\/radiorevelacionfm.cl\/wp-content\/uploads\/2024\/08\/WhatsApp-Image-2024-08-28-at-7.02.29-PM-1-1-768x523.jpeg 768w, https:\/\/radiorevelacionfm.cl\/wp-content\/uploads\/2024\/08\/WhatsApp-Image-2024-08-28-at-7.02.29-PM-1-1-705x480.jpeg 705w, https:\/\/radiorevelacionfm.cl\/wp-content\/uploads\/2024\/08\/WhatsApp-Image-2024-08-28-at-7.02.29-PM-1-1-450x306.jpeg 450w, https:\/\/radiorevelacionfm.cl\/wp-content\/uploads\/2024\/08\/WhatsApp-Image-2024-08-28-at-7.02.29-PM-1-1-600x409.jpeg 600w\" sizes=\"(max-width: 881px) 100vw, 881px\" \/><\/div><\/div><\/div><\/div><div class=\"flex_column av_one_full  flex_column_div av-zero-column-padding first  avia-builder-el-2  el_after_av_one_full  el_before_av_one_full  column-top-margin\" style='border-radius:0px; '><section class=\"av_textblock_section \"  itemscope=\"itemscope\" itemtype=\"https:\/\/schema.org\/BlogPosting\" itemprop=\"blogPost\" ><div class='avia_textblock  '   itemprop=\"text\" ><p style=\"text-align: center;\"><strong><span style=\"font-size: 18pt;\">Convenio permitir\u00e1 reducir listas de espera en oftalmolog\u00eda, cardiolog\u00eda, traumatolog\u00eda y ginecolog\u00eda, entre otras especialidades<\/span><\/strong><\/p>\n<div id=\"gtx-trans\" style=\"position: absolute; left: -50px; top: 4.31534px;\">\n<div class=\"gtx-trans-icon\"><\/div>\n<\/div>\n<\/div><\/section><\/div><div class=\"flex_column av_one_full  flex_column_div av-zero-column-padding first  avia-builder-el-4  el_after_av_one_full  el_before_av_hr  column-top-margin\" style='border-radius:0px; '><section class=\"av_textblock_section \"  itemscope=\"itemscope\" itemtype=\"https:\/\/schema.org\/BlogPosting\" itemprop=\"blogPost\" ><div class='avia_textblock  '   itemprop=\"text\" ><p dir=\"ltr\" style=\"text-align: justify;\">Este mi\u00e9rcoles se firm\u00f3 el convenio que le da el vamos al Programa de Reducci\u00f3n Integral de Pacientes en Listas de Espera, entre el Gobierno Regional y el Servicio de Salud de Ays\u00e9n, iniciativa que permitir\u00e1 brindar 13.649 atenciones pendientes a usuarios de la red asistencial.<\/p>\n<p dir=\"ltr\" style=\"text-align: justify;\">La Gobernadora Regional Andrea Mac\u00edas Palma relev\u00f3 que se trata de un avance importante que se debe al proceso de descentralizaci\u00f3n ya que \u00abcuando los gobiernos regionales tienen la suficiente autonom\u00eda para definir qu\u00e9 hacer con sus recursos, podemos atender de manera importante a las necesidades reales que tiene la comunidad\u00bb.<\/p>\n<p dir=\"ltr\" style=\"text-align: justify;\">\u00abEste programa de reducci\u00f3n de lista de espera en el \u00e1mbito de la salud, va finalmente a realizar m\u00e1s de 13.000 prestaciones para distintas personas que necesitan consultas de especialidad, cirug\u00eda, procedimientos m\u00e9dicos, ex\u00e1menes, habilitaci\u00f3n de unidades de otorrinolaringolog\u00eda, oftalmolog\u00eda, tambi\u00e9n la habilitaci\u00f3n de ciertos espacios que se requieren, pabellones plomados, por ejemplo, para poder realizar otros tipos de ex\u00e1menes que hoy d\u00eda no se est\u00e1n haciendo en la regi\u00f3n\u00bb, afirm\u00f3 la m\u00e1xima autoridad regional.<\/p>\n<p dir=\"ltr\" style=\"text-align: justify;\">El programa se desarrollar\u00e1 a lo largo de un a\u00f1o, y ser\u00e1 a trav\u00e9s de procedimientos en los Hospitales de Puerto Ays\u00e9n y Regional de Coyhaique, aunque no necesariamente de manera exclusiva en esos establecimientos, seg\u00fan explic\u00f3 el Director del Servicio de Salud Ays\u00e9n, Juan Pablo Bravo.<\/p>\n<p dir=\"ltr\" style=\"text-align: justify;\">\u00abObviamente las intervenciones quir\u00fargicas van a ser prestadas por estos dos establecimientos, pero las consultas nuevas de especialidad tambi\u00e9n vamos a poder hacer operativos, vamos a poder salir a terreno, acercarnos a la comunidad, que tambi\u00e9n lo que estamos propendiendo como servicio de salud es acercar la salud a nuestras comunidades\u00bb, detall\u00f3.<\/p>\n<p dir=\"ltr\" style=\"text-align: justify;\">El programa abarca a todos los establecimientos de la red, y buscar\u00e1 optimizar horarios inh\u00e1biles y dar uso de los espacios f\u00edsicos libres. A trav\u00e9s de 3 componentes se implementar\u00e1 un modelo de acompa\u00f1amiento a los pacientes, se habilitar\u00e1n espacios de intervenci\u00f3n quir\u00fargica, procedimientos diagn\u00f3sticos y de consulta nueva especialidad habilitados; y se realizar\u00e1n atenciones de consultas nueva de especialidad, procedimientos e intervenciones quir\u00fargicas NO GES realizadas.<\/p>\n<p dir=\"ltr\" style=\"text-align: justify;\">Se trata de un programa que fue aprobado por unanimidad en el Pleno del Consejo Regional en mayo de este a\u00f1o. Seg\u00fan la consejera de la comisi\u00f3n social del CORE, Marisol Mart\u00ednez, \u00abse trabaj\u00f3 bastante tiempo en esta iniciativa, primeramente como comisi\u00f3n social, y como lo dijo la gobernadora se hab\u00eda trabajado inicialmente desde la perspectiva que se pod\u00eda realizar a trav\u00e9s de una fundaci\u00f3n. Posteriormente eso se desech\u00f3, pero sigue siendo y sigui\u00f3 siendo de primera prioridad para todo el consejo regional el poder atender la demanda que existe en nuestra regi\u00f3n en materia de listas de espera\u00bb.<\/p>\n<p dir=\"ltr\" style=\"text-align: justify;\">Finalmente, el director (s) del Hospital Regional Coyhaique, Daniel Aravena recogi\u00f3 la posta de la firma asegurando que las listas de espera \u00abcontinuamente est\u00e1n en crecimiento. No todas las veces podemos entregar una atenci\u00f3n inmediata, por lo tanto el hecho de que podamos contar con este apoyo desde el nivel del Gobierno Regional en pos de reducir estas listas es de una gran ayuda, pero a su vez un tremendo desaf\u00edo, por que debemos realizar las coordinaciones para poder generar todas las prestaciones a las que nos estamos comprometiendo\u00bb.<\/p>\n<p dir=\"ltr\" style=\"text-align: justify;\">La inversi\u00f3n entregada por el Gobierno Regional para este Programa es de m\u00e1s de 2.170 millones de pesos y tendr\u00e1 una duraci\u00f3n de 12 meses.<\/p>\n<\/div><\/section><\/div><div  style='height:50px' class='hr hr-invisible   avia-builder-el-6  el_after_av_one_full  el_before_av_social_share '><span class='hr-inner ' ><span class='hr-inner-style'><\/span><\/span><\/div><\/p>\n<div  class='av-social-sharing-box  avia-builder-el-7  el_after_av_hr  el_before_av_hr  '><div class='av-share-box'><h5 class='av-share-link-description av-no-toc '>Compartir esta noticia<\/h5><ul class='av-share-box-list noLightbox'><li class='av-share-link av-social-link-facebook' ><a target=\"_blank\" aria-label=\"Compartir en Facebook\" href='https:\/\/www.facebook.com\/sharer.php?u=https:\/\/radiorevelacionfm.cl\/?p=45637&#038;t=Convenio%20permitir%C3%A1%20reducir%20listas%20de%20espera%20en%20oftalmolog%C3%ADa%2C%20cardiolog%C3%ADa%2C%20traumatolog%C3%ADa%20y%20ginecolog%C3%ADa%2C%20entre%20otras%20especialidades' aria-hidden='false' data-av_icon='\ue8f3' data-av_iconfont='entypo-fontello' title='' data-avia-related-tooltip='Compartir en Facebook' rel=\"noopener\"><span class='avia_hidden_link_text'>Compartir en Facebook<\/span><\/a><\/li><li class='av-share-link av-social-link-twitter' ><a target=\"_blank\" aria-label=\"Compartir en Twitter\" href='https:\/\/twitter.com\/share?text=Convenio%20permitir%C3%A1%20reducir%20listas%20de%20espera%20en%20oftalmolog%C3%ADa%2C%20cardiolog%C3%ADa%2C%20traumatolog%C3%ADa%20y%20ginecolog%C3%ADa%2C%20entre%20otras%20especialidades&#038;url=https:\/\/radiorevelacionfm.cl\/?p=45637' aria-hidden='false' data-av_icon='\ue8f1' data-av_iconfont='entypo-fontello' title='' data-avia-related-tooltip='Compartir en Twitter' rel=\"noopener\"><span class='avia_hidden_link_text'>Compartir en Twitter<\/span><\/a><\/li><li class='av-share-link av-social-link-whatsapp' ><a target=\"_blank\" aria-label=\"Compartir en Whatsapp\" href='https:\/\/api.whatsapp.com\/send?text=https:\/\/radiorevelacionfm.cl\/?p=45637' aria-hidden='false' data-av_icon='\uf232' data-av_iconfont='entypo-fontello' title='' data-avia-related-tooltip='Compartir en Whatsapp' rel=\"noopener\"><span class='avia_hidden_link_text'>Compartir en Whatsapp<\/span><\/a><\/li><li class='av-share-link av-social-link-linkedin' ><a target=\"_blank\" aria-label=\"Compartir en LinkedIn\" href='https:\/\/linkedin.com\/shareArticle?mini=true&#038;title=Convenio%20permitir%C3%A1%20reducir%20listas%20de%20espera%20en%20oftalmolog%C3%ADa%2C%20cardiolog%C3%ADa%2C%20traumatolog%C3%ADa%20y%20ginecolog%C3%ADa%2C%20entre%20otras%20especialidades&#038;url=https:\/\/radiorevelacionfm.cl\/?p=45637' aria-hidden='false' data-av_icon='\ue8fc' data-av_iconfont='entypo-fontello' title='' data-avia-related-tooltip='Compartir en LinkedIn' rel=\"noopener\"><span class='avia_hidden_link_text'>Compartir en LinkedIn<\/span><\/a><\/li><li class='av-share-link av-social-link-mail' ><a  aria-label=\"Compartir por correo\" href='mailto:?subject=Convenio%20permitir%C3%A1%20reducir%20listas%20de%20espera%20en%20oftalmolog%C3%ADa%2C%20cardiolog%C3%ADa%2C%20traumatolog%C3%ADa%20y%20ginecolog%C3%ADa%2C%20entre%20otras%20especialidades&#038;body=https:\/\/radiorevelacionfm.cl\/?p=45637' aria-hidden='false' data-av_icon='\ue805' data-av_iconfont='entypo-fontello' title='' data-avia-related-tooltip='Compartir por correo'><span class='avia_hidden_link_text'>Compartir por correo<\/span><\/a><\/li><\/ul><\/div><\/div>\n<div  style='height:50px' class='hr hr-invisible   avia-builder-el-8  el_after_av_social_share  el_before_av_comments_list '><span class='hr-inner ' ><span class='hr-inner-style'><\/span><\/span><\/div>\n<div  class='av-buildercomment  av-blog-meta-html-info-disabled av-blog-meta-tag-disabled  '><\/div>\n","protected":false},"excerpt":{"rendered":"","protected":false},"author":1,"featured_media":45638,"comment_status":"open","ping_status":"open","sticky":false,"template":"","format":"standard","meta":{"footnotes":""},"categories":[38],"tags":[],"class_list":["post-45637","post","type-post","status-publish","format-standard","has-post-thumbnail","hentry","category-regional"],"jetpack_featured_media_url":"https:\/\/radiorevelacionfm.cl\/wp-content\/uploads\/2024\/08\/WhatsApp-Image-2024-08-28-at-7.02.29-PM-1-1.jpeg","_links":{"self":[{"href":"https:\/\/radiorevelacionfm.cl\/index.php?rest_route=\/wp\/v2\/posts\/45637","targetHints":{"allow":["GET"]}}],"collection":[{"href":"https:\/\/radiorevelacionfm.cl\/index.php?rest_route=\/wp\/v2\/posts"}],"about":[{"href":"https:\/\/radiorevelacionfm.cl\/index.php?rest_route=\/wp\/v2\/types\/post"}],"author":[{"embeddable":true,"href":"https:\/\/radiorevelacionfm.cl\/index.php?rest_route=\/wp\/v2\/users\/1"}],"replies":[{"embeddable":true,"href":"https:\/\/radiorevelacionfm.cl\/index.php?rest_route=%2Fwp%2Fv2%2Fcomments&post=45637"}],"version-history":[{"count":1,"href":"https:\/\/radiorevelacionfm.cl\/index.php?rest_route=\/wp\/v2\/posts\/45637\/revisions"}],"predecessor-version":[{"id":45639,"href":"https:\/\/radiorevelacionfm.cl\/index.php?rest_route=\/wp\/v2\/posts\/45637\/revisions\/45639"}],"wp:featuredmedia":[{"embeddable":true,"href":"https:\/\/radiorevelacionfm.cl\/index.php?rest_route=\/wp\/v2\/media\/45638"}],"wp:attachment":[{"href":"https:\/\/radiorevelacionfm.cl\/index.php?rest_route=%2Fwp%2Fv2%2Fmedia&parent=45637"}],"wp:term":[{"taxonomy":"category","embeddable":true,"href":"https:\/\/radiorevelacionfm.cl\/index.php?rest_route=%2Fwp%2Fv2%2Fcategories&post=45637"},{"taxonomy":"post_tag","embeddable":true,"href":"https:\/\/radiorevelacionfm.cl\/index.php?rest_route=%2Fwp%2Fv2%2Ftags&post=45637"}],"curies":[{"name":"wp","href":"https:\/\/api.w.org\/{rel}","templated":true}]}}