{"id":45634,"date":"2024-08-29T14:20:58","date_gmt":"2024-08-29T17:20:58","guid":{"rendered":"https:\/\/radiorevelacionfm.cl\/?p=45634"},"modified":"2024-08-31T22:02:18","modified_gmt":"2024-09-01T01:02:18","slug":"invitan-a-personas-migrantes-a-participar-en-seminario-de-calidad-de-vida-y-bienestar","status":"publish","type":"post","link":"https:\/\/radiorevelacionfm.cl\/?p=45634","title":{"rendered":"Invitan a personas migrantes a participar en Seminario de Calidad de Vida y Bienestar"},"content":{"rendered":"<div class=\"flex_column av_one_full  flex_column_div av-zero-column-padding first  avia-builder-el-0  el_before_av_one_full  avia-builder-el-first  \" style='border-radius:0px; '><div  class='avia-image-container  av-styling-    avia-builder-el-1  avia-builder-el-no-sibling  avia-align-center '  itemprop=\"image\" itemscope=\"itemscope\" itemtype=\"https:\/\/schema.org\/ImageObject\"  ><div class='avia-image-container-inner'><div class='avia-image-overlay-wrap'><img decoding=\"async\" class='wp-image-45635 avia-img-lazy-loading-not-45635 avia_image' src=\"https:\/\/radiorevelacionfm.cl\/wp-content\/uploads\/2024\/08\/seminario-3-1_optimized.jpeg\" alt='' title='seminario-(3)-(1)_optimized' height=\"800\" width=\"800\"  itemprop=\"thumbnailUrl\" srcset=\"https:\/\/radiorevelacionfm.cl\/wp-content\/uploads\/2024\/08\/seminario-3-1_optimized.jpeg 800w, https:\/\/radiorevelacionfm.cl\/wp-content\/uploads\/2024\/08\/seminario-3-1_optimized-300x300.jpeg 300w, https:\/\/radiorevelacionfm.cl\/wp-content\/uploads\/2024\/08\/seminario-3-1_optimized-80x80.jpeg 80w, https:\/\/radiorevelacionfm.cl\/wp-content\/uploads\/2024\/08\/seminario-3-1_optimized-768x768.jpeg 768w, https:\/\/radiorevelacionfm.cl\/wp-content\/uploads\/2024\/08\/seminario-3-1_optimized-36x36.jpeg 36w, https:\/\/radiorevelacionfm.cl\/wp-content\/uploads\/2024\/08\/seminario-3-1_optimized-180x180.jpeg 180w, https:\/\/radiorevelacionfm.cl\/wp-content\/uploads\/2024\/08\/seminario-3-1_optimized-705x705.jpeg 705w, https:\/\/radiorevelacionfm.cl\/wp-content\/uploads\/2024\/08\/seminario-3-1_optimized-120x120.jpeg 120w, https:\/\/radiorevelacionfm.cl\/wp-content\/uploads\/2024\/08\/seminario-3-1_optimized-450x450.jpeg 450w, https:\/\/radiorevelacionfm.cl\/wp-content\/uploads\/2024\/08\/seminario-3-1_optimized-600x600.jpeg 600w, https:\/\/radiorevelacionfm.cl\/wp-content\/uploads\/2024\/08\/seminario-3-1_optimized-100x100.jpeg 100w\" sizes=\"(max-width: 800px) 100vw, 800px\" \/><\/div><\/div><\/div><\/div><div class=\"flex_column av_one_full  flex_column_div av-zero-column-padding first  avia-builder-el-2  el_after_av_one_full  el_before_av_one_full  column-top-margin\" style='border-radius:0px; '><section class=\"av_textblock_section \"  itemscope=\"itemscope\" itemtype=\"https:\/\/schema.org\/BlogPosting\" itemprop=\"blogPost\" ><div class='avia_textblock  '   itemprop=\"text\" ><p style=\"text-align: center;\"><strong><span style=\"font-size: 18pt;\">Invitan a personas migrantes a participar en Seminario de Calidad de Vida y Bienestar <\/span><\/strong><\/p>\n<div id=\"gtx-trans\" style=\"position: absolute; left: -50px; top: 4.31534px;\">\n<div class=\"gtx-trans-icon\"><\/div>\n<\/div>\n<\/div><\/section><\/div><div class=\"flex_column av_one_full  flex_column_div av-zero-column-padding first  avia-builder-el-4  el_after_av_one_full  el_before_av_hr  column-top-margin\" style='border-radius:0px; '><section class=\"av_textblock_section \"  itemscope=\"itemscope\" itemtype=\"https:\/\/schema.org\/BlogPosting\" itemprop=\"blogPost\" ><div class='avia_textblock  '   itemprop=\"text\" ><p style=\"text-align: justify;\"><em>La iniciativa, que busca abordar desaf\u00edos a las adversidades territoriales, se llevar\u00e1 a cabo este viernes 30 de agosto en el Sal\u00f3n Auditorio del MOP en Coyhaique a partir de las 09:00 horas y contar\u00e1 con 4 ponencias de destacados expositores.<\/em><\/p>\n<p style=\"text-align: justify;\">La Red de Apoyo Intersectorial a Migrantes, liderada por la Seremi de Salud, el INDH y el FOSIS; est\u00e1 organizado el Seminario denominado \u201cCalidad de Vida y Bienestar Integral de Personas Migrantes: Desaf\u00edos a las Adversidades Territoriales\u201d, con el objetivo de favorecer la comprensi\u00f3n de las demandas y necesidades de apoyo e inclusi\u00f3n de las personas migrantes internacionales, considerando factores esenciales para el cuidado de la salud.<\/p>\n<p style=\"text-align: justify;\">La primera ponencia \u201cContexto regional: Una observaci\u00f3n a la realidad\u201d estar\u00e1 a cargo del Equipo Interdisciplinario de la Red de Apoyo a Migrantes, para posteriormente dar paso a \u201cMigraci\u00f3n y barreras de acceso a la salud\u201d del Antrop\u00f3logo Felipe Hansen, \u201cCalidad de vida y bienestar en contexto de migraci\u00f3n\u201c a cargo del Dr. Alfonso Urz\u00faa y finalizar con la Matrona Mar\u00eda Jos\u00e9 Valderas y su exposici\u00f3n titulada \u201cSalud sexual y Salud reproductiva en poblaci\u00f3n migrante\u201d.<\/p>\n<p style=\"text-align: justify;\">La Seremi de Salud de Ays\u00e9n, Carmen Monsalve, enfatiz\u00f3 que \u201cel programa de Gobierno de nuestro Presidente Gabriel Boric Font manifiesta la relevancia de implementar desde la salud una pol\u00edtica para migrantes internacionales que hoy est\u00e1 vigente y que de manera descentralizada busca garantizar la cobertura de atenci\u00f3n secundaria y especializada para personas migrantes. Manifestamos nuestro compromiso para seguir desarrollando estas actividades que abordan esta tem\u00e1tica tan relevante a nivel regional\u201d.<\/p>\n<p style=\"text-align: justify;\">Fernanda Leiva, Directora Regional del FOSIS, destac\u00f3 que \u201ceste Seminario surge del trabajo permanente y sistem\u00e1tico que realizamos desde la Red Intersectorial de Apoyo a Migrantes, la cual est\u00e1 compuesta por distintos servicios p\u00fablicos que trabajan con organizaciones de migrantes de la sociedad civil y desde donde se han generado distintas iniciativas como ferias de emprendimiento, espacios de socializaci\u00f3n y sensibilizaci\u00f3n de la poblaci\u00f3n migrante internacional\u201d.<\/p>\n<p style=\"text-align: justify;\">El Jefe Regional del INDH, Joaqu\u00edn Bizama, convoc\u00f3 a la la poblaci\u00f3n migrante internacional local a ser parte de esta iniciativa. \u201cQuiero dejarlos cordialmente invitados e invitadas a participar de este Seminario que tiene como objetivo visibilizar y reconocer a las personas migrantes como sujetos de derecho y favorecer el desarrollo de una convivencia social basada en el respeto de los derechos humanos y que permita el cuidado de la salud\u201d.<\/p>\n<p style=\"text-align: justify;\">El Seminario se llevar\u00e1 a cabo el d\u00eda viernes 30 de agosto a partir de las 09:00 horas en el Sal\u00f3n Auditorio del MOP, ubicado en calle Riquelme #465 en la ciudad de Coyhaique.<\/p>\n<\/div><\/section><\/div><div  style='height:50px' class='hr hr-invisible   avia-builder-el-6  el_after_av_one_full  el_before_av_social_share '><span class='hr-inner ' ><span class='hr-inner-style'><\/span><\/span><\/div><\/p>\n<div  class='av-social-sharing-box  avia-builder-el-7  el_after_av_hr  el_before_av_hr  '><div class='av-share-box'><h5 class='av-share-link-description av-no-toc '>Compartir esta noticia<\/h5><ul class='av-share-box-list noLightbox'><li class='av-share-link av-social-link-facebook' ><a target=\"_blank\" aria-label=\"Compartir en Facebook\" href='https:\/\/www.facebook.com\/sharer.php?u=https:\/\/radiorevelacionfm.cl\/?p=45634&#038;t=Invitan%20a%20personas%20migrantes%20a%20participar%20en%20Seminario%20de%20Calidad%20de%20Vida%20y%20Bienestar' aria-hidden='false' data-av_icon='\ue8f3' data-av_iconfont='entypo-fontello' title='' data-avia-related-tooltip='Compartir en Facebook' rel=\"noopener\"><span class='avia_hidden_link_text'>Compartir en Facebook<\/span><\/a><\/li><li class='av-share-link av-social-link-twitter' ><a target=\"_blank\" aria-label=\"Compartir en Twitter\" href='https:\/\/twitter.com\/share?text=Invitan%20a%20personas%20migrantes%20a%20participar%20en%20Seminario%20de%20Calidad%20de%20Vida%20y%20Bienestar&#038;url=https:\/\/radiorevelacionfm.cl\/?p=45634' aria-hidden='false' data-av_icon='\ue8f1' data-av_iconfont='entypo-fontello' title='' data-avia-related-tooltip='Compartir en Twitter' rel=\"noopener\"><span class='avia_hidden_link_text'>Compartir en Twitter<\/span><\/a><\/li><li class='av-share-link av-social-link-whatsapp' ><a target=\"_blank\" aria-label=\"Compartir en Whatsapp\" href='https:\/\/api.whatsapp.com\/send?text=https:\/\/radiorevelacionfm.cl\/?p=45634' aria-hidden='false' data-av_icon='\uf232' data-av_iconfont='entypo-fontello' title='' data-avia-related-tooltip='Compartir en Whatsapp' rel=\"noopener\"><span class='avia_hidden_link_text'>Compartir en Whatsapp<\/span><\/a><\/li><li class='av-share-link av-social-link-linkedin' ><a target=\"_blank\" aria-label=\"Compartir en LinkedIn\" href='https:\/\/linkedin.com\/shareArticle?mini=true&#038;title=Invitan%20a%20personas%20migrantes%20a%20participar%20en%20Seminario%20de%20Calidad%20de%20Vida%20y%20Bienestar&#038;url=https:\/\/radiorevelacionfm.cl\/?p=45634' aria-hidden='false' data-av_icon='\ue8fc' data-av_iconfont='entypo-fontello' title='' data-avia-related-tooltip='Compartir en LinkedIn' rel=\"noopener\"><span class='avia_hidden_link_text'>Compartir en LinkedIn<\/span><\/a><\/li><li class='av-share-link av-social-link-mail' ><a  aria-label=\"Compartir por correo\" href='mailto:?subject=Invitan%20a%20personas%20migrantes%20a%20participar%20en%20Seminario%20de%20Calidad%20de%20Vida%20y%20Bienestar&#038;body=https:\/\/radiorevelacionfm.cl\/?p=45634' aria-hidden='false' data-av_icon='\ue805' data-av_iconfont='entypo-fontello' title='' data-avia-related-tooltip='Compartir por correo'><span class='avia_hidden_link_text'>Compartir por correo<\/span><\/a><\/li><\/ul><\/div><\/div>\n<div  style='height:50px' class='hr hr-invisible   avia-builder-el-8  el_after_av_social_share  el_before_av_comments_list '><span class='hr-inner ' ><span class='hr-inner-style'><\/span><\/span><\/div>\n<div  class='av-buildercomment  av-blog-meta-html-info-disabled av-blog-meta-tag-disabled  '><\/div>\n","protected":false},"excerpt":{"rendered":"","protected":false},"author":1,"featured_media":45635,"comment_status":"open","ping_status":"open","sticky":false,"template":"","format":"standard","meta":{"footnotes":""},"categories":[38],"tags":[],"class_list":["post-45634","post","type-post","status-publish","format-standard","has-post-thumbnail","hentry","category-regional"],"jetpack_featured_media_url":"https:\/\/radiorevelacionfm.cl\/wp-content\/uploads\/2024\/08\/seminario-3-1_optimized.jpeg","_links":{"self":[{"href":"https:\/\/radiorevelacionfm.cl\/index.php?rest_route=\/wp\/v2\/posts\/45634","targetHints":{"allow":["GET"]}}],"collection":[{"href":"https:\/\/radiorevelacionfm.cl\/index.php?rest_route=\/wp\/v2\/posts"}],"about":[{"href":"https:\/\/radiorevelacionfm.cl\/index.php?rest_route=\/wp\/v2\/types\/post"}],"author":[{"embeddable":true,"href":"https:\/\/radiorevelacionfm.cl\/index.php?rest_route=\/wp\/v2\/users\/1"}],"replies":[{"embeddable":true,"href":"https:\/\/radiorevelacionfm.cl\/index.php?rest_route=%2Fwp%2Fv2%2Fcomments&post=45634"}],"version-history":[{"count":1,"href":"https:\/\/radiorevelacionfm.cl\/index.php?rest_route=\/wp\/v2\/posts\/45634\/revisions"}],"predecessor-version":[{"id":45636,"href":"https:\/\/radiorevelacionfm.cl\/index.php?rest_route=\/wp\/v2\/posts\/45634\/revisions\/45636"}],"wp:featuredmedia":[{"embeddable":true,"href":"https:\/\/radiorevelacionfm.cl\/index.php?rest_route=\/wp\/v2\/media\/45635"}],"wp:attachment":[{"href":"https:\/\/radiorevelacionfm.cl\/index.php?rest_route=%2Fwp%2Fv2%2Fmedia&parent=45634"}],"wp:term":[{"taxonomy":"category","embeddable":true,"href":"https:\/\/radiorevelacionfm.cl\/index.php?rest_route=%2Fwp%2Fv2%2Fcategories&post=45634"},{"taxonomy":"post_tag","embeddable":true,"href":"https:\/\/radiorevelacionfm.cl\/index.php?rest_route=%2Fwp%2Fv2%2Ftags&post=45634"}],"curies":[{"name":"wp","href":"https:\/\/api.w.org\/{rel}","templated":true}]}}