{"id":4563,"date":"2021-05-27T10:28:55","date_gmt":"2021-05-27T13:28:55","guid":{"rendered":"https:\/\/radiorevelacionfm.cl\/?p=4563"},"modified":"2021-05-27T10:28:55","modified_gmt":"2021-05-27T13:28:55","slug":"tras-un-ano-sin-clases-presenciales-estudiantes-de-ensenanza-media-no-alcanzaron-el-60-de-los-aprendizajes-necesarios-en-2020","status":"publish","type":"post","link":"https:\/\/radiorevelacionfm.cl\/?p=4563","title":{"rendered":"Tras un a\u00f1o sin clases presenciales: Estudiantes de ense\u00f1anza media no alcanzaron el 60% de los aprendizajes necesarios en 2020"},"content":{"rendered":"<div class=\"flex_column av_one_full  flex_column_div av-zero-column-padding first  avia-builder-el-0  el_before_av_one_full  avia-builder-el-first  \" style='border-radius:0px; '><div  class='avia-image-container  av-styling-    avia-builder-el-1  avia-builder-el-no-sibling  avia-align-center '  itemprop=\"image\" itemscope=\"itemscope\" itemtype=\"https:\/\/schema.org\/ImageObject\"  ><div class='avia-image-container-inner'><div class='avia-image-overlay-wrap'><img decoding=\"async\" class='wp-image-4564 avia-img-lazy-loading-not-4564 avia_image' src=\"https:\/\/radiorevelacionfm.cl\/wp-content\/uploads\/2021\/05\/sala-de-clases_optimized.jpg\" alt='' title='sala-de-clases_optimized' height=\"600\" width=\"879\"  itemprop=\"thumbnailUrl\" srcset=\"https:\/\/radiorevelacionfm.cl\/wp-content\/uploads\/2021\/05\/sala-de-clases_optimized.jpg 879w, https:\/\/radiorevelacionfm.cl\/wp-content\/uploads\/2021\/05\/sala-de-clases_optimized-300x205.jpg 300w, https:\/\/radiorevelacionfm.cl\/wp-content\/uploads\/2021\/05\/sala-de-clases_optimized-768x524.jpg 768w, https:\/\/radiorevelacionfm.cl\/wp-content\/uploads\/2021\/05\/sala-de-clases_optimized-705x481.jpg 705w, https:\/\/radiorevelacionfm.cl\/wp-content\/uploads\/2021\/05\/sala-de-clases_optimized-600x410.jpg 600w\" sizes=\"(max-width: 879px) 100vw, 879px\" \/><\/div><\/div><\/div><\/div><div class=\"flex_column av_one_full  flex_column_div av-zero-column-padding first  avia-builder-el-2  el_after_av_one_full  el_before_av_one_full  column-top-margin\" style='border-radius:0px; '><section class=\"av_textblock_section \"  itemscope=\"itemscope\" itemtype=\"https:\/\/schema.org\/BlogPosting\" itemprop=\"blogPost\" ><div class='avia_textblock  '   itemprop=\"text\" ><p style=\"text-align: center;\"><strong><span style=\"font-size: 18pt;\">Tras un a\u00f1o sin clases presenciales: Estudiantes de ense\u00f1anza media no alcanzaron el 60% de los aprendizajes necesarios en 2020<\/span><\/strong><\/p>\n<div id=\"gtx-trans\" style=\"position: absolute; left: -50px; top: 4.31534px;\">\n<div class=\"gtx-trans-icon\"><\/div>\n<\/div>\n<\/div><\/section><\/div><div class=\"flex_column av_one_full  flex_column_div av-zero-column-padding first  avia-builder-el-4  el_after_av_one_full  el_before_av_hr  column-top-margin\" style='border-radius:0px; '><section class=\"av_textblock_section \"  itemscope=\"itemscope\" itemtype=\"https:\/\/schema.org\/BlogPosting\" itemprop=\"blogPost\" ><div class='avia_textblock  '   itemprop=\"text\" ><p class=\"v1MsoNormal\" style=\"text-align: justify;\"><span lang=\"ES\">La Agencia de la Calidad de la Educaci\u00f3n entreg\u00f3 resultados alarmantes en diagn\u00f3stico realizado en 7 mil colegios: alumnos entre sexto b\u00e1sico y cuarto medio obtuvieron bajos resultados en base al curr\u00edculum priorizado durante 2020. La situaci\u00f3n m\u00e1s grave ocurre en la medici\u00f3n de matem\u00e1tica en segundo medio, donde los j\u00f3venes aprendieron solo un 27% de los contenidos.<\/span><\/p>\n<p class=\"v1MsoNormal\" style=\"text-align: justify;\"><span lang=\"ES\">En el aspecto socioemocional, un 70% de los estudiantes manifest\u00f3 dificultades para expresar sus emociones.<\/span><\/p>\n<p class=\"v1MsoNormal\" style=\"text-align: justify;\">Entre marzo y abril de este a\u00f1o, 7 mil colegios y 1.8 millones de estudiantes del pa\u00eds realizaron el Diagn\u00f3stico Integral de Aprendizajes (DIA), desarrollado por la Agencia de Calidad de la Educaci\u00f3n para medir los aprendizajes alcanzados por los estudiantes de cada establecimiento durante 2020, y para conocer su estado socioemocional tras la suspensi\u00f3n de clases presenciales producto de la pandemia. Los resultados de cada diagn\u00f3stico se tradujeron en informes, que ya fueron entregados a cada colegio, y que detallan a nivel de curso y estudiante en qu\u00e9 condiciones llegaron los alumnos al iniciar el a\u00f1o acad\u00e9mico 2021.Esto con el fin de que cada comunidad educativa pueda orientar sus estrategias y usar los recursos dispuestos en fortalecer los aspectos en que sus alumnos fueron m\u00e1s afectados.<\/p>\n<p class=\"v1MsoNormal\" style=\"text-align: justify;\">Los datos obtenidos a nivel nacional, en m\u00e1s de 73 mil informes, fueron entregados por la Agencia a Mineduc esta semana, y arrojaron resultados alarmantes:\u00a0<span lang=\"ES\">a nivel acad\u00e9mico, los estudiantes entre sexto b\u00e1sico y 4\u00b0 medio no alcanzaron los conocimientos m\u00ednimos necesarios -pues la medici\u00f3n se hizo sobre el curr\u00edculum ya priorizado-, en lectura ni en matem\u00e1ticas. En concreto, en lectura ninguno de los cursos alcanz\u00f3 un 60% de los aprendizajes, porcentaje que en una equivalencia en notas es un 4.0. En matem\u00e1ticas la situaci\u00f3n es m\u00e1s dram\u00e1tica, pues ninguno de los niveles super\u00f3 el 47% y en II medio los estudiantes aprendieron solo un 27% de lo que deb\u00edan aprender el a\u00f1o pasado.<\/span><\/p>\n<p class=\"v1MsoNormal\" style=\"text-align: justify;\"><span lang=\"ES\">A nivel socioemocional, 70% de los ni\u00f1os, ni\u00f1as y j\u00f3venes dijo tener dificultades para expresar sus emociones; 9 de cada 10 j\u00f3venes de 3\u00b0 y 4\u00b0 medio se\u00f1alaron que el periodo al que no asistieron al colegio los afect\u00f3 negativamente en su aprendizaje, y el 45% de los ni\u00f1os y ni\u00f1as de alta vulnerabilidad se\u00f1al\u00f3 que les gustar\u00eda que los profesores les preguntaran c\u00f3mo ha sido estar lejos del colegio. La cifra se acent\u00faa en los escolares de 4\u00b0 b\u00e1sico, donde llega a un 71%.<\/span><\/p>\n<p class=\"v1MsoNormal\" style=\"text-align: justify;\"><span lang=\"ES\">\u00abEstamos ante un terremoto educacional y las r\u00e9plicas se pueden sentir por a\u00f1os. En las crisis hay gente que se paraliza y gente que act\u00faa, y ac\u00e1 necesitamos actuar todos, juntos, para devolverle a los ni\u00f1os los aprendizajes que perdieron el a\u00f1o pasado y las herramientas formativas que no han podido desarrollar, porque ya no tenemos un segundo que perder\u00bb, remarc\u00f3 el ministro Ra\u00fal Figueroa luego de presentar los resultados.<\/span><\/p>\n<p class=\"v1MsoNormal\" style=\"text-align: justify;\"><span lang=\"ES\">Por su parte, Daniel Rodr\u00edguez, Secretario Ejecutivo de la Agencia de Calidad de Educaci\u00f3n, destac\u00f3: \u00abel enorme compromiso de los colegios con los aprendizajes de sus estudiantes se mostr\u00f3 claramente en la cobertura y participaci\u00f3n lograda, sobre el 81%. Pero los resultados son peores de lo esperado: ya lo hab\u00edan adelantado varias instituciones internacionales, pero es muy chocante verlo constatado en los datos y los testimonios de los directores que aplicaron. El sistema no se recuperar\u00e1 solo y tenemos mucho trabajo pendiente. La Agencia continuar\u00e1 en esta tarea: a partir del 14 de junio comenzar\u00e1 una evaluaci\u00f3n de monitoreo para los avances de este primer semestre.\u00bb<\/span><\/p>\n<p class=\"v1MsoNormal\" style=\"text-align: justify;\"><b><span lang=\"ES\">Nivelar, acompa\u00f1ar y contener<\/span><\/b><\/p>\n<p class=\"v1MsoNormal\" style=\"text-align: justify;\"><span lang=\"ES\">Para hacer frente a este diagn\u00f3stico, el Mineduc lleva trabajando desde marzo en el plan Chile Recupera y Aprende que contempla tres ejes principales de acci\u00f3n. En primer lugar, una nivelaci\u00f3n basada en la priorizaci\u00f3n curricular para centrar la ense\u00f1anza en los objetivos imprescindibles\u00a0<\/span>para la continuidad de los estudios en cada nivel. Adem\u00e1s de flexibilidad, para que los establecimientos puedan implementar el curr\u00edculum acorde a sus metodolog\u00edas y organizaci\u00f3n interna.<\/p>\n<p class=\"v1MsoNormal\" style=\"text-align: justify;\">Esto se suma a los apoyos que desde el Ministerio ha entregado a las comunidades educativas como los planes\u00a0<b>Leo\u00a0<\/b>y\u00a0<b>Sumo Primero<\/b>\u00a0que entregan un reforzamiento de contenidos a los alumnos de primero a cuarto b\u00e1sico, llegando a m\u00e1s de 675 mil estudiantes y 15 mil docentes.\u00a0Los Diarios de Escritura libre que llegan a m\u00e1s de 1.300.000 estudiantes y que fomentan el pensamiento cr\u00edtico, la creatividad y la motivaci\u00f3n por escribir.<\/p>\n<p class=\"v1MsoNormal\" style=\"text-align: justify;\">Todos estos planes est\u00e1n enmarcados en el programa Escuelas Arriba que entregan un acompa\u00f1amiento y apoyo<span lang=\"ES\">\u00a0a los establecimientos en la recuperaci\u00f3n y nivelaci\u00f3n de aprendizajes a trav\u00e9s de recursos consistentes en gu\u00edas para el profesor y el estudiante, herramientas de monitoreo, y estrategias de apoyo a los docentes como los seminarios de profundizaci\u00f3n y clases demostrativas.<\/span><\/p>\n<p class=\"v1MsoNormal\" style=\"text-align: justify;\"><span lang=\"ES\">Hasta la fecha para Lenguaje y Matem\u00e1ticas, se han elaborado m\u00e1s de 800 gu\u00edas con m\u00e1s de 180 mil descargas para los niveles con los que trabaja el Plan desde\u00a0<\/span>3ro b\u00e1sico a 2do medio<span lang=\"ES\">. \u00a0Adem\u00e1s, se han realizado 43 seminarios de profundizaci\u00f3n y clases demostrativas, las que han sido observadas por m\u00e1s de 8 mil profesores a nivel nacional y que les permite mejorar d\u00eda a d\u00eda sus contenidos.<\/span><\/p>\n<p class=\"v1MsoNormal\" style=\"text-align: justify;\"><span lang=\"ES\">\u00abComo Ministerio de Educaci\u00f3n, sabemos lo relevante que es el proceso de aprendizaje y queremos decirles a las comunidades educativas que no est\u00e1n solos en este trabajo. El plan Escuelas Arriba permite acompa\u00f1ar a trav\u00e9s de una asesor\u00eda directa a los Establecimientos Educacionales, ya sea de forma telem\u00e1tica y con m\u00e1s m\u00e1s de 1.500 visitas en terreno a los establecimientos de mayor prioridad. Cada d\u00eda cuenta en el desarrollo y aprendizaje de los ni\u00f1os y ni\u00f1as de nuestro pa\u00eds\u00bb, agreg\u00f3 el ministro.<\/span><\/p>\n<p class=\"v1MsoNormal\" style=\"text-align: justify;\"><span lang=\"ES\">El Diagn\u00f3stico de aprendizaje por primera vez permiti\u00f3 conocer la situaci\u00f3n socioemocional de los estudiantes en pandemia.\u00a0<\/span>Adelant\u00e1ndose a los resultados, el Mineduc ya ven\u00eda trabajando en esta materia con un Set de aprendizaje socioemocional para promover la convivencia positiva: los cuentos de Clementina, juego \u00a1Que emoci\u00f3n!, Medidor emocional, orientaciones para padres y apoderados y la serie animada Emoticlub que aborda las 4 emociones b\u00e1sicas a trav\u00e9s de distintas historias. Estas herramientas toman una mayor relevancia no s\u00f3lo entre las familias sino tambi\u00e9n en las escuelas que se han transformado en\u00a0<span lang=\"ES-TRAD\">un espacio de encuentro, prioritario para los estudiantes.\u00a0<\/span><\/p>\n<\/div><\/section><\/div><div  style='height:50px' class='hr hr-invisible   avia-builder-el-6  el_after_av_one_full  el_before_av_social_share '><span class='hr-inner ' ><span class='hr-inner-style'><\/span><\/span><\/div><\/p>\n<div  class='av-social-sharing-box  avia-builder-el-7  el_after_av_hr  el_before_av_hr  '><div class='av-share-box'><h5 class='av-share-link-description av-no-toc '>Compartir esta noticia<\/h5><ul class='av-share-box-list noLightbox'><li class='av-share-link av-social-link-facebook' ><a target=\"_blank\" aria-label=\"Compartir en Facebook\" href='https:\/\/www.facebook.com\/sharer.php?u=https:\/\/radiorevelacionfm.cl\/?p=4563&#038;t=Tras%20un%20a%C3%B1o%20sin%20clases%20presenciales%3A%20Estudiantes%20de%20ense%C3%B1anza%20media%20no%20alcanzaron%20el%2060%25%20de%20los%20aprendizajes%20necesarios%20en%202020' aria-hidden='false' data-av_icon='\ue8f3' data-av_iconfont='entypo-fontello' title='' data-avia-related-tooltip='Compartir en Facebook' rel=\"noopener\"><span class='avia_hidden_link_text'>Compartir en Facebook<\/span><\/a><\/li><li class='av-share-link av-social-link-twitter' ><a target=\"_blank\" aria-label=\"Compartir en Twitter\" href='https:\/\/twitter.com\/share?text=Tras%20un%20a%C3%B1o%20sin%20clases%20presenciales%3A%20Estudiantes%20de%20ense%C3%B1anza%20media%20no%20alcanzaron%20el%2060%25%20de%20los%20aprendizajes%20necesarios%20en%202020&#038;url=https:\/\/radiorevelacionfm.cl\/?p=4563' aria-hidden='false' data-av_icon='\ue8f1' data-av_iconfont='entypo-fontello' title='' data-avia-related-tooltip='Compartir en Twitter' rel=\"noopener\"><span class='avia_hidden_link_text'>Compartir en Twitter<\/span><\/a><\/li><li class='av-share-link av-social-link-whatsapp' ><a target=\"_blank\" aria-label=\"Compartir en Whatsapp\" href='https:\/\/api.whatsapp.com\/send?text=https:\/\/radiorevelacionfm.cl\/?p=4563' aria-hidden='false' data-av_icon='\uf232' data-av_iconfont='entypo-fontello' title='' data-avia-related-tooltip='Compartir en Whatsapp' rel=\"noopener\"><span class='avia_hidden_link_text'>Compartir en Whatsapp<\/span><\/a><\/li><li class='av-share-link av-social-link-linkedin' ><a target=\"_blank\" aria-label=\"Compartir en LinkedIn\" href='https:\/\/linkedin.com\/shareArticle?mini=true&#038;title=Tras%20un%20a%C3%B1o%20sin%20clases%20presenciales%3A%20Estudiantes%20de%20ense%C3%B1anza%20media%20no%20alcanzaron%20el%2060%25%20de%20los%20aprendizajes%20necesarios%20en%202020&#038;url=https:\/\/radiorevelacionfm.cl\/?p=4563' aria-hidden='false' data-av_icon='\ue8fc' data-av_iconfont='entypo-fontello' title='' data-avia-related-tooltip='Compartir en LinkedIn' rel=\"noopener\"><span class='avia_hidden_link_text'>Compartir en LinkedIn<\/span><\/a><\/li><li class='av-share-link av-social-link-mail' ><a  aria-label=\"Compartir por correo\" href='mailto:?subject=Tras%20un%20a%C3%B1o%20sin%20clases%20presenciales%3A%20Estudiantes%20de%20ense%C3%B1anza%20media%20no%20alcanzaron%20el%2060%25%20de%20los%20aprendizajes%20necesarios%20en%202020&#038;body=https:\/\/radiorevelacionfm.cl\/?p=4563' aria-hidden='false' data-av_icon='\ue805' data-av_iconfont='entypo-fontello' title='' data-avia-related-tooltip='Compartir por correo'><span class='avia_hidden_link_text'>Compartir por correo<\/span><\/a><\/li><\/ul><\/div><\/div>\n<div  style='height:50px' class='hr hr-invisible   avia-builder-el-8  el_after_av_social_share  el_before_av_comments_list '><span class='hr-inner ' ><span class='hr-inner-style'><\/span><\/span><\/div>\n<div  class='av-buildercomment  av-blog-meta-html-info-disabled av-blog-meta-tag-disabled  '><\/div>\n","protected":false},"excerpt":{"rendered":"","protected":false},"author":1,"featured_media":4564,"comment_status":"open","ping_status":"open","sticky":false,"template":"","format":"standard","meta":{"footnotes":""},"categories":[49],"tags":[],"class_list":["post-4563","post","type-post","status-publish","format-standard","has-post-thumbnail","hentry","category-educacion"],"jetpack_featured_media_url":"https:\/\/radiorevelacionfm.cl\/wp-content\/uploads\/2021\/05\/sala-de-clases_optimized.jpg","_links":{"self":[{"href":"https:\/\/radiorevelacionfm.cl\/index.php?rest_route=\/wp\/v2\/posts\/4563","targetHints":{"allow":["GET"]}}],"collection":[{"href":"https:\/\/radiorevelacionfm.cl\/index.php?rest_route=\/wp\/v2\/posts"}],"about":[{"href":"https:\/\/radiorevelacionfm.cl\/index.php?rest_route=\/wp\/v2\/types\/post"}],"author":[{"embeddable":true,"href":"https:\/\/radiorevelacionfm.cl\/index.php?rest_route=\/wp\/v2\/users\/1"}],"replies":[{"embeddable":true,"href":"https:\/\/radiorevelacionfm.cl\/index.php?rest_route=%2Fwp%2Fv2%2Fcomments&post=4563"}],"version-history":[{"count":1,"href":"https:\/\/radiorevelacionfm.cl\/index.php?rest_route=\/wp\/v2\/posts\/4563\/revisions"}],"predecessor-version":[{"id":4565,"href":"https:\/\/radiorevelacionfm.cl\/index.php?rest_route=\/wp\/v2\/posts\/4563\/revisions\/4565"}],"wp:featuredmedia":[{"embeddable":true,"href":"https:\/\/radiorevelacionfm.cl\/index.php?rest_route=\/wp\/v2\/media\/4564"}],"wp:attachment":[{"href":"https:\/\/radiorevelacionfm.cl\/index.php?rest_route=%2Fwp%2Fv2%2Fmedia&parent=4563"}],"wp:term":[{"taxonomy":"category","embeddable":true,"href":"https:\/\/radiorevelacionfm.cl\/index.php?rest_route=%2Fwp%2Fv2%2Fcategories&post=4563"},{"taxonomy":"post_tag","embeddable":true,"href":"https:\/\/radiorevelacionfm.cl\/index.php?rest_route=%2Fwp%2Fv2%2Ftags&post=4563"}],"curies":[{"name":"wp","href":"https:\/\/api.w.org\/{rel}","templated":true}]}}