{"id":45628,"date":"2024-08-29T17:54:32","date_gmt":"2024-08-29T20:54:32","guid":{"rendered":"https:\/\/radiorevelacionfm.cl\/?p=45628"},"modified":"2024-08-29T17:54:32","modified_gmt":"2024-08-29T20:54:32","slug":"con-feria-muestra-de-especialidades-y-charlas-se-conmemoro-en-puerto-aysen-el-82-aniversario-de-la-educacion-tecnico-profesional","status":"publish","type":"post","link":"https:\/\/radiorevelacionfm.cl\/?p=45628","title":{"rendered":"Con feria, muestra de especialidades y charlas se conmemor\u00f3 en Puerto Ays\u00e9n el 82 Aniversario de la Educaci\u00f3n T\u00e9cnico Profesional"},"content":{"rendered":"<div class=\"flex_column av_one_full  flex_column_div av-zero-column-padding first  avia-builder-el-0  el_before_av_one_full  avia-builder-el-first  \" style='border-radius:0px; '><div  class='avia-image-container  av-styling-    avia-builder-el-1  avia-builder-el-no-sibling  avia-align-center '  itemprop=\"image\" itemscope=\"itemscope\" itemtype=\"https:\/\/schema.org\/ImageObject\"  ><div class='avia-image-container-inner'><div class='avia-image-overlay-wrap'><img decoding=\"async\" class='wp-image-45629 avia-img-lazy-loading-not-45629 avia_image' src=\"https:\/\/radiorevelacionfm.cl\/wp-content\/uploads\/2024\/08\/a641a3c8-be3e-4ed3-ad10-7eeb53013e22-1_optimized-1.jpg\" alt='' title='a641a3c8-be3e-4ed3-ad10-7eeb53013e22-(1)_optimized (1)' height=\"600\" width=\"800\"  itemprop=\"thumbnailUrl\" srcset=\"https:\/\/radiorevelacionfm.cl\/wp-content\/uploads\/2024\/08\/a641a3c8-be3e-4ed3-ad10-7eeb53013e22-1_optimized-1.jpg 800w, https:\/\/radiorevelacionfm.cl\/wp-content\/uploads\/2024\/08\/a641a3c8-be3e-4ed3-ad10-7eeb53013e22-1_optimized-1-300x225.jpg 300w, https:\/\/radiorevelacionfm.cl\/wp-content\/uploads\/2024\/08\/a641a3c8-be3e-4ed3-ad10-7eeb53013e22-1_optimized-1-768x576.jpg 768w, https:\/\/radiorevelacionfm.cl\/wp-content\/uploads\/2024\/08\/a641a3c8-be3e-4ed3-ad10-7eeb53013e22-1_optimized-1-705x529.jpg 705w, https:\/\/radiorevelacionfm.cl\/wp-content\/uploads\/2024\/08\/a641a3c8-be3e-4ed3-ad10-7eeb53013e22-1_optimized-1-450x338.jpg 450w, https:\/\/radiorevelacionfm.cl\/wp-content\/uploads\/2024\/08\/a641a3c8-be3e-4ed3-ad10-7eeb53013e22-1_optimized-1-600x450.jpg 600w\" sizes=\"(max-width: 800px) 100vw, 800px\" \/><\/div><\/div><\/div><\/div>\n<div class=\"flex_column av_one_full  flex_column_div av-zero-column-padding first  avia-builder-el-2  el_after_av_one_full  el_before_av_one_full  column-top-margin\" style='border-radius:0px; '><section class=\"av_textblock_section \"  itemscope=\"itemscope\" itemtype=\"https:\/\/schema.org\/BlogPosting\" itemprop=\"blogPost\" ><div class='avia_textblock  '   itemprop=\"text\" ><p style=\"text-align: center;\"><span style=\"font-size: 18pt;\"><b>Con feria, muestra de especialidades y charlas se conmemor\u00f3 en Puerto Ays\u00e9n el 82 Aniversario de la Educaci\u00f3n T\u00e9cnico Profesional\u00a0<\/b><\/span><\/p>\n<div id=\"gtx-trans\" style=\"position: absolute; left: -50px; top: 4.31534px;\">\n<div class=\"gtx-trans-icon\"><\/div>\n<\/div>\n<\/div><\/section><\/div><div class=\"flex_column av_one_full  flex_column_div av-zero-column-padding first  avia-builder-el-4  el_after_av_one_full  el_before_av_hr  column-top-margin\" style='border-radius:0px; '><section class=\"av_textblock_section \"  itemscope=\"itemscope\" itemtype=\"https:\/\/schema.org\/BlogPosting\" itemprop=\"blogPost\" ><div class='avia_textblock  '   itemprop=\"text\" ><p class=\"v1MsoNormal\" style=\"text-align: justify;\">Con la realizaci\u00f3n de la II Feria de Vinculaci\u00f3n Educaci\u00f3n -Empresa y Muestra T\u00e9cnico Profesional del liceo Polit\u00e9cnico A 1 se destac\u00f3 el 82\u00ba Aniversario de la educaci\u00f3n T\u00e9cnico profesional en Chile.<\/p>\n<p class=\"v1MsoNormal\" style=\"text-align: justify;\">La actividad desarrollada el mi\u00e9rcoles 28 en el Centro Cultural de Puerto Ays\u00e9n fue organizada y convocada por el liceo Polit\u00e9cnico A1 de la ciudad porte\u00f1a y la Secretar\u00eda Ministerial de Educaci\u00f3n. A la conmemoraci\u00f3n y muestra asistieron directivos, docentes y estudiantes de 6 liceos TP de la Regi\u00f3n. Tambi\u00e9n estuvieron presentes instituciones que imparten educaci\u00f3n t\u00e9cnica superior: CFT Estatal, INACAP y empresas locales y regionales del \u00e1rea acu\u00edcola e industrial.<\/p>\n<p class=\"v1MsoNormal\" style=\"text-align: justify;\">La feria y muestra fue inaugurada con la presencia de la Jefa del Departamento Provincial de Educaci\u00f3n de Coyhaique, Michelle Grondona, el Director Ejecutivo del Servicio Local de Educaci\u00f3n P\u00fablica SLEP Ays\u00e9n Sebasti\u00e1n Gonz\u00e1lez, directores y delegaciones de Liceos TP de Coyhaique, Ays\u00e9n y Puerto Cisnes, y directivos de empresas locales.<\/p>\n<p class=\"v1MsoNormal\" style=\"text-align: justify;\">En la oportunidad se realizaron charlas para los estudiantes de la educaci\u00f3n TP y la muestra fue visitada durante toda la jornada por estudiantes de colegios de la comuna.<\/p>\n<p class=\"v1MsoNormal\" style=\"text-align: justify;\">Yoselin Viveros Guarda, subdirectora del Liceo Polit\u00e9cnico A-1\u00a0 anfitri\u00f3n, destac\u00f3 que fue muy grato ser anfitriones de esta celebraci\u00f3n porque les permiti\u00f3 a las y los estudiantes interactuar con pares de distintas comunas y especialidades. \u201cFue muy desafiante y pudimos cumplir con las expectativas de organizar esta actividad. Del mismo modo estamos prepar\u00e1ndonos para el a\u00f1o acad\u00e9mico 2025 con una mirada de innovaci\u00f3n\u201d.<\/p>\n<p class=\"v1MsoNormal\" style=\"text-align: justify;\">Tras visitar la muestra, la SEREMI de Educaci\u00f3n, Isabel Garrido, destac\u00f3 la importancia de la formaci\u00f3n T\u00e9cnico Profesional. \u201cSon 700 estudiantes que se forman en los 9 liceos t\u00e9cnicos y polivalentes de la regi\u00f3n. Estudios recientes del Ministerio de Educaci\u00f3n muestran que los j\u00f3venes del mundo TP tienen altas expectativas sobre la educaci\u00f3n que reciben: de desarrollo profesional y personal, retribuci\u00f3n a sus familias, y como Gobierno nos comprometemos a acompa\u00f1ar estos anhelos, fortaleciendo la educaci\u00f3n media t\u00e9cnico profesional, que es absolutamente trascendente para lograr el desarrollo productivo de nuestro pa\u00eds con una mirada de sostenibilidad\u201d.<\/p>\n<p class=\"v1MsoNormal\" style=\"text-align: justify;\">Por su parte, el Delegado Presidencial Provincial de Ays\u00e9n, Jorge D\u00edaz Guzm\u00e1n, envi\u00f3 un saludo a las y los estudiantes, docentes y directivos de los establecimientos TP de la regi\u00f3n. \u201dContentos de haber estado junto\u00a0 nuestros liceos\u00a0 t\u00e9cnicos profesionales y ver como se vinculan con los centros de educaci\u00f3n t\u00e9cnica superior y con las empresas y actividades productivas de nuestro territorio. Valoramos tambi\u00e9n la presencia de nuestro CFT Estatal que contribuye a dar continuidad de estudios superiores a los estudiantes que egresan de los liceos TP\u201d.<\/p>\n<p class=\"v1MsoNormal\" style=\"text-align: justify;\"><b>Impacto de la Educaci\u00f3n T\u00e9cnico Profesional<\/b><\/p>\n<p class=\"v1MsoNormal\" style=\"text-align: justify;\"><b>Bienestar y desarrollo:\u00a0<\/b>La educaci\u00f3n T\u00e9cnico Profesional (TP) es fundamental para el bienestar de las personas, las comunidades y los territorios, siendo una pieza clave del avance del pa\u00eds hacia el desarrollo humano sostenible.<\/p>\n<p class=\"v1MsoNormal\" style=\"text-align: justify;\">Cuando hablamos de desarrollo humano sostenible nos referimos a aquel que logra articular el desarrollo productivo, tecnol\u00f3gico, social y los proyectos de vida de las personas, centrado en el bienestar individual y colectivo, para las actuales y futuras generaciones.<\/p>\n<p class=\"v1MsoNormal\" style=\"text-align: justify;\"><b>Aprendizajes contextualizados:<\/b>\u00a0La educaci\u00f3n TP es el espacio en donde se encuentra la reactivaci\u00f3n educativa, con la reactivaci\u00f3n econ\u00f3mica y social del pa\u00eds.\u00a0\u00a0 Este encuentro genera condiciones para aprendizajes que se conectan con las realidades locales, logrando combinar reflexi\u00f3n y pr\u00e1ctica y favoreciendo trayectorias formativas que responden a las necesidades de las y los estudiantes y del pa\u00eds.<\/p>\n<p class=\"v1MsoNormal\" style=\"text-align: justify;\"><b>Enfoque intersectorial:<\/b>\u00a0Fortalecer la educaci\u00f3n TP requiere de esfuerzos que van m\u00e1s all\u00e1 de lo estrictamente educativo. Hemos buscado el compromiso y la articulaci\u00f3n intersectorial, p\u00fablico-privada, donde el Estado, instituciones educativas, empleadores, trabajadoras y trabajadores, junto a la sociedad civil participen activamente.<\/p>\n<p class=\"v1MsoNormal\" style=\"text-align: justify;\"><b>Innovaci\u00f3n, transferencia tecnol\u00f3gica y desarrollo local:<\/b>\u00a0La educaci\u00f3n TP es capaz de impulsar el desarrollo productivo local, generando innovaci\u00f3n e incorporando tecnolog\u00eda en todo el territorio nacional. A trav\u00e9s de procesos de vinculaci\u00f3n con el entorno e innovaci\u00f3n y transferencia tecnol\u00f3gica (ITT), y conectando la educaci\u00f3n y el trabajo, la educaci\u00f3n TP forma a quienes pondr\u00e1n sus capacidades y competencias en favor del desarrollo local, a lo largo de todo el territorio.<\/p>\n<\/div><\/section><\/div><\/p>\n<div  style='height:50px' class='hr hr-invisible   avia-builder-el-6  el_after_av_one_full  el_before_av_social_share '><span class='hr-inner ' ><span class='hr-inner-style'><\/span><\/span><\/div>\n<div  class='av-social-sharing-box  avia-builder-el-7  el_after_av_hr  el_before_av_hr  '><div class='av-share-box'><h5 class='av-share-link-description av-no-toc '>Compartir esta noticia<\/h5><ul class='av-share-box-list noLightbox'><li class='av-share-link av-social-link-facebook' ><a target=\"_blank\" aria-label=\"Compartir en Facebook\" href='https:\/\/www.facebook.com\/sharer.php?u=https:\/\/radiorevelacionfm.cl\/?p=45628&#038;t=Con%20feria%2C%20muestra%20de%20especialidades%20y%20charlas%20se%20conmemor%C3%B3%20en%20Puerto%20Ays%C3%A9n%20el%2082%20Aniversario%20de%20la%20Educaci%C3%B3n%20T%C3%A9cnico%20Profesional' aria-hidden='false' data-av_icon='\ue8f3' data-av_iconfont='entypo-fontello' title='' data-avia-related-tooltip='Compartir en Facebook' rel=\"noopener\"><span class='avia_hidden_link_text'>Compartir en Facebook<\/span><\/a><\/li><li class='av-share-link av-social-link-twitter' ><a target=\"_blank\" aria-label=\"Compartir en Twitter\" href='https:\/\/twitter.com\/share?text=Con%20feria%2C%20muestra%20de%20especialidades%20y%20charlas%20se%20conmemor%C3%B3%20en%20Puerto%20Ays%C3%A9n%20el%2082%20Aniversario%20de%20la%20Educaci%C3%B3n%20T%C3%A9cnico%20Profesional&#038;url=https:\/\/radiorevelacionfm.cl\/?p=45628' aria-hidden='false' data-av_icon='\ue8f1' data-av_iconfont='entypo-fontello' title='' data-avia-related-tooltip='Compartir en Twitter' rel=\"noopener\"><span class='avia_hidden_link_text'>Compartir en Twitter<\/span><\/a><\/li><li class='av-share-link av-social-link-whatsapp' ><a target=\"_blank\" aria-label=\"Compartir en Whatsapp\" href='https:\/\/api.whatsapp.com\/send?text=https:\/\/radiorevelacionfm.cl\/?p=45628' aria-hidden='false' data-av_icon='\uf232' data-av_iconfont='entypo-fontello' title='' data-avia-related-tooltip='Compartir en Whatsapp' rel=\"noopener\"><span class='avia_hidden_link_text'>Compartir en Whatsapp<\/span><\/a><\/li><li class='av-share-link av-social-link-linkedin' ><a target=\"_blank\" aria-label=\"Compartir en LinkedIn\" href='https:\/\/linkedin.com\/shareArticle?mini=true&#038;title=Con%20feria%2C%20muestra%20de%20especialidades%20y%20charlas%20se%20conmemor%C3%B3%20en%20Puerto%20Ays%C3%A9n%20el%2082%20Aniversario%20de%20la%20Educaci%C3%B3n%20T%C3%A9cnico%20Profesional&#038;url=https:\/\/radiorevelacionfm.cl\/?p=45628' aria-hidden='false' data-av_icon='\ue8fc' data-av_iconfont='entypo-fontello' title='' data-avia-related-tooltip='Compartir en LinkedIn' rel=\"noopener\"><span class='avia_hidden_link_text'>Compartir en LinkedIn<\/span><\/a><\/li><li class='av-share-link av-social-link-mail' ><a  aria-label=\"Compartir por correo\" href='mailto:?subject=Con%20feria%2C%20muestra%20de%20especialidades%20y%20charlas%20se%20conmemor%C3%B3%20en%20Puerto%20Ays%C3%A9n%20el%2082%20Aniversario%20de%20la%20Educaci%C3%B3n%20T%C3%A9cnico%20Profesional&#038;body=https:\/\/radiorevelacionfm.cl\/?p=45628' aria-hidden='false' data-av_icon='\ue805' data-av_iconfont='entypo-fontello' title='' data-avia-related-tooltip='Compartir por correo'><span class='avia_hidden_link_text'>Compartir por correo<\/span><\/a><\/li><\/ul><\/div><\/div>\n<div  style='height:50px' class='hr hr-invisible   avia-builder-el-8  el_after_av_social_share  el_before_av_comments_list '><span class='hr-inner ' ><span class='hr-inner-style'><\/span><\/span><\/div>\n<div  class='av-buildercomment  av-blog-meta-html-info-disabled av-blog-meta-tag-disabled  '><\/div>\n","protected":false},"excerpt":{"rendered":"","protected":false},"author":1,"featured_media":45629,"comment_status":"open","ping_status":"open","sticky":false,"template":"","format":"standard","meta":{"footnotes":""},"categories":[49],"tags":[],"class_list":["post-45628","post","type-post","status-publish","format-standard","has-post-thumbnail","hentry","category-educacion"],"jetpack_featured_media_url":"https:\/\/radiorevelacionfm.cl\/wp-content\/uploads\/2024\/08\/a641a3c8-be3e-4ed3-ad10-7eeb53013e22-1_optimized-1.jpg","_links":{"self":[{"href":"https:\/\/radiorevelacionfm.cl\/index.php?rest_route=\/wp\/v2\/posts\/45628","targetHints":{"allow":["GET"]}}],"collection":[{"href":"https:\/\/radiorevelacionfm.cl\/index.php?rest_route=\/wp\/v2\/posts"}],"about":[{"href":"https:\/\/radiorevelacionfm.cl\/index.php?rest_route=\/wp\/v2\/types\/post"}],"author":[{"embeddable":true,"href":"https:\/\/radiorevelacionfm.cl\/index.php?rest_route=\/wp\/v2\/users\/1"}],"replies":[{"embeddable":true,"href":"https:\/\/radiorevelacionfm.cl\/index.php?rest_route=%2Fwp%2Fv2%2Fcomments&post=45628"}],"version-history":[{"count":2,"href":"https:\/\/radiorevelacionfm.cl\/index.php?rest_route=\/wp\/v2\/posts\/45628\/revisions"}],"predecessor-version":[{"id":45655,"href":"https:\/\/radiorevelacionfm.cl\/index.php?rest_route=\/wp\/v2\/posts\/45628\/revisions\/45655"}],"wp:featuredmedia":[{"embeddable":true,"href":"https:\/\/radiorevelacionfm.cl\/index.php?rest_route=\/wp\/v2\/media\/45629"}],"wp:attachment":[{"href":"https:\/\/radiorevelacionfm.cl\/index.php?rest_route=%2Fwp%2Fv2%2Fmedia&parent=45628"}],"wp:term":[{"taxonomy":"category","embeddable":true,"href":"https:\/\/radiorevelacionfm.cl\/index.php?rest_route=%2Fwp%2Fv2%2Fcategories&post=45628"},{"taxonomy":"post_tag","embeddable":true,"href":"https:\/\/radiorevelacionfm.cl\/index.php?rest_route=%2Fwp%2Fv2%2Ftags&post=45628"}],"curies":[{"name":"wp","href":"https:\/\/api.w.org\/{rel}","templated":true}]}}