{"id":45625,"date":"2024-08-30T15:53:10","date_gmt":"2024-08-30T18:53:10","guid":{"rendered":"https:\/\/radiorevelacionfm.cl\/?p=45625"},"modified":"2024-08-30T15:53:10","modified_gmt":"2024-08-30T18:53:10","slug":"senadora-ordenes-manifesto-su-preocupacion-al-ejecutivo-por-el-incremento-de-las-listas-de-espera-si-mejoramos-la-gestion-podriamos-hacer-un-cambio-sustantivo","status":"publish","type":"post","link":"https:\/\/radiorevelacionfm.cl\/?p=45625","title":{"rendered":"Senadora \u00d3rdenes manifest\u00f3 su preocupaci\u00f3n al ejecutivo por el incremento de las listas de espera: \u201csi mejoramos la gesti\u00f3n podr\u00edamos hacer un cambio sustantivo\u201d"},"content":{"rendered":"<div class=\"flex_column av_one_full  flex_column_div av-zero-column-padding first  avia-builder-el-0  el_before_av_one_full  avia-builder-el-first  \" style='border-radius:0px; '><div  class='avia-image-container  av-styling-    avia-builder-el-1  avia-builder-el-no-sibling  avia-align-center '  itemprop=\"image\" itemscope=\"itemscope\" itemtype=\"https:\/\/schema.org\/ImageObject\"  ><div class='avia-image-container-inner'><div class='avia-image-overlay-wrap'><img decoding=\"async\" class='wp-image-45626 avia-img-lazy-loading-not-45626 avia_image' src=\"https:\/\/radiorevelacionfm.cl\/wp-content\/uploads\/2024\/08\/FOTO-SENADORA-9-1-1-1.jpeg\" alt='' title='FOTO SENADORA (9) (1) (1) (1)' height=\"600\" width=\"901\"  itemprop=\"thumbnailUrl\" srcset=\"https:\/\/radiorevelacionfm.cl\/wp-content\/uploads\/2024\/08\/FOTO-SENADORA-9-1-1-1.jpeg 901w, https:\/\/radiorevelacionfm.cl\/wp-content\/uploads\/2024\/08\/FOTO-SENADORA-9-1-1-1-300x200.jpeg 300w, https:\/\/radiorevelacionfm.cl\/wp-content\/uploads\/2024\/08\/FOTO-SENADORA-9-1-1-1-768x511.jpeg 768w, https:\/\/radiorevelacionfm.cl\/wp-content\/uploads\/2024\/08\/FOTO-SENADORA-9-1-1-1-705x469.jpeg 705w, https:\/\/radiorevelacionfm.cl\/wp-content\/uploads\/2024\/08\/FOTO-SENADORA-9-1-1-1-450x300.jpeg 450w, https:\/\/radiorevelacionfm.cl\/wp-content\/uploads\/2024\/08\/FOTO-SENADORA-9-1-1-1-600x400.jpeg 600w\" sizes=\"(max-width: 901px) 100vw, 901px\" \/><\/div><\/div><\/div><\/div><div class=\"flex_column av_one_full  flex_column_div av-zero-column-padding first  avia-builder-el-2  el_after_av_one_full  el_before_av_one_full  column-top-margin\" style='border-radius:0px; '><section class=\"av_textblock_section \"  itemscope=\"itemscope\" itemtype=\"https:\/\/schema.org\/BlogPosting\" itemprop=\"blogPost\" ><div class='avia_textblock  '   itemprop=\"text\" ><p style=\"text-align: center;\"><strong><span style=\"font-size: 18pt;\">Senadora \u00d3rdenes manifest\u00f3 su preocupaci\u00f3n al ejecutivo por el incremento de las listas de espera: \u201cSi mejoramos la gesti\u00f3n podr\u00edamos hacer un cambio sustantivo\u201d<\/span><\/strong><\/p>\n<div id=\"gtx-trans\" style=\"position: absolute; left: -50px; top: 4.31534px;\">\n<div class=\"gtx-trans-icon\"><\/div>\n<\/div>\n<\/div><\/section><\/div><div class=\"flex_column av_one_full  flex_column_div av-zero-column-padding first  avia-builder-el-4  el_after_av_one_full  el_before_av_hr  column-top-margin\" style='border-radius:0px; '><section class=\"av_textblock_section \"  itemscope=\"itemscope\" itemtype=\"https:\/\/schema.org\/BlogPosting\" itemprop=\"blogPost\" ><div class='avia_textblock  '   itemprop=\"text\" ><p style=\"text-align: justify;\">La presentaci\u00f3n del Ejecutivo ante la Comisi\u00f3n de Salud del Senado sobre listas de espera, donde el Ministerio de Salud dio cuenta de que, no solo contin\u00faan creciendo, sino que alcanzaron una in\u00e9dita cifra de pacientes que esperan atenci\u00f3n en el sistema p\u00fablico -2,5 millones de personas, que representan un 12% m\u00e1s que el 2023-, inquiet\u00f3 a las y los parlamentarios, quienes cuestionaron la forma en c\u00f3mo el gobierno est\u00e1 pensando enfrentar esto de cara a la discusi\u00f3n de presupuestos.<\/p>\n<p style=\"text-align: justify;\">La senadora por la regi\u00f3n de Ays\u00e9n, Ximena \u00d3rdenes Neira, manifest\u00f3 su preocupaci\u00f3n sobre c\u00f3mo se est\u00e1n gestionando las listas de espera y pidi\u00f3 al Ejecutivo que se\u00f1ale qu\u00e9 cambios se est\u00e1 pensando para mejorar la eficacia del sistema. \u201cSiempre anexamos m\u00e1s dinero por listas de espera para comprar servicios. Me parece que, si mejoramos la gesti\u00f3n, podr\u00edamos hacer un cambio m\u00e1s sustantivo\u201d, indic\u00f3 \u00d3rdenes, cuestionando el que se siga gestionando de forma manual los datos y recalcando que ese es \u201cuno de los primeros grandes desaf\u00edos\u201d.<\/p>\n<p style=\"text-align: justify;\">La representante aisenina tambi\u00e9n mostr\u00f3 preocupaci\u00f3n por algunos de los datos presentados por el Ministerio, haciendo hincapi\u00e9 en los problemas sobre la informaci\u00f3n que genera un paciente que se atiende en distintos prestadores o que resuelve otras alternativas de tratamiento. \u201cCasi un tercio resuelve su problema por s\u00ed mismo\u201d, indic\u00f3 la parlamentaria.<\/p>\n<p style=\"text-align: justify;\">Sobre la compra a prestadores privados -que fue parte de los anuncios del presidente en su cuenta p\u00fablica-, \u00d3rdenes destac\u00f3 que se piense en la asociaci\u00f3n p\u00fablico-privada como \u201cuna soluci\u00f3n de manual\u201d, pero cuestion\u00f3 el que \u201cesta asociaci\u00f3n siempre es una compra de servicios del fisco al privado. Me puede parecer razonable, pero me gustar\u00eda saber la relaci\u00f3n de lo que se cobra. Es abismante la brecha sobre el costo de un examen. No puede ser que a veces sea de hasta un 500%\u201d.<\/p>\n<p style=\"text-align: justify;\">Sobre este dato referente a los costos por servicios de salud en distintos prestadores privados, la parlamentaria insisti\u00f3: \u201cQuiero saber si eso tambi\u00e9n ocurre para sacar adelante las listas de espera. Creo que esta es una conversaci\u00f3n que debemos tener con los privados, porque el sistema p\u00fablico no lo va a resolver solo, pero se tiene que usar de forma eficiente los recursos, dando garant\u00eda de que vamos a tener una mayor cobertura\u201d.<\/p>\n<p style=\"text-align: justify;\">Cabe se\u00f1alar que, a nivel local, el Servicio de Salud Ays\u00e9n present\u00f3 el programa de reducci\u00f3n integral de pacientes en listas de espera, en el cual se\u00f1ala que actualmente la red se encuentra saturada, tanto por una alta demanda asistencial, como por las consecuencias relacionadas con la pandemia de la Covid-19, que genero retraso en el control de usuarios. Esto se traduce en m\u00e1s de 25 mil registros de pacientes en listas de espera, representando aproximadamente un 23% de la poblaci\u00f3n regional.<\/p>\n<\/div><\/section><\/div><div  style='height:50px' class='hr hr-invisible   avia-builder-el-6  el_after_av_one_full  el_before_av_social_share '><span class='hr-inner ' ><span class='hr-inner-style'><\/span><\/span><\/div><\/p>\n<div  class='av-social-sharing-box  avia-builder-el-7  el_after_av_hr  el_before_av_hr  '><div class='av-share-box'><h5 class='av-share-link-description av-no-toc '>Compartir esta noticia<\/h5><ul class='av-share-box-list noLightbox'><li class='av-share-link av-social-link-facebook' ><a target=\"_blank\" aria-label=\"Compartir en Facebook\" href='https:\/\/www.facebook.com\/sharer.php?u=https:\/\/radiorevelacionfm.cl\/?p=45625&#038;t=Senadora%20%C3%93rdenes%20manifest%C3%B3%20su%20preocupaci%C3%B3n%20al%20ejecutivo%20por%20el%20incremento%20de%20las%20listas%20de%20espera%3A%20%E2%80%9Csi%20mejoramos%20la%20gesti%C3%B3n%20podr%C3%ADamos%20hacer%20un%20cambio%20sustantivo%E2%80%9D' aria-hidden='false' data-av_icon='\ue8f3' data-av_iconfont='entypo-fontello' title='' data-avia-related-tooltip='Compartir en Facebook' rel=\"noopener\"><span class='avia_hidden_link_text'>Compartir en Facebook<\/span><\/a><\/li><li class='av-share-link av-social-link-twitter' ><a target=\"_blank\" aria-label=\"Compartir en Twitter\" href='https:\/\/twitter.com\/share?text=Senadora%20%C3%93rdenes%20manifest%C3%B3%20su%20preocupaci%C3%B3n%20al%20ejecutivo%20por%20el%20incremento%20de%20las%20listas%20de%20espera%3A%20%E2%80%9Csi%20mejoramos%20la%20gesti%C3%B3n%20podr%C3%ADamos%20hacer%20un%20cambio%20sustantivo%E2%80%9D&#038;url=https:\/\/radiorevelacionfm.cl\/?p=45625' aria-hidden='false' data-av_icon='\ue8f1' data-av_iconfont='entypo-fontello' title='' data-avia-related-tooltip='Compartir en Twitter' rel=\"noopener\"><span class='avia_hidden_link_text'>Compartir en Twitter<\/span><\/a><\/li><li class='av-share-link av-social-link-whatsapp' ><a target=\"_blank\" aria-label=\"Compartir en Whatsapp\" href='https:\/\/api.whatsapp.com\/send?text=https:\/\/radiorevelacionfm.cl\/?p=45625' aria-hidden='false' data-av_icon='\uf232' data-av_iconfont='entypo-fontello' title='' data-avia-related-tooltip='Compartir en Whatsapp' rel=\"noopener\"><span class='avia_hidden_link_text'>Compartir en Whatsapp<\/span><\/a><\/li><li class='av-share-link av-social-link-linkedin' ><a target=\"_blank\" aria-label=\"Compartir en LinkedIn\" href='https:\/\/linkedin.com\/shareArticle?mini=true&#038;title=Senadora%20%C3%93rdenes%20manifest%C3%B3%20su%20preocupaci%C3%B3n%20al%20ejecutivo%20por%20el%20incremento%20de%20las%20listas%20de%20espera%3A%20%E2%80%9Csi%20mejoramos%20la%20gesti%C3%B3n%20podr%C3%ADamos%20hacer%20un%20cambio%20sustantivo%E2%80%9D&#038;url=https:\/\/radiorevelacionfm.cl\/?p=45625' aria-hidden='false' data-av_icon='\ue8fc' data-av_iconfont='entypo-fontello' title='' data-avia-related-tooltip='Compartir en LinkedIn' rel=\"noopener\"><span class='avia_hidden_link_text'>Compartir en LinkedIn<\/span><\/a><\/li><li class='av-share-link av-social-link-mail' ><a  aria-label=\"Compartir por correo\" href='mailto:?subject=Senadora%20%C3%93rdenes%20manifest%C3%B3%20su%20preocupaci%C3%B3n%20al%20ejecutivo%20por%20el%20incremento%20de%20las%20listas%20de%20espera%3A%20%E2%80%9Csi%20mejoramos%20la%20gesti%C3%B3n%20podr%C3%ADamos%20hacer%20un%20cambio%20sustantivo%E2%80%9D&#038;body=https:\/\/radiorevelacionfm.cl\/?p=45625' aria-hidden='false' data-av_icon='\ue805' data-av_iconfont='entypo-fontello' title='' data-avia-related-tooltip='Compartir por correo'><span class='avia_hidden_link_text'>Compartir por correo<\/span><\/a><\/li><\/ul><\/div><\/div>\n<div  style='height:50px' class='hr hr-invisible   avia-builder-el-8  el_after_av_social_share  el_before_av_comments_list '><span class='hr-inner ' ><span class='hr-inner-style'><\/span><\/span><\/div>\n<div  class='av-buildercomment  av-blog-meta-html-info-disabled av-blog-meta-tag-disabled  '><\/div>\n","protected":false},"excerpt":{"rendered":"","protected":false},"author":1,"featured_media":45626,"comment_status":"open","ping_status":"open","sticky":false,"template":"","format":"standard","meta":{"footnotes":""},"categories":[35],"tags":[],"class_list":["post-45625","post","type-post","status-publish","format-standard","has-post-thumbnail","hentry","category-politica"],"jetpack_featured_media_url":"https:\/\/radiorevelacionfm.cl\/wp-content\/uploads\/2024\/08\/FOTO-SENADORA-9-1-1-1.jpeg","_links":{"self":[{"href":"https:\/\/radiorevelacionfm.cl\/index.php?rest_route=\/wp\/v2\/posts\/45625","targetHints":{"allow":["GET"]}}],"collection":[{"href":"https:\/\/radiorevelacionfm.cl\/index.php?rest_route=\/wp\/v2\/posts"}],"about":[{"href":"https:\/\/radiorevelacionfm.cl\/index.php?rest_route=\/wp\/v2\/types\/post"}],"author":[{"embeddable":true,"href":"https:\/\/radiorevelacionfm.cl\/index.php?rest_route=\/wp\/v2\/users\/1"}],"replies":[{"embeddable":true,"href":"https:\/\/radiorevelacionfm.cl\/index.php?rest_route=%2Fwp%2Fv2%2Fcomments&post=45625"}],"version-history":[{"count":1,"href":"https:\/\/radiorevelacionfm.cl\/index.php?rest_route=\/wp\/v2\/posts\/45625\/revisions"}],"predecessor-version":[{"id":45627,"href":"https:\/\/radiorevelacionfm.cl\/index.php?rest_route=\/wp\/v2\/posts\/45625\/revisions\/45627"}],"wp:featuredmedia":[{"embeddable":true,"href":"https:\/\/radiorevelacionfm.cl\/index.php?rest_route=\/wp\/v2\/media\/45626"}],"wp:attachment":[{"href":"https:\/\/radiorevelacionfm.cl\/index.php?rest_route=%2Fwp%2Fv2%2Fmedia&parent=45625"}],"wp:term":[{"taxonomy":"category","embeddable":true,"href":"https:\/\/radiorevelacionfm.cl\/index.php?rest_route=%2Fwp%2Fv2%2Fcategories&post=45625"},{"taxonomy":"post_tag","embeddable":true,"href":"https:\/\/radiorevelacionfm.cl\/index.php?rest_route=%2Fwp%2Fv2%2Ftags&post=45625"}],"curies":[{"name":"wp","href":"https:\/\/api.w.org\/{rel}","templated":true}]}}