{"id":45622,"date":"2024-08-30T17:14:30","date_gmt":"2024-08-30T20:14:30","guid":{"rendered":"https:\/\/radiorevelacionfm.cl\/?p=45622"},"modified":"2024-08-30T17:14:30","modified_gmt":"2024-08-30T20:14:30","slug":"finaliza-9a-temporada-de-conciertos-the-dark-side-of-the-sur-2024","status":"publish","type":"post","link":"https:\/\/radiorevelacionfm.cl\/?p=45622","title":{"rendered":"Finaliza 9\u00aa temporada de conciertos THE DARK SIDE OF THE SUR 2024"},"content":{"rendered":"<div class=\"flex_column av_one_full  flex_column_div av-zero-column-padding first  avia-builder-el-0  el_before_av_one_full  avia-builder-el-first  \" style='border-radius:0px; '><div  class='avia-image-container  av-styling-    avia-builder-el-1  avia-builder-el-no-sibling  avia-align-center '  itemprop=\"image\" itemscope=\"itemscope\" itemtype=\"https:\/\/schema.org\/ImageObject\"  ><div class='avia-image-container-inner'><div class='avia-image-overlay-wrap'><img decoding=\"async\" class='wp-image-45623 avia-img-lazy-loading-not-45623 avia_image' src=\"https:\/\/radiorevelacionfm.cl\/wp-content\/uploads\/2024\/08\/afiche-tdsots-2024-juan-pablo-1-1_optimized-1-1.jpg\" alt='' title='afiche-tdsots-2024-juan-pablo-(1)-(1)_optimized (1) (1)' height=\"997\" width=\"800\"  itemprop=\"thumbnailUrl\" srcset=\"https:\/\/radiorevelacionfm.cl\/wp-content\/uploads\/2024\/08\/afiche-tdsots-2024-juan-pablo-1-1_optimized-1-1.jpg 800w, https:\/\/radiorevelacionfm.cl\/wp-content\/uploads\/2024\/08\/afiche-tdsots-2024-juan-pablo-1-1_optimized-1-1-241x300.jpg 241w, https:\/\/radiorevelacionfm.cl\/wp-content\/uploads\/2024\/08\/afiche-tdsots-2024-juan-pablo-1-1_optimized-1-1-768x957.jpg 768w, https:\/\/radiorevelacionfm.cl\/wp-content\/uploads\/2024\/08\/afiche-tdsots-2024-juan-pablo-1-1_optimized-1-1-566x705.jpg 566w, https:\/\/radiorevelacionfm.cl\/wp-content\/uploads\/2024\/08\/afiche-tdsots-2024-juan-pablo-1-1_optimized-1-1-450x561.jpg 450w, https:\/\/radiorevelacionfm.cl\/wp-content\/uploads\/2024\/08\/afiche-tdsots-2024-juan-pablo-1-1_optimized-1-1-600x748.jpg 600w\" sizes=\"(max-width: 800px) 100vw, 800px\" \/><\/div><\/div><\/div><\/div><div class=\"flex_column av_one_full  flex_column_div av-zero-column-padding first  avia-builder-el-2  el_after_av_one_full  el_before_av_one_full  column-top-margin\" style='border-radius:0px; '><section class=\"av_textblock_section \"  itemscope=\"itemscope\" itemtype=\"https:\/\/schema.org\/BlogPosting\" itemprop=\"blogPost\" ><div class='avia_textblock  '   itemprop=\"text\" ><p style=\"text-align: center;\"><span style=\"font-size: 18pt;\"><b>Finaliza 9\u00aa temporada de conciertos THE DARK SIDE OF THE SUR 2024<\/b><\/span><\/p>\n<div id=\"gtx-trans\" style=\"position: absolute; left: -50px; top: 4.31534px;\">\n<div class=\"gtx-trans-icon\"><\/div>\n<\/div>\n<\/div><\/section><\/div><div class=\"flex_column av_one_full  flex_column_div av-zero-column-padding first  avia-builder-el-4  el_after_av_one_full  el_before_av_hr  column-top-margin\" style='border-radius:0px; '><section class=\"av_textblock_section \"  itemscope=\"itemscope\" itemtype=\"https:\/\/schema.org\/BlogPosting\" itemprop=\"blogPost\" ><div class='avia_textblock  '   itemprop=\"text\" ><p style=\"text-align: justify;\">Organizaci\u00f3n cultural comunitaria Malotun Ortiga, invita a la clausura de la 9\u00aa temporada de conciertos THE DARK SIDE OF THE SUR 2024, a realizarse en el auditorio del Museo Regional de Ays\u00e9n, el s\u00e1bado 31 de agosto, apertura de sala a las 18:15 horas.<\/p>\n<p style=\"text-align: justify;\">En la ocasi\u00f3n se presentar\u00e1 destacado m\u00fasico\u00a0Juan Pablo Aguilera &amp;\u00a0La Cangalla, compositor\u00a0y productor coyhaiquino de larga y diversa trayectoria en escenarios regionales y nacionales.\u00a0Estar\u00e1 acompa\u00f1ado en el escenario por una instalaci\u00f3n en madera que rescata y rinde homenaje al oficio patrimonial de la tejueler\u00eda, obra del\u00a0arquitecto\u00a0Alejandro Figueroa Cifuentes.<\/p>\n<p style=\"text-align: justify;\">Un trabajo llevado a cabo junto a NubeNegra Producciones y financiado por el Fondo Nacional de Desarrollo Regional, del Gobierno Regional de Ays\u00e9n y Su Consejo, y por el Programa de Apoyo a Organizaciones Culturales Colaboradoras, del Ministerio de las Culturas, las Artes y el Patrimonio.<\/p>\n<p style=\"text-align: justify;\">Para conocer m\u00e1s sobre su trabajo puedes visitar la p\u00e1gina web: <a href=\"http:\/\/www.malotun.cl\/\">www.malotun.cl<\/a>.<\/p>\n<\/div><\/section><\/div><div  style='height:50px' class='hr hr-invisible   avia-builder-el-6  el_after_av_one_full  el_before_av_social_share '><span class='hr-inner ' ><span class='hr-inner-style'><\/span><\/span><\/div><\/p>\n<div  class='av-social-sharing-box  avia-builder-el-7  el_after_av_hr  el_before_av_hr  '><div class='av-share-box'><h5 class='av-share-link-description av-no-toc '>Compartir esta noticia<\/h5><ul class='av-share-box-list noLightbox'><li class='av-share-link av-social-link-facebook' ><a target=\"_blank\" aria-label=\"Compartir en Facebook\" href='https:\/\/www.facebook.com\/sharer.php?u=https:\/\/radiorevelacionfm.cl\/?p=45622&#038;t=Finaliza%209%C2%AA%20temporada%20de%20conciertos%20THE%20DARK%20SIDE%20OF%20THE%20SUR%202024' aria-hidden='false' data-av_icon='\ue8f3' data-av_iconfont='entypo-fontello' title='' data-avia-related-tooltip='Compartir en Facebook' rel=\"noopener\"><span class='avia_hidden_link_text'>Compartir en Facebook<\/span><\/a><\/li><li class='av-share-link av-social-link-twitter' ><a target=\"_blank\" aria-label=\"Compartir en Twitter\" href='https:\/\/twitter.com\/share?text=Finaliza%209%C2%AA%20temporada%20de%20conciertos%20THE%20DARK%20SIDE%20OF%20THE%20SUR%202024&#038;url=https:\/\/radiorevelacionfm.cl\/?p=45622' aria-hidden='false' data-av_icon='\ue8f1' data-av_iconfont='entypo-fontello' title='' data-avia-related-tooltip='Compartir en Twitter' rel=\"noopener\"><span class='avia_hidden_link_text'>Compartir en Twitter<\/span><\/a><\/li><li class='av-share-link av-social-link-whatsapp' ><a target=\"_blank\" aria-label=\"Compartir en Whatsapp\" href='https:\/\/api.whatsapp.com\/send?text=https:\/\/radiorevelacionfm.cl\/?p=45622' aria-hidden='false' data-av_icon='\uf232' data-av_iconfont='entypo-fontello' title='' data-avia-related-tooltip='Compartir en Whatsapp' rel=\"noopener\"><span class='avia_hidden_link_text'>Compartir en Whatsapp<\/span><\/a><\/li><li class='av-share-link av-social-link-linkedin' ><a target=\"_blank\" aria-label=\"Compartir en LinkedIn\" href='https:\/\/linkedin.com\/shareArticle?mini=true&#038;title=Finaliza%209%C2%AA%20temporada%20de%20conciertos%20THE%20DARK%20SIDE%20OF%20THE%20SUR%202024&#038;url=https:\/\/radiorevelacionfm.cl\/?p=45622' aria-hidden='false' data-av_icon='\ue8fc' data-av_iconfont='entypo-fontello' title='' data-avia-related-tooltip='Compartir en LinkedIn' rel=\"noopener\"><span class='avia_hidden_link_text'>Compartir en LinkedIn<\/span><\/a><\/li><li class='av-share-link av-social-link-mail' ><a  aria-label=\"Compartir por correo\" href='mailto:?subject=Finaliza%209%C2%AA%20temporada%20de%20conciertos%20THE%20DARK%20SIDE%20OF%20THE%20SUR%202024&#038;body=https:\/\/radiorevelacionfm.cl\/?p=45622' aria-hidden='false' data-av_icon='\ue805' data-av_iconfont='entypo-fontello' title='' data-avia-related-tooltip='Compartir por correo'><span class='avia_hidden_link_text'>Compartir por correo<\/span><\/a><\/li><\/ul><\/div><\/div>\n<div  style='height:50px' class='hr hr-invisible   avia-builder-el-8  el_after_av_social_share  el_before_av_comments_list '><span class='hr-inner ' ><span class='hr-inner-style'><\/span><\/span><\/div>\n<div  class='av-buildercomment  av-blog-meta-html-info-disabled av-blog-meta-tag-disabled  '><\/div>\n","protected":false},"excerpt":{"rendered":"","protected":false},"author":1,"featured_media":45623,"comment_status":"open","ping_status":"open","sticky":false,"template":"","format":"standard","meta":{"footnotes":""},"categories":[43],"tags":[],"class_list":["post-45622","post","type-post","status-publish","format-standard","has-post-thumbnail","hentry","category-musica"],"jetpack_featured_media_url":"https:\/\/radiorevelacionfm.cl\/wp-content\/uploads\/2024\/08\/afiche-tdsots-2024-juan-pablo-1-1_optimized-1-1.jpg","_links":{"self":[{"href":"https:\/\/radiorevelacionfm.cl\/index.php?rest_route=\/wp\/v2\/posts\/45622","targetHints":{"allow":["GET"]}}],"collection":[{"href":"https:\/\/radiorevelacionfm.cl\/index.php?rest_route=\/wp\/v2\/posts"}],"about":[{"href":"https:\/\/radiorevelacionfm.cl\/index.php?rest_route=\/wp\/v2\/types\/post"}],"author":[{"embeddable":true,"href":"https:\/\/radiorevelacionfm.cl\/index.php?rest_route=\/wp\/v2\/users\/1"}],"replies":[{"embeddable":true,"href":"https:\/\/radiorevelacionfm.cl\/index.php?rest_route=%2Fwp%2Fv2%2Fcomments&post=45622"}],"version-history":[{"count":1,"href":"https:\/\/radiorevelacionfm.cl\/index.php?rest_route=\/wp\/v2\/posts\/45622\/revisions"}],"predecessor-version":[{"id":45624,"href":"https:\/\/radiorevelacionfm.cl\/index.php?rest_route=\/wp\/v2\/posts\/45622\/revisions\/45624"}],"wp:featuredmedia":[{"embeddable":true,"href":"https:\/\/radiorevelacionfm.cl\/index.php?rest_route=\/wp\/v2\/media\/45623"}],"wp:attachment":[{"href":"https:\/\/radiorevelacionfm.cl\/index.php?rest_route=%2Fwp%2Fv2%2Fmedia&parent=45622"}],"wp:term":[{"taxonomy":"category","embeddable":true,"href":"https:\/\/radiorevelacionfm.cl\/index.php?rest_route=%2Fwp%2Fv2%2Fcategories&post=45622"},{"taxonomy":"post_tag","embeddable":true,"href":"https:\/\/radiorevelacionfm.cl\/index.php?rest_route=%2Fwp%2Fv2%2Ftags&post=45622"}],"curies":[{"name":"wp","href":"https:\/\/api.w.org\/{rel}","templated":true}]}}