{"id":45619,"date":"2024-08-29T13:04:46","date_gmt":"2024-08-29T16:04:46","guid":{"rendered":"https:\/\/radiorevelacionfm.cl\/?p=45619"},"modified":"2024-08-29T13:09:10","modified_gmt":"2024-08-29T16:09:10","slug":"sujeto-es-detenido-por-conducir-vehiculo-con-patentes-cambiadas-imputado-estaria-vinculado-a-un-secuestro-ocurrido-en-junio","status":"publish","type":"post","link":"https:\/\/radiorevelacionfm.cl\/?p=45619","title":{"rendered":"Sujeto es detenido por conducir veh\u00edculo con patentes cambiadas: Imputado estar\u00eda vinculado a un secuestro ocurrido en junio en Coyhaique"},"content":{"rendered":"<div class=\"flex_column av_one_full  flex_column_div av-zero-column-padding first  avia-builder-el-0  el_before_av_one_full  avia-builder-el-first  \" style='border-radius:0px; '><div  class='avia-image-container  av-styling-    avia-builder-el-1  avia-builder-el-no-sibling  avia-align-center '  itemprop=\"image\" itemscope=\"itemscope\" itemtype=\"https:\/\/schema.org\/ImageObject\"  ><div class='avia-image-container-inner'><div class='avia-image-overlay-wrap'><img decoding=\"async\" class='wp-image-5289 avia-img-lazy-loading-not-5289 avia_image' src=\"https:\/\/radiorevelacionfm.cl\/wp-content\/uploads\/2021\/06\/pdi-archivo-1-1.jpg\" alt='' title='pdi-archivo (1) (1)' height=\"600\" width=\"904\"  itemprop=\"thumbnailUrl\" srcset=\"https:\/\/radiorevelacionfm.cl\/wp-content\/uploads\/2021\/06\/pdi-archivo-1-1.jpg 904w, https:\/\/radiorevelacionfm.cl\/wp-content\/uploads\/2021\/06\/pdi-archivo-1-1-300x199.jpg 300w, https:\/\/radiorevelacionfm.cl\/wp-content\/uploads\/2021\/06\/pdi-archivo-1-1-768x510.jpg 768w, https:\/\/radiorevelacionfm.cl\/wp-content\/uploads\/2021\/06\/pdi-archivo-1-1-705x468.jpg 705w, https:\/\/radiorevelacionfm.cl\/wp-content\/uploads\/2021\/06\/pdi-archivo-1-1-600x398.jpg 600w\" sizes=\"(max-width: 904px) 100vw, 904px\" \/><\/div><\/div><\/div><\/div>\n<div class=\"flex_column av_one_full  flex_column_div av-zero-column-padding first  avia-builder-el-2  el_after_av_one_full  el_before_av_one_full  column-top-margin\" style='border-radius:0px; '><section class=\"av_textblock_section \"  itemscope=\"itemscope\" itemtype=\"https:\/\/schema.org\/BlogPosting\" itemprop=\"blogPost\" ><div class='avia_textblock  '   itemprop=\"text\" ><p style=\"text-align: center;\"><strong><span style=\"font-size: 18pt;\">Sujeto es detenido por conducir veh\u00edculo con patentes cambiadas: Imputado estar\u00eda vinculado a un secuestro ocurrido en junio en Coyhaique<\/span><\/strong><\/p>\n<div id=\"gtx-trans\" style=\"position: absolute; left: -50px; top: 4.31534px;\">\n<div class=\"gtx-trans-icon\"><\/div>\n<\/div>\n<\/div><\/section><\/div><div class=\"flex_column av_one_full  flex_column_div av-zero-column-padding first  avia-builder-el-4  el_after_av_one_full  el_before_av_hr  column-top-margin\" style='border-radius:0px; '><section class=\"av_textblock_section \"  itemscope=\"itemscope\" itemtype=\"https:\/\/schema.org\/BlogPosting\" itemprop=\"blogPost\" ><div class='avia_textblock  '   itemprop=\"text\" ><p style=\"text-align: justify;\"><em>Sujeto vinculado a secuestro es capturado tras ser sorprendido conduciendo veh\u00edculo con patentes cambiadas.<\/em><\/p>\n<p style=\"text-align: justify;\">Durante la ma\u00f1ana de este lunes, una persona fue detenida por detectives de la Brigada de Investigaci\u00f3n Criminal (Bicrim) Coyhaique por conducir un veh\u00edculo que usaba las patentes de otro.<\/p>\n<p style=\"text-align: justify;\">La investigaci\u00f3n se origin\u00f3, gracias al an\u00e1lisis criminal realizado por los oficiales diligenciadores que, al observar circulando el autom\u00f3vil, se percataron de algunas caracter\u00edsticas que les llamaron la atenci\u00f3n. \u201cDando cumplimiento a los lineamientos institucionales y regionales, la Polic\u00eda de Investigaciones de Chile, en el marco del mejoramiento de los procesos investigativos, se percatan de la circulaci\u00f3n, dentro de la comuna, de un veh\u00edculo, que presentaba algunas caracter\u00edsticas que llamaron la atenci\u00f3n a los investigadores, a lo cual se hace la consulta de su placa patente, la cual no coincid\u00eda con el veh\u00edculo registrado\u201d, coment\u00f3 el comisario Felipe Vald\u00e9s, jefe subrogante de la Bicrim Coyhaique.<\/p>\n<p style=\"text-align: justify;\">Con estos antecedentes la PDI, por instrucci\u00f3n de la fiscal\u00eda,\u00a0materializ\u00f3 este lunes la detenci\u00f3n del conductor del veh\u00edculo, adem\u00e1s de la incautaci\u00f3n del mismo que, en su interior contaba con las placas patentes originales. \u201cEste hecho en s\u00ed es un delito que no es com\u00fan ac\u00e1 en la comuna,\u00a0pero estamos trabajando con el Ministerio P\u00fablico y la Oficina de An\u00e1lisis Criminal de la PDI\u00a0para poder detectar nuevos casos y as\u00ed aportarlos a la Fiscal\u00eda\u00a0y continuar las investigaciones necesarias\u201d, puntualiz\u00f3 el comisario Vald\u00e9s.<\/p>\n<p style=\"text-align: justify;\">Seg\u00fan el imputado, la raz\u00f3n del cambio de las patentes obedece a que el auto en cuesti\u00f3n estar\u00eda embargado, de esta forma no pod\u00eda ser ubicado. \u00bfC\u00f3mo tuvo acceso a ellas? A\u00fan se est\u00e1 investigando.<\/p>\n<p style=\"text-align: justify;\">Cabe hacer presente que la persona imputada, estar\u00eda vinculada a una investigaci\u00f3n llevada por la PDI, la que guarda relaci\u00f3n con un secuestro ocurrido en el mes de junio de este a\u00f1o, en donde en el sector alto de la capital regional, dos sujetos, aparentemente, premunidos de armas de fuego y a rostro semicubierto interceptaron e intimidaron a la v\u00edctima. La participaci\u00f3n del detenido en ese hecho habr\u00eda sido la de conductor.<\/p>\n<p style=\"text-align: justify;\"><strong>\u00a0<\/strong><\/p>\n<\/div><\/section><\/div><\/p>\n<div  style='height:50px' class='hr hr-invisible   avia-builder-el-6  el_after_av_one_full  el_before_av_social_share '><span class='hr-inner ' ><span class='hr-inner-style'><\/span><\/span><\/div>\n<div  class='av-social-sharing-box  avia-builder-el-7  el_after_av_hr  el_before_av_hr  '><div class='av-share-box'><h5 class='av-share-link-description av-no-toc '>Compartir esta noticia<\/h5><ul class='av-share-box-list noLightbox'><li class='av-share-link av-social-link-facebook' ><a target=\"_blank\" aria-label=\"Compartir en Facebook\" href='https:\/\/www.facebook.com\/sharer.php?u=https:\/\/radiorevelacionfm.cl\/?p=45619&#038;t=Sujeto%20es%20detenido%20por%20conducir%20veh%C3%ADculo%20con%20patentes%20cambiadas%3A%20Imputado%20estar%C3%ADa%20vinculado%20a%20un%20secuestro%20ocurrido%20en%20junio%20en%20Coyhaique' aria-hidden='false' data-av_icon='\ue8f3' data-av_iconfont='entypo-fontello' title='' data-avia-related-tooltip='Compartir en Facebook' rel=\"noopener\"><span class='avia_hidden_link_text'>Compartir en Facebook<\/span><\/a><\/li><li class='av-share-link av-social-link-twitter' ><a target=\"_blank\" aria-label=\"Compartir en Twitter\" href='https:\/\/twitter.com\/share?text=Sujeto%20es%20detenido%20por%20conducir%20veh%C3%ADculo%20con%20patentes%20cambiadas%3A%20Imputado%20estar%C3%ADa%20vinculado%20a%20un%20secuestro%20ocurrido%20en%20junio%20en%20Coyhaique&#038;url=https:\/\/radiorevelacionfm.cl\/?p=45619' aria-hidden='false' data-av_icon='\ue8f1' data-av_iconfont='entypo-fontello' title='' data-avia-related-tooltip='Compartir en Twitter' rel=\"noopener\"><span class='avia_hidden_link_text'>Compartir en Twitter<\/span><\/a><\/li><li class='av-share-link av-social-link-whatsapp' ><a target=\"_blank\" aria-label=\"Compartir en Whatsapp\" href='https:\/\/api.whatsapp.com\/send?text=https:\/\/radiorevelacionfm.cl\/?p=45619' aria-hidden='false' data-av_icon='\uf232' data-av_iconfont='entypo-fontello' title='' data-avia-related-tooltip='Compartir en Whatsapp' rel=\"noopener\"><span class='avia_hidden_link_text'>Compartir en Whatsapp<\/span><\/a><\/li><li class='av-share-link av-social-link-linkedin' ><a target=\"_blank\" aria-label=\"Compartir en LinkedIn\" href='https:\/\/linkedin.com\/shareArticle?mini=true&#038;title=Sujeto%20es%20detenido%20por%20conducir%20veh%C3%ADculo%20con%20patentes%20cambiadas%3A%20Imputado%20estar%C3%ADa%20vinculado%20a%20un%20secuestro%20ocurrido%20en%20junio%20en%20Coyhaique&#038;url=https:\/\/radiorevelacionfm.cl\/?p=45619' aria-hidden='false' data-av_icon='\ue8fc' data-av_iconfont='entypo-fontello' title='' data-avia-related-tooltip='Compartir en LinkedIn' rel=\"noopener\"><span class='avia_hidden_link_text'>Compartir en LinkedIn<\/span><\/a><\/li><li class='av-share-link av-social-link-mail' ><a  aria-label=\"Compartir por correo\" href='mailto:?subject=Sujeto%20es%20detenido%20por%20conducir%20veh%C3%ADculo%20con%20patentes%20cambiadas%3A%20Imputado%20estar%C3%ADa%20vinculado%20a%20un%20secuestro%20ocurrido%20en%20junio%20en%20Coyhaique&#038;body=https:\/\/radiorevelacionfm.cl\/?p=45619' aria-hidden='false' data-av_icon='\ue805' data-av_iconfont='entypo-fontello' title='' data-avia-related-tooltip='Compartir por correo'><span class='avia_hidden_link_text'>Compartir por correo<\/span><\/a><\/li><\/ul><\/div><\/div>\n<div  style='height:50px' class='hr hr-invisible   avia-builder-el-8  el_after_av_social_share  el_before_av_comments_list '><span class='hr-inner ' ><span class='hr-inner-style'><\/span><\/span><\/div>\n<div  class='av-buildercomment  av-blog-meta-html-info-disabled av-blog-meta-tag-disabled  '><\/div>\n","protected":false},"excerpt":{"rendered":"","protected":false},"author":1,"featured_media":5289,"comment_status":"open","ping_status":"open","sticky":false,"template":"","format":"standard","meta":{"footnotes":""},"categories":[36],"tags":[],"class_list":["post-45619","post","type-post","status-publish","format-standard","has-post-thumbnail","hentry","category-policial"],"jetpack_featured_media_url":"https:\/\/radiorevelacionfm.cl\/wp-content\/uploads\/2021\/06\/pdi-archivo-1-1.jpg","_links":{"self":[{"href":"https:\/\/radiorevelacionfm.cl\/index.php?rest_route=\/wp\/v2\/posts\/45619","targetHints":{"allow":["GET"]}}],"collection":[{"href":"https:\/\/radiorevelacionfm.cl\/index.php?rest_route=\/wp\/v2\/posts"}],"about":[{"href":"https:\/\/radiorevelacionfm.cl\/index.php?rest_route=\/wp\/v2\/types\/post"}],"author":[{"embeddable":true,"href":"https:\/\/radiorevelacionfm.cl\/index.php?rest_route=\/wp\/v2\/users\/1"}],"replies":[{"embeddable":true,"href":"https:\/\/radiorevelacionfm.cl\/index.php?rest_route=%2Fwp%2Fv2%2Fcomments&post=45619"}],"version-history":[{"count":2,"href":"https:\/\/radiorevelacionfm.cl\/index.php?rest_route=\/wp\/v2\/posts\/45619\/revisions"}],"predecessor-version":[{"id":45621,"href":"https:\/\/radiorevelacionfm.cl\/index.php?rest_route=\/wp\/v2\/posts\/45619\/revisions\/45621"}],"wp:featuredmedia":[{"embeddable":true,"href":"https:\/\/radiorevelacionfm.cl\/index.php?rest_route=\/wp\/v2\/media\/5289"}],"wp:attachment":[{"href":"https:\/\/radiorevelacionfm.cl\/index.php?rest_route=%2Fwp%2Fv2%2Fmedia&parent=45619"}],"wp:term":[{"taxonomy":"category","embeddable":true,"href":"https:\/\/radiorevelacionfm.cl\/index.php?rest_route=%2Fwp%2Fv2%2Fcategories&post=45619"},{"taxonomy":"post_tag","embeddable":true,"href":"https:\/\/radiorevelacionfm.cl\/index.php?rest_route=%2Fwp%2Fv2%2Ftags&post=45619"}],"curies":[{"name":"wp","href":"https:\/\/api.w.org\/{rel}","templated":true}]}}