{"id":45615,"date":"2024-08-29T16:31:35","date_gmt":"2024-08-29T19:31:35","guid":{"rendered":"https:\/\/radiorevelacionfm.cl\/?p=45615"},"modified":"2024-08-29T16:31:35","modified_gmt":"2024-08-29T19:31:35","slug":"autocuidado-y-salud-mental-injuv-aysen-y-bomberos-de-chile-firman-inedito-convenio-que-se-replicara-a-nivel-nacional","status":"publish","type":"post","link":"https:\/\/radiorevelacionfm.cl\/?p=45615","title":{"rendered":"Autocuidado y Salud Mental: INJUV Ays\u00e9n y Bomberos de Chile firman in\u00e9dito convenio que se replicar\u00e1 a nivel nacional"},"content":{"rendered":"<div class=\"flex_column av_one_full  flex_column_div av-zero-column-padding first  avia-builder-el-0  el_before_av_one_full  avia-builder-el-first  \" style='border-radius:0px; '><div  class='avia-image-container  av-styling-    avia-builder-el-1  avia-builder-el-no-sibling  avia-align-center '  itemprop=\"image\" itemscope=\"itemscope\" itemtype=\"https:\/\/schema.org\/ImageObject\"  ><div class='avia-image-container-inner'><div class='avia-image-overlay-wrap'><img decoding=\"async\" class='wp-image-45617 avia-img-lazy-loading-not-45617 avia_image' src=\"https:\/\/radiorevelacionfm.cl\/wp-content\/uploads\/2024\/08\/foto-1-60-1_optimized-1-1.jpg\" alt='' title='foto-1-(60)-(1)_optimized (1) (1)' height=\"600\" width=\"915\"  itemprop=\"thumbnailUrl\" srcset=\"https:\/\/radiorevelacionfm.cl\/wp-content\/uploads\/2024\/08\/foto-1-60-1_optimized-1-1.jpg 915w, https:\/\/radiorevelacionfm.cl\/wp-content\/uploads\/2024\/08\/foto-1-60-1_optimized-1-1-300x197.jpg 300w, https:\/\/radiorevelacionfm.cl\/wp-content\/uploads\/2024\/08\/foto-1-60-1_optimized-1-1-768x504.jpg 768w, https:\/\/radiorevelacionfm.cl\/wp-content\/uploads\/2024\/08\/foto-1-60-1_optimized-1-1-705x462.jpg 705w, https:\/\/radiorevelacionfm.cl\/wp-content\/uploads\/2024\/08\/foto-1-60-1_optimized-1-1-450x295.jpg 450w, https:\/\/radiorevelacionfm.cl\/wp-content\/uploads\/2024\/08\/foto-1-60-1_optimized-1-1-600x393.jpg 600w\" sizes=\"(max-width: 915px) 100vw, 915px\" \/><\/div><\/div><\/div><\/div><div class=\"flex_column av_one_full  flex_column_div av-zero-column-padding first  avia-builder-el-2  el_after_av_one_full  el_before_av_one_full  column-top-margin\" style='border-radius:0px; '><section class=\"av_textblock_section \"  itemscope=\"itemscope\" itemtype=\"https:\/\/schema.org\/BlogPosting\" itemprop=\"blogPost\" ><div class='avia_textblock  '   itemprop=\"text\" ><p style=\"text-align: center;\"><strong><span style=\"font-size: 18pt;\">Autocuidado y Salud Mental: INJUV Ays\u00e9n y Bomberos de Chile firman in\u00e9dito convenio que se replicar\u00e1 a nivel nacional<\/span><\/strong><\/p>\n<div id=\"gtx-trans\" style=\"position: absolute; left: -50px; top: 4.31534px;\">\n<div class=\"gtx-trans-icon\"><\/div>\n<\/div>\n<\/div><\/section><\/div><div class=\"flex_column av_one_full  flex_column_div av-zero-column-padding first  avia-builder-el-4  el_after_av_one_full  el_before_av_hr  column-top-margin\" style='border-radius:0px; '><section class=\"av_textblock_section \"  itemscope=\"itemscope\" itemtype=\"https:\/\/schema.org\/BlogPosting\" itemprop=\"blogPost\" ><div class='avia_textblock  '   itemprop=\"text\" ><p style=\"text-align: justify;\">En el marco del Mes de las Juventudes, el Instituto Nacional de la Juventud de la regi\u00f3n de Ays\u00e9n y Bomberos de Chile, firmaron un importante e in\u00e9dito convenio de colaboraci\u00f3n, iniciativa que tiene por objetivo proyectar, coordinar y desarrollar actividades de colaboraci\u00f3n educativa, a trav\u00e9s del programa de INJUV Chile, Hablemos de Todo, con la finalidad de promover el desarrollo integral de la comunidad juvenil regional.<\/p>\n<p style=\"text-align: justify;\">A la ceremonia asisti\u00f3 el Delegado Presidencial Regional, Rodrigo Araya Morales,\u00a0 Presidente Nacional de Bomberos de Chile, Juan Carlos Field, Director Nacional de INJUV Chile, Juan Pablo Duhalde, Presidente Regional de Bomberos, Boris Romero Bello, Director Regional de INJUV Ays\u00e9n, Camilo Trivi\u00f1o Urtubia, Superintendente del Cuerpo de Bomberos de Coyhaique, Jorge Vidal Pacheco, miembros del Directorio General, bomberos y juventudes invitadas.<\/p>\n<p style=\"text-align: justify;\">El convenio firmado entre ambas instituciones busca generar una alianza que permita desarrollar y elaborar un plan de trabajo a corto, mediano y largo plazo con las juventudes de la regi\u00f3n y con las y los j\u00f3venes voluntarios de todas las compa\u00f1\u00edas de bomberos de la regi\u00f3n.<\/p>\n<p style=\"text-align: justify;\">Esta importante iniciativa se traduce en que INJUV Ays\u00e9n brindar\u00e1 contenci\u00f3n y asistencia psicol\u00f3gica a trav\u00e9s de su oferta program\u00e1tica a bomberas y bomberos de forma gratuita, para colaborar con la gran carga emocional que implica el trabajo bomberil. Por su parte Bomberos de Chile realizar\u00e1 capacitaciones gratuitas a las juventudes de la regi\u00f3n de Ays\u00e9n enfocadas en Reanimaci\u00f3n Cardiopulmonar (RCP), instancias relacionadas directamente con salud, seguridad y primeros auxilios.<\/p>\n<p style=\"text-align: justify;\">El Presente Nacional de Bomberos de Chile, Juan Carlos Field, qui\u00e9n viaj\u00f3 hasta la regi\u00f3n de Ays\u00e9n para participar de este importante hito, \u00a0destac\u00f3 la iniciativa de ambas instituciones y sostuvo que \u201cfelicitar al Director Regional, al\u00a0 Presidente Regional de Ays\u00e9n por esta iniciativa, convenio\u00a0 muy novedoso que and\u00e1bamos buscando hace mucho tiempo, ya que como lo dije en mis palabras, los bomberos nos entregamos del todo como servicio de utilidad p\u00fablica, pero tambi\u00e9n quedamos heridos y sobre todo en el tema emocional y psicol\u00f3gico, yo dir\u00eda que es muy importante este convenio que se logra con INJUV Ays\u00e9n con el fin de replicarlo a nivel nacional, me voy a reunir \u00a0con el Director Nacional de INJUV para poder replicar el convenio y felicitar a la regi\u00f3n de Ays\u00e9n porque nuevamente tiene una tremenda iniciativa que la vamos a replicar a nivel pa\u00eds\u201d.<\/p>\n<p style=\"text-align: justify;\">En tanto, el Director Nacional de INJUV Chile, Juan Pablo Duhalde, indic\u00f3 que \u201ces un d\u00eda muy importante para el Instituto Nacional de la Juventud, firmamos un convenio de trabajo con Bomberos de Chile, una iniciativa que nace desde la regi\u00f3n de Ays\u00e9n para promover las capacitaciones a j\u00f3venes y tambi\u00e9n cultivar el bienestar y autocuidado de las y los bomberos cuando viven momentos complejos o traum\u00e1ticos. Como dijo el Presidente Nacional, vamos a llevar este acuerdo a nivel pa\u00eds, porque consideramos que las juventudes son relevantes, las juventudes tienen un rol important\u00edsimo en bomberos como tambi\u00e9n en INJUV, bomberos entrega esperanza, seguridad y nobleza, y esos son valores que hay que propiciar y compartir, nos invita este convenio a trabajar a poder colaborarnos y a llegar a la mayor cantidad de juventudes a nivel nacional\u201d.<\/p>\n<p style=\"text-align: justify;\">El Presidente del Centro General de Estudiantes (CGE), del Liceo San Felipe Benicio, Jos\u00e9 Guillermo Haro Aguilar,\u00a0 agradeci\u00f3 la invitaci\u00f3n y se\u00f1al\u00f3 que \u00a0\u201cme pareci\u00f3 una actividad s\u00faper enriquecedora para la comunidad, sabiendo las connotaciones\u00a0 que esto tiene tanto para el cuerpo de Bomberos como para las juventudes, este convenio es muy necesario, creo que darle apoyo a las bomberos y que siempre est\u00e1n ah\u00ed para nosotros, es genial, me parece s\u00faper bien, fue una actividad muy bonita y se dieron varias instancias de di\u00e1logo que estuvieron bastante interesantes\u201d.<\/p>\n<p style=\"text-align: justify;\">Finalmente la Consejera Estudiantil del Consejo de la Sociedad Civil, del Gobierno Regional (COSOC), Sof\u00eda Garc\u00e9s Herrera, indic\u00f3 que \u201cfue una actividad sumamente importante, es una gran oportunidad para los j\u00f3venes desenvolverse y aprender sobre primeros auxilios, aprender a realizar un RCP correctamente y salvar vidas\u201d.<\/p>\n<\/div><\/section><\/div><div  style='height:50px' class='hr hr-invisible   avia-builder-el-6  el_after_av_one_full  el_before_av_social_share '><span class='hr-inner ' ><span class='hr-inner-style'><\/span><\/span><\/div><\/p>\n<div  class='av-social-sharing-box  avia-builder-el-7  el_after_av_hr  el_before_av_hr  '><div class='av-share-box'><h5 class='av-share-link-description av-no-toc '>Compartir esta noticia<\/h5><ul class='av-share-box-list noLightbox'><li class='av-share-link av-social-link-facebook' ><a target=\"_blank\" aria-label=\"Compartir en Facebook\" href='https:\/\/www.facebook.com\/sharer.php?u=https:\/\/radiorevelacionfm.cl\/?p=45615&#038;t=Autocuidado%20y%20Salud%20Mental%3A%20INJUV%20Ays%C3%A9n%20y%20Bomberos%20de%20Chile%20firman%20in%C3%A9dito%20convenio%20que%20se%20replicar%C3%A1%20a%20nivel%20nacional' aria-hidden='false' data-av_icon='\ue8f3' data-av_iconfont='entypo-fontello' title='' data-avia-related-tooltip='Compartir en Facebook' rel=\"noopener\"><span class='avia_hidden_link_text'>Compartir en Facebook<\/span><\/a><\/li><li class='av-share-link av-social-link-twitter' ><a target=\"_blank\" aria-label=\"Compartir en Twitter\" href='https:\/\/twitter.com\/share?text=Autocuidado%20y%20Salud%20Mental%3A%20INJUV%20Ays%C3%A9n%20y%20Bomberos%20de%20Chile%20firman%20in%C3%A9dito%20convenio%20que%20se%20replicar%C3%A1%20a%20nivel%20nacional&#038;url=https:\/\/radiorevelacionfm.cl\/?p=45615' aria-hidden='false' data-av_icon='\ue8f1' data-av_iconfont='entypo-fontello' title='' data-avia-related-tooltip='Compartir en Twitter' rel=\"noopener\"><span class='avia_hidden_link_text'>Compartir en Twitter<\/span><\/a><\/li><li class='av-share-link av-social-link-whatsapp' ><a target=\"_blank\" aria-label=\"Compartir en Whatsapp\" href='https:\/\/api.whatsapp.com\/send?text=https:\/\/radiorevelacionfm.cl\/?p=45615' aria-hidden='false' data-av_icon='\uf232' data-av_iconfont='entypo-fontello' title='' data-avia-related-tooltip='Compartir en Whatsapp' rel=\"noopener\"><span class='avia_hidden_link_text'>Compartir en Whatsapp<\/span><\/a><\/li><li class='av-share-link av-social-link-linkedin' ><a target=\"_blank\" aria-label=\"Compartir en LinkedIn\" href='https:\/\/linkedin.com\/shareArticle?mini=true&#038;title=Autocuidado%20y%20Salud%20Mental%3A%20INJUV%20Ays%C3%A9n%20y%20Bomberos%20de%20Chile%20firman%20in%C3%A9dito%20convenio%20que%20se%20replicar%C3%A1%20a%20nivel%20nacional&#038;url=https:\/\/radiorevelacionfm.cl\/?p=45615' aria-hidden='false' data-av_icon='\ue8fc' data-av_iconfont='entypo-fontello' title='' data-avia-related-tooltip='Compartir en LinkedIn' rel=\"noopener\"><span class='avia_hidden_link_text'>Compartir en LinkedIn<\/span><\/a><\/li><li class='av-share-link av-social-link-mail' ><a  aria-label=\"Compartir por correo\" href='mailto:?subject=Autocuidado%20y%20Salud%20Mental%3A%20INJUV%20Ays%C3%A9n%20y%20Bomberos%20de%20Chile%20firman%20in%C3%A9dito%20convenio%20que%20se%20replicar%C3%A1%20a%20nivel%20nacional&#038;body=https:\/\/radiorevelacionfm.cl\/?p=45615' aria-hidden='false' data-av_icon='\ue805' data-av_iconfont='entypo-fontello' title='' data-avia-related-tooltip='Compartir por correo'><span class='avia_hidden_link_text'>Compartir por correo<\/span><\/a><\/li><\/ul><\/div><\/div>\n<div  style='height:50px' class='hr hr-invisible   avia-builder-el-8  el_after_av_social_share  el_before_av_comments_list '><span class='hr-inner ' ><span class='hr-inner-style'><\/span><\/span><\/div>\n<div  class='av-buildercomment  av-blog-meta-html-info-disabled av-blog-meta-tag-disabled  '><\/div>\n","protected":false},"excerpt":{"rendered":"","protected":false},"author":1,"featured_media":45617,"comment_status":"open","ping_status":"open","sticky":false,"template":"","format":"standard","meta":{"footnotes":""},"categories":[38],"tags":[],"class_list":["post-45615","post","type-post","status-publish","format-standard","has-post-thumbnail","hentry","category-regional"],"jetpack_featured_media_url":"https:\/\/radiorevelacionfm.cl\/wp-content\/uploads\/2024\/08\/foto-1-60-1_optimized-1-1.jpg","_links":{"self":[{"href":"https:\/\/radiorevelacionfm.cl\/index.php?rest_route=\/wp\/v2\/posts\/45615","targetHints":{"allow":["GET"]}}],"collection":[{"href":"https:\/\/radiorevelacionfm.cl\/index.php?rest_route=\/wp\/v2\/posts"}],"about":[{"href":"https:\/\/radiorevelacionfm.cl\/index.php?rest_route=\/wp\/v2\/types\/post"}],"author":[{"embeddable":true,"href":"https:\/\/radiorevelacionfm.cl\/index.php?rest_route=\/wp\/v2\/users\/1"}],"replies":[{"embeddable":true,"href":"https:\/\/radiorevelacionfm.cl\/index.php?rest_route=%2Fwp%2Fv2%2Fcomments&post=45615"}],"version-history":[{"count":1,"href":"https:\/\/radiorevelacionfm.cl\/index.php?rest_route=\/wp\/v2\/posts\/45615\/revisions"}],"predecessor-version":[{"id":45618,"href":"https:\/\/radiorevelacionfm.cl\/index.php?rest_route=\/wp\/v2\/posts\/45615\/revisions\/45618"}],"wp:featuredmedia":[{"embeddable":true,"href":"https:\/\/radiorevelacionfm.cl\/index.php?rest_route=\/wp\/v2\/media\/45617"}],"wp:attachment":[{"href":"https:\/\/radiorevelacionfm.cl\/index.php?rest_route=%2Fwp%2Fv2%2Fmedia&parent=45615"}],"wp:term":[{"taxonomy":"category","embeddable":true,"href":"https:\/\/radiorevelacionfm.cl\/index.php?rest_route=%2Fwp%2Fv2%2Fcategories&post=45615"},{"taxonomy":"post_tag","embeddable":true,"href":"https:\/\/radiorevelacionfm.cl\/index.php?rest_route=%2Fwp%2Fv2%2Ftags&post=45615"}],"curies":[{"name":"wp","href":"https:\/\/api.w.org\/{rel}","templated":true}]}}