{"id":45610,"date":"2024-08-29T12:51:40","date_gmt":"2024-08-29T15:51:40","guid":{"rendered":"https:\/\/radiorevelacionfm.cl\/?p=45610"},"modified":"2024-08-29T12:51:40","modified_gmt":"2024-08-29T15:51:40","slug":"constatan-importante-avance-en-conservacion-mayor-del-aerodromo-de-puyuhuapi","status":"publish","type":"post","link":"https:\/\/radiorevelacionfm.cl\/?p=45610","title":{"rendered":"Constatan importante avance en conservaci\u00f3n mayor del aer\u00f3dromo de Puyuhuapi"},"content":{"rendered":"<div class=\"flex_column av_one_full  flex_column_div av-zero-column-padding first  avia-builder-el-0  el_before_av_one_full  avia-builder-el-first  \" style='border-radius:0px; '><div  class='avia-image-container  av-styling-    avia-builder-el-1  avia-builder-el-no-sibling  avia-align-center '  itemprop=\"image\" itemscope=\"itemscope\" itemtype=\"https:\/\/schema.org\/ImageObject\"  ><div class='avia-image-container-inner'><div class='avia-image-overlay-wrap'><img decoding=\"async\" class='wp-image-45611 avia-img-lazy-loading-not-45611 avia_image' src=\"https:\/\/radiorevelacionfm.cl\/wp-content\/uploads\/2024\/08\/P-5-1-1.jpg\" alt='' title='P-5 (1) (1)' height=\"600\" width=\"900\"  itemprop=\"thumbnailUrl\" srcset=\"https:\/\/radiorevelacionfm.cl\/wp-content\/uploads\/2024\/08\/P-5-1-1.jpg 900w, https:\/\/radiorevelacionfm.cl\/wp-content\/uploads\/2024\/08\/P-5-1-1-300x200.jpg 300w, https:\/\/radiorevelacionfm.cl\/wp-content\/uploads\/2024\/08\/P-5-1-1-768x512.jpg 768w, https:\/\/radiorevelacionfm.cl\/wp-content\/uploads\/2024\/08\/P-5-1-1-705x470.jpg 705w, https:\/\/radiorevelacionfm.cl\/wp-content\/uploads\/2024\/08\/P-5-1-1-450x300.jpg 450w, https:\/\/radiorevelacionfm.cl\/wp-content\/uploads\/2024\/08\/P-5-1-1-600x400.jpg 600w\" sizes=\"(max-width: 900px) 100vw, 900px\" \/><\/div><\/div><\/div><\/div><div class=\"flex_column av_one_full  flex_column_div av-zero-column-padding first  avia-builder-el-2  el_after_av_one_full  el_before_av_one_full  column-top-margin\" style='border-radius:0px; '><section class=\"av_textblock_section \"  itemscope=\"itemscope\" itemtype=\"https:\/\/schema.org\/BlogPosting\" itemprop=\"blogPost\" ><div class='avia_textblock  '   itemprop=\"text\" ><p style=\"text-align: center;\"><strong><span style=\"font-size: 18pt;\">Constatan importante avance en conservaci\u00f3n mayor del aer\u00f3dromo de Puyuhuapi<\/span><\/strong><\/p>\n<div id=\"gtx-trans\" style=\"position: absolute; left: -50px; top: 4.31534px;\">\n<div class=\"gtx-trans-icon\"><\/div>\n<\/div>\n<\/div><\/section><\/div><div class=\"flex_column av_one_full  flex_column_div av-zero-column-padding first  avia-builder-el-4  el_after_av_one_full  el_before_av_hr  column-top-margin\" style='border-radius:0px; '><section class=\"av_textblock_section \"  itemscope=\"itemscope\" itemtype=\"https:\/\/schema.org\/BlogPosting\" itemprop=\"blogPost\" ><div class='avia_textblock  '   itemprop=\"text\" ><p style=\"text-align: justify;\"><em>La Directora Nacional de Aeropuertos del MOP visit\u00f3 las obras que est\u00e1n renovando la vida \u00fatil de este recinto, las cuales presentan un 88% de avance.<\/em><\/p>\n<p style=\"text-align: justify;\">En la recta final se encuentran los trabajos de conservaci\u00f3n mayor del aer\u00f3dromo de Puyuhuapi, que posibilitar\u00e1n que pr\u00f3ximamente vea renovada su vida \u00fatil para las pr\u00f3ximas d\u00e9cadas y siga as\u00ed aportando a la conectividad y el desarrollo tur\u00edstico y econ\u00f3mico de la comuna de Cisnes y la provincia de Ays\u00e9n.<\/p>\n<p style=\"text-align: justify;\">El desarrollo de las obras fue supervisado este martes por la Directora Nacional de Aeropuertos del MOP, Claudia Silva, el Delegado Presidencial de la Provincia de Ays\u00e9n, Jorge D\u00edaz, y la Seremi de Obras P\u00fablicas, Paloma Jara, quienes apreciaron que tras 9 meses de faenas se ha alcanzado un 88% de avance f\u00edsico.<\/p>\n<p style=\"text-align: justify;\">\u201cEsta conservaci\u00f3n mayor ha tenido un costo de casi 1.600 millones de pesos y estamos trabajando para que vuelva a estar operativa en el \u00faltimo trimestre de este a\u00f1o. Esta obra era necesaria porque el aer\u00f3dromo de Puyuhuapi se usa much\u00edsimo para evacuaciones aerom\u00e9dicas y para el desarrollo de actividades econ\u00f3micas a nivel local\u201d, manifest\u00f3 Claudia Silva.<\/p>\n<p style=\"text-align: justify;\">Las obras consisten en la aplicaci\u00f3n de una doble capa de tratamiento asf\u00e1ltico sobre la superficie de la pista, en la calle de rodaje y en la plataforma de estacionamiento de las aeronaves. Asimismo, considera la aplicaci\u00f3n de pintura de demarcaci\u00f3n sobre estas superficies, el perfilado de la franja de seguridad, la limpieza de fosos, realizaci\u00f3n de roce y la conservaci\u00f3n de los cercos perimetrales del aer\u00f3dromo.<\/p>\n<p style=\"text-align: justify;\">Seg\u00fan Jorge D\u00edaz, \u201cPuyuhuapi es un lugar de mucho potencial desde el punto de vista productivo y tur\u00edstico, por lo tanto, disponer de una pista como esta es estrat\u00e9gico. Como gobierno, nuestro principio es que los ciudadanos deben estar conectados con el resto del pa\u00eds, por lo que esta inversi\u00f3n y la que se hizo recientemente en el aer\u00f3dromo de Melinka son fundamentales para el desarrollo de la provincia de Ays\u00e9n. Estas pistas tambi\u00e9n sirven para fortalecer el desarrollo de la acuicultura en la provincia y en la comuna de Cisnes\u201d.<\/p>\n<p style=\"text-align: justify;\">Por su parte, la Seremi Paloma Jara destac\u00f3 que \u201cdentro de los ejes de desarrollo que tiene el Ministerio de Obras P\u00fablicas est\u00e1 la conectividad. En esta regi\u00f3n en particular es un \u00e1rea estrat\u00e9gica y que significa no s\u00f3lo hablar de la Ruta 7, el compromiso del Ministerio de Obras P\u00fablicas en la regi\u00f3n est\u00e1 en todos los aspectos, el aeroportuario es clave para la salud de las personas y tambi\u00e9n para tener un correcta salida en caso de incendios forestales y las emergencias aerom\u00e9dicas que son lo que casi siempre nos convoca cuando hablamos de infraestructura aeroportuaria como la que tenemos ac\u00e1 en el aer\u00f3dromo de Puyuhuapi. Destacamos tambi\u00e9n, el compromiso que tiene la infraestructura p\u00fablica con el crecimiento y la econom\u00eda local y que es dar la posibilidad a los territorios de crecer a partir de la infraestructura p\u00fablica\u201d<\/p>\n<p style=\"text-align: justify;\">Con 1.030 metros de extensi\u00f3n, la pista de Puyuhuapi es uno de los 29 peque\u00f1os aer\u00f3dromos fiscales que existen en la regi\u00f3n de Ays\u00e9n, los cuales cumplen una funci\u00f3n primordial en la facilitaci\u00f3n de la conectividad de localidades rurales o aisladas con los principales centros urbanos.<\/p>\n<\/div><\/section><\/div><div  style='height:50px' class='hr hr-invisible   avia-builder-el-6  el_after_av_one_full  el_before_av_social_share '><span class='hr-inner ' ><span class='hr-inner-style'><\/span><\/span><\/div><\/p>\n<div  class='av-social-sharing-box  avia-builder-el-7  el_after_av_hr  el_before_av_hr  '><div class='av-share-box'><h5 class='av-share-link-description av-no-toc '>Compartir esta noticia<\/h5><ul class='av-share-box-list noLightbox'><li class='av-share-link av-social-link-facebook' ><a target=\"_blank\" aria-label=\"Compartir en Facebook\" href='https:\/\/www.facebook.com\/sharer.php?u=https:\/\/radiorevelacionfm.cl\/?p=45610&#038;t=Constatan%20importante%20avance%20en%20conservaci%C3%B3n%20mayor%20del%20aer%C3%B3dromo%20de%20Puyuhuapi' aria-hidden='false' data-av_icon='\ue8f3' data-av_iconfont='entypo-fontello' title='' data-avia-related-tooltip='Compartir en Facebook' rel=\"noopener\"><span class='avia_hidden_link_text'>Compartir en Facebook<\/span><\/a><\/li><li class='av-share-link av-social-link-twitter' ><a target=\"_blank\" aria-label=\"Compartir en Twitter\" href='https:\/\/twitter.com\/share?text=Constatan%20importante%20avance%20en%20conservaci%C3%B3n%20mayor%20del%20aer%C3%B3dromo%20de%20Puyuhuapi&#038;url=https:\/\/radiorevelacionfm.cl\/?p=45610' aria-hidden='false' data-av_icon='\ue8f1' data-av_iconfont='entypo-fontello' title='' data-avia-related-tooltip='Compartir en Twitter' rel=\"noopener\"><span class='avia_hidden_link_text'>Compartir en Twitter<\/span><\/a><\/li><li class='av-share-link av-social-link-whatsapp' ><a target=\"_blank\" aria-label=\"Compartir en Whatsapp\" href='https:\/\/api.whatsapp.com\/send?text=https:\/\/radiorevelacionfm.cl\/?p=45610' aria-hidden='false' data-av_icon='\uf232' data-av_iconfont='entypo-fontello' title='' data-avia-related-tooltip='Compartir en Whatsapp' rel=\"noopener\"><span class='avia_hidden_link_text'>Compartir en Whatsapp<\/span><\/a><\/li><li class='av-share-link av-social-link-linkedin' ><a target=\"_blank\" aria-label=\"Compartir en LinkedIn\" href='https:\/\/linkedin.com\/shareArticle?mini=true&#038;title=Constatan%20importante%20avance%20en%20conservaci%C3%B3n%20mayor%20del%20aer%C3%B3dromo%20de%20Puyuhuapi&#038;url=https:\/\/radiorevelacionfm.cl\/?p=45610' aria-hidden='false' data-av_icon='\ue8fc' data-av_iconfont='entypo-fontello' title='' data-avia-related-tooltip='Compartir en LinkedIn' rel=\"noopener\"><span class='avia_hidden_link_text'>Compartir en LinkedIn<\/span><\/a><\/li><li class='av-share-link av-social-link-mail' ><a  aria-label=\"Compartir por correo\" href='mailto:?subject=Constatan%20importante%20avance%20en%20conservaci%C3%B3n%20mayor%20del%20aer%C3%B3dromo%20de%20Puyuhuapi&#038;body=https:\/\/radiorevelacionfm.cl\/?p=45610' aria-hidden='false' data-av_icon='\ue805' data-av_iconfont='entypo-fontello' title='' data-avia-related-tooltip='Compartir por correo'><span class='avia_hidden_link_text'>Compartir por correo<\/span><\/a><\/li><\/ul><\/div><\/div>\n<div  style='height:50px' class='hr hr-invisible   avia-builder-el-8  el_after_av_social_share  el_before_av_comments_list '><span class='hr-inner ' ><span class='hr-inner-style'><\/span><\/span><\/div>\n<div  class='av-buildercomment  av-blog-meta-html-info-disabled av-blog-meta-tag-disabled  '><\/div>\n","protected":false},"excerpt":{"rendered":"","protected":false},"author":1,"featured_media":45611,"comment_status":"open","ping_status":"open","sticky":false,"template":"","format":"standard","meta":{"footnotes":""},"categories":[38],"tags":[],"class_list":["post-45610","post","type-post","status-publish","format-standard","has-post-thumbnail","hentry","category-regional"],"jetpack_featured_media_url":"https:\/\/radiorevelacionfm.cl\/wp-content\/uploads\/2024\/08\/P-5-1-1.jpg","_links":{"self":[{"href":"https:\/\/radiorevelacionfm.cl\/index.php?rest_route=\/wp\/v2\/posts\/45610","targetHints":{"allow":["GET"]}}],"collection":[{"href":"https:\/\/radiorevelacionfm.cl\/index.php?rest_route=\/wp\/v2\/posts"}],"about":[{"href":"https:\/\/radiorevelacionfm.cl\/index.php?rest_route=\/wp\/v2\/types\/post"}],"author":[{"embeddable":true,"href":"https:\/\/radiorevelacionfm.cl\/index.php?rest_route=\/wp\/v2\/users\/1"}],"replies":[{"embeddable":true,"href":"https:\/\/radiorevelacionfm.cl\/index.php?rest_route=%2Fwp%2Fv2%2Fcomments&post=45610"}],"version-history":[{"count":1,"href":"https:\/\/radiorevelacionfm.cl\/index.php?rest_route=\/wp\/v2\/posts\/45610\/revisions"}],"predecessor-version":[{"id":45612,"href":"https:\/\/radiorevelacionfm.cl\/index.php?rest_route=\/wp\/v2\/posts\/45610\/revisions\/45612"}],"wp:featuredmedia":[{"embeddable":true,"href":"https:\/\/radiorevelacionfm.cl\/index.php?rest_route=\/wp\/v2\/media\/45611"}],"wp:attachment":[{"href":"https:\/\/radiorevelacionfm.cl\/index.php?rest_route=%2Fwp%2Fv2%2Fmedia&parent=45610"}],"wp:term":[{"taxonomy":"category","embeddable":true,"href":"https:\/\/radiorevelacionfm.cl\/index.php?rest_route=%2Fwp%2Fv2%2Fcategories&post=45610"},{"taxonomy":"post_tag","embeddable":true,"href":"https:\/\/radiorevelacionfm.cl\/index.php?rest_route=%2Fwp%2Fv2%2Ftags&post=45610"}],"curies":[{"name":"wp","href":"https:\/\/api.w.org\/{rel}","templated":true}]}}