{"id":45607,"date":"2024-08-29T20:06:56","date_gmt":"2024-08-29T23:06:56","guid":{"rendered":"https:\/\/radiorevelacionfm.cl\/?p=45607"},"modified":"2024-08-29T20:06:56","modified_gmt":"2024-08-29T23:06:56","slug":"ultimos-dias-para-postular-al-sistema-de-admision-escolar-sae-el-plazo-vence-el-viernes-30-de-agosto","status":"publish","type":"post","link":"https:\/\/radiorevelacionfm.cl\/?p=45607","title":{"rendered":"\u00daltimos d\u00edas para postular al Sistema de Admisi\u00f3n Escolar (SAE): el plazo vence el viernes 30 de agosto"},"content":{"rendered":"<div class=\"flex_column av_one_full  flex_column_div av-zero-column-padding first  avia-builder-el-0  el_before_av_one_full  avia-builder-el-first  \" style='border-radius:0px; '><div  class='avia-image-container  av-styling-    avia-builder-el-1  avia-builder-el-no-sibling  avia-align-center '  itemprop=\"image\" itemscope=\"itemscope\" itemtype=\"https:\/\/schema.org\/ImageObject\"  ><div class='avia-image-container-inner'><div class='avia-image-overlay-wrap'><img decoding=\"async\" class='wp-image-45608 avia-img-lazy-loading-not-45608 avia_image' src=\"https:\/\/radiorevelacionfm.cl\/wp-content\/uploads\/2024\/08\/SAE-ultimos-dias-1-1.jpg\" alt='' title='SAE-ultimos-dias (1) (1)' height=\"600\" width=\"1000\"  itemprop=\"thumbnailUrl\" srcset=\"https:\/\/radiorevelacionfm.cl\/wp-content\/uploads\/2024\/08\/SAE-ultimos-dias-1-1.jpg 1000w, https:\/\/radiorevelacionfm.cl\/wp-content\/uploads\/2024\/08\/SAE-ultimos-dias-1-1-300x180.jpg 300w, https:\/\/radiorevelacionfm.cl\/wp-content\/uploads\/2024\/08\/SAE-ultimos-dias-1-1-768x461.jpg 768w, https:\/\/radiorevelacionfm.cl\/wp-content\/uploads\/2024\/08\/SAE-ultimos-dias-1-1-705x423.jpg 705w, https:\/\/radiorevelacionfm.cl\/wp-content\/uploads\/2024\/08\/SAE-ultimos-dias-1-1-450x270.jpg 450w, https:\/\/radiorevelacionfm.cl\/wp-content\/uploads\/2024\/08\/SAE-ultimos-dias-1-1-600x360.jpg 600w\" sizes=\"(max-width: 1000px) 100vw, 1000px\" \/><\/div><\/div><\/div><\/div><div class=\"flex_column av_one_full  flex_column_div av-zero-column-padding first  avia-builder-el-2  el_after_av_one_full  el_before_av_one_full  column-top-margin\" style='border-radius:0px; '><section class=\"av_textblock_section \"  itemscope=\"itemscope\" itemtype=\"https:\/\/schema.org\/BlogPosting\" itemprop=\"blogPost\" ><div class='avia_textblock  '   itemprop=\"text\" ><p style=\"text-align: center;\"><span style=\"font-size: 18pt;\"><b>\u00daltimos d\u00edas para postular al Sistema de Admisi\u00f3n Escolar (SAE): el plazo vence el viernes 30 de agosto<\/b><\/span><\/p>\n<div id=\"gtx-trans\" style=\"position: absolute; left: -50px; top: 4.31534px;\">\n<div class=\"gtx-trans-icon\"><\/div>\n<\/div>\n<\/div><\/section><\/div><div class=\"flex_column av_one_full  flex_column_div av-zero-column-padding first  avia-builder-el-4  el_after_av_one_full  el_before_av_hr  column-top-margin\" style='border-radius:0px; '><section class=\"av_textblock_section \"  itemscope=\"itemscope\" itemtype=\"https:\/\/schema.org\/BlogPosting\" itemprop=\"blogPost\" ><div class='avia_textblock  '   itemprop=\"text\" ><p class=\"v1MsoNormal\" style=\"text-align: justify;\">Ma\u00f1ana viernes 30 de agosto, a las 14:00 horas, termina el plazo para que las familias postulen a establecimientos a trav\u00e9s del Sistema de Admisi\u00f3n Escolar (SAE), la plataforma del Ministerio de Educaci\u00f3n para obtener un cupo en la educaci\u00f3n p\u00fablica o particular subvencionada.<\/p>\n<p class=\"v1MsoNormal\" style=\"text-align: justify;\">Para hacerlo, los apoderados deben ingresar a\u00a0<a href=\"http:\/\/www.sistemadeadmisionescolar.cl\/\" target=\"_blank\" rel=\"noopener noreferrer\">www.sistemadeadmisionescolar.cl<\/a>\u00a0con sus datos, buscar los establecimientos que sean de su inter\u00e9s, marcar idealmente al menos a seis de estos, ordenarlos seg\u00fan sus preferencias, hacer clic en el bot\u00f3n \u201cenviar postulaci\u00f3n\u201d y descargar su comprobante. Esto \u00faltimo asegura que el proceso haya sido realizado correctamente.<\/p>\n<p class=\"v1MsoNormal\" style=\"text-align: justify;\">El Mineduc recomienda postular al SAE solo a quienes lo necesiten. Aquellas familias que ya tienen un establecimiento pueden postular, pero si quedan asignado en otro perder\u00e1n el cupo en su establecimiento de origen, independiente de si aceptan o rechazan ese resultado.<\/p>\n<p class=\"v1MsoNormal\" style=\"text-align: justify;\">En esta etapa, los estudiantes nunca ser\u00e1n asignados a un establecimiento que no est\u00e9 en su listado de preferencias.<\/p>\n<p class=\"v1MsoNormal\" style=\"text-align: justify;\">La Seremi de Educaci\u00f3n de Ays\u00e9n Isabel Garrido \u00a0llam\u00f3 a las familias que a\u00fan no han postulado \u00a0a \u201cingresar a la plataforma del SAE, revisar la informaci\u00f3n disponible de los proyectos educativos y marcar las opciones que sean de su preferencia para asegurar la matr\u00edcula de sus hijos e hijas en 2025\u201d.<\/p>\n<p class=\"v1MsoNormal\" style=\"text-align: justify;\">\u201cLes pedimos no dejar este tr\u00e1mite para \u00faltima hora para evitar inconvenientes. Queremos que todos los y las estudiantes cuenten con un establecimiento educacional el pr\u00f3ximo a\u00f1o, para garantizar su formaci\u00f3n integral, que es una prioridad para el pa\u00eds\u201d, dijo.<\/p>\n<p class=\"v1MsoNormal\" style=\"text-align: justify;\">Pr\u00f3ximas fechas<\/p>\n<p class=\"v1MsoNormal\" style=\"text-align: justify;\">Una vez que cierre el Per\u00edodo Principal de postulaci\u00f3n, estos son los pr\u00f3ximos pasos del SAE 2025:<\/p>\n<ul style=\"text-align: justify;\" type=\"disc\">\n<li class=\"v1MsoNormal\">Publicaci\u00f3n de resultados del Per\u00edodo Principal: 17 al 23 de octubre de 2024<\/li>\n<li class=\"v1MsoNormal\">Publicaci\u00f3n de resultados de la lista de espera del Per\u00edodo Principal: 4 y 5 de noviembre de 2024<\/li>\n<li class=\"v1MsoNormal\">Per\u00edodo Complementario del SAE: 15 al 22 de noviembre de 2024<\/li>\n<li class=\"v1MsoNormal\">Resultados del Per\u00edodo Complementario: 4 de diciembre de 2024<\/li>\n<li class=\"v1MsoNormal\">Matr\u00edculas en los establecimientos: 5 al 13 de diciembre de 2024<\/li>\n<\/ul>\n<p class=\"v1MsoNormal\" style=\"text-align: justify;\">Hay que recordar que el \u00faltimo paso, el de la matr\u00edcula, es muy importante porque las familias hacen v\u00e1lido el cupo que obtuvieron para sus estudiantes. Este es un tr\u00e1mite que se realizar\u00e1 de forma presencial en los establecimientos asignados.<\/p>\n<p class=\"v1MsoNormal\" style=\"text-align: justify;\">Qui\u00e9nes deben usar el SAE<\/p>\n<p class=\"v1MsoNormal\" style=\"text-align: justify;\">Si bien el SAE puede ser ocupado por todas las familias, hay un grupo que est\u00e1 obligado a usarla si quiere matricular a sus estudiantes en la educaci\u00f3n p\u00fablica y particular subvencionada para el pr\u00f3ximo a\u00f1o. \u00bfQui\u00e9nes son?:<\/p>\n<ul type=\"disc\">\n<li class=\"v1MsoNormal\" style=\"text-align: justify;\">Ni\u00f1os y ni\u00f1as que est\u00e1n reci\u00e9n entrando al sistema educacional; por ejemplo, aquellos que el pr\u00f3ximo a\u00f1o estar\u00e1n en prek\u00ednder, k\u00ednder o 1\u00b0 b\u00e1sico.<\/li>\n<li class=\"v1MsoNormal\" style=\"text-align: justify;\">Estudiantes que est\u00e1n en un establecimiento que no ofrece el siguiente nivel; por ejemplo, si est\u00e1n en una escuela que solo llega hasta 8\u00b0 b\u00e1sico y tienen que pasar a 1\u00b0 medio, por lo que requieren postular a un liceo.<\/li>\n<li class=\"v1MsoNormal\" style=\"text-align: justify;\">Familias que se est\u00e1n cambiando de ciudad, por lo que necesariamente tienen que cambiar a sus hijos de establecimiento.<\/li>\n<li class=\"v1MsoNormal\" style=\"text-align: justify;\">Familias que llegaron a Chile, por lo que est\u00e1n buscando un establecimiento para sus hijos para el a\u00f1o 2025. Para ello, necesitan obtener el IPE e IPA,\u00a0<a href=\"https:\/\/www.ayudamineduc.cl\/ficha\/solicitud-de-identificador-provisorio-escolar-ipe\" target=\"_blank\" rel=\"noopener noreferrer\">siguiendo estas instrucciones<\/a>.<\/li>\n<li class=\"v1MsoNormal\" style=\"text-align: justify;\">Estudiantes que quieran reinsertarse en el sistema educativo, excepto si tienen 15 a\u00f1os o m\u00e1s y quieren volver a la ense\u00f1anza b\u00e1sica, o si tienen 17 a\u00f1os o m\u00e1s y quieren volver a la ense\u00f1anza media, en cuyo caso deben buscar cupos en un establecimiento de Educaci\u00f3n para Personas J\u00f3venes y Adultas (m\u00e1s informaci\u00f3n\u00a0<a href=\"https:\/\/epja.mineduc.cl\/\" target=\"_blank\" rel=\"noopener noreferrer\">en este link<\/a>).<\/li>\n<\/ul>\n<\/div><\/section><\/div><div  style='height:50px' class='hr hr-invisible   avia-builder-el-6  el_after_av_one_full  el_before_av_social_share '><span class='hr-inner ' ><span class='hr-inner-style'><\/span><\/span><\/div><\/p>\n<div  class='av-social-sharing-box  avia-builder-el-7  el_after_av_hr  el_before_av_hr  '><div class='av-share-box'><h5 class='av-share-link-description av-no-toc '>Compartir esta noticia<\/h5><ul class='av-share-box-list noLightbox'><li class='av-share-link av-social-link-facebook' ><a target=\"_blank\" aria-label=\"Compartir en Facebook\" href='https:\/\/www.facebook.com\/sharer.php?u=https:\/\/radiorevelacionfm.cl\/?p=45607&#038;t=%C3%9Altimos%20d%C3%ADas%20para%20postular%20al%20Sistema%20de%20Admisi%C3%B3n%20Escolar%20%28SAE%29%3A%20el%20plazo%20vence%20el%20viernes%2030%20de%20agosto' aria-hidden='false' data-av_icon='\ue8f3' data-av_iconfont='entypo-fontello' title='' data-avia-related-tooltip='Compartir en Facebook' rel=\"noopener\"><span class='avia_hidden_link_text'>Compartir en Facebook<\/span><\/a><\/li><li class='av-share-link av-social-link-twitter' ><a target=\"_blank\" aria-label=\"Compartir en Twitter\" href='https:\/\/twitter.com\/share?text=%C3%9Altimos%20d%C3%ADas%20para%20postular%20al%20Sistema%20de%20Admisi%C3%B3n%20Escolar%20%28SAE%29%3A%20el%20plazo%20vence%20el%20viernes%2030%20de%20agosto&#038;url=https:\/\/radiorevelacionfm.cl\/?p=45607' aria-hidden='false' data-av_icon='\ue8f1' data-av_iconfont='entypo-fontello' title='' data-avia-related-tooltip='Compartir en Twitter' rel=\"noopener\"><span class='avia_hidden_link_text'>Compartir en Twitter<\/span><\/a><\/li><li class='av-share-link av-social-link-whatsapp' ><a target=\"_blank\" aria-label=\"Compartir en Whatsapp\" href='https:\/\/api.whatsapp.com\/send?text=https:\/\/radiorevelacionfm.cl\/?p=45607' aria-hidden='false' data-av_icon='\uf232' data-av_iconfont='entypo-fontello' title='' data-avia-related-tooltip='Compartir en Whatsapp' rel=\"noopener\"><span class='avia_hidden_link_text'>Compartir en Whatsapp<\/span><\/a><\/li><li class='av-share-link av-social-link-linkedin' ><a target=\"_blank\" aria-label=\"Compartir en LinkedIn\" href='https:\/\/linkedin.com\/shareArticle?mini=true&#038;title=%C3%9Altimos%20d%C3%ADas%20para%20postular%20al%20Sistema%20de%20Admisi%C3%B3n%20Escolar%20%28SAE%29%3A%20el%20plazo%20vence%20el%20viernes%2030%20de%20agosto&#038;url=https:\/\/radiorevelacionfm.cl\/?p=45607' aria-hidden='false' data-av_icon='\ue8fc' data-av_iconfont='entypo-fontello' title='' data-avia-related-tooltip='Compartir en LinkedIn' rel=\"noopener\"><span class='avia_hidden_link_text'>Compartir en LinkedIn<\/span><\/a><\/li><li class='av-share-link av-social-link-mail' ><a  aria-label=\"Compartir por correo\" href='mailto:?subject=%C3%9Altimos%20d%C3%ADas%20para%20postular%20al%20Sistema%20de%20Admisi%C3%B3n%20Escolar%20%28SAE%29%3A%20el%20plazo%20vence%20el%20viernes%2030%20de%20agosto&#038;body=https:\/\/radiorevelacionfm.cl\/?p=45607' aria-hidden='false' data-av_icon='\ue805' data-av_iconfont='entypo-fontello' title='' data-avia-related-tooltip='Compartir por correo'><span class='avia_hidden_link_text'>Compartir por correo<\/span><\/a><\/li><\/ul><\/div><\/div>\n<div  style='height:50px' class='hr hr-invisible   avia-builder-el-8  el_after_av_social_share  el_before_av_comments_list '><span class='hr-inner ' ><span class='hr-inner-style'><\/span><\/span><\/div>\n<div  class='av-buildercomment  av-blog-meta-html-info-disabled av-blog-meta-tag-disabled  '><\/div>\n","protected":false},"excerpt":{"rendered":"","protected":false},"author":1,"featured_media":45608,"comment_status":"open","ping_status":"open","sticky":false,"template":"","format":"standard","meta":{"footnotes":""},"categories":[49],"tags":[],"class_list":["post-45607","post","type-post","status-publish","format-standard","has-post-thumbnail","hentry","category-educacion"],"jetpack_featured_media_url":"https:\/\/radiorevelacionfm.cl\/wp-content\/uploads\/2024\/08\/SAE-ultimos-dias-1-1.jpg","_links":{"self":[{"href":"https:\/\/radiorevelacionfm.cl\/index.php?rest_route=\/wp\/v2\/posts\/45607","targetHints":{"allow":["GET"]}}],"collection":[{"href":"https:\/\/radiorevelacionfm.cl\/index.php?rest_route=\/wp\/v2\/posts"}],"about":[{"href":"https:\/\/radiorevelacionfm.cl\/index.php?rest_route=\/wp\/v2\/types\/post"}],"author":[{"embeddable":true,"href":"https:\/\/radiorevelacionfm.cl\/index.php?rest_route=\/wp\/v2\/users\/1"}],"replies":[{"embeddable":true,"href":"https:\/\/radiorevelacionfm.cl\/index.php?rest_route=%2Fwp%2Fv2%2Fcomments&post=45607"}],"version-history":[{"count":1,"href":"https:\/\/radiorevelacionfm.cl\/index.php?rest_route=\/wp\/v2\/posts\/45607\/revisions"}],"predecessor-version":[{"id":45609,"href":"https:\/\/radiorevelacionfm.cl\/index.php?rest_route=\/wp\/v2\/posts\/45607\/revisions\/45609"}],"wp:featuredmedia":[{"embeddable":true,"href":"https:\/\/radiorevelacionfm.cl\/index.php?rest_route=\/wp\/v2\/media\/45608"}],"wp:attachment":[{"href":"https:\/\/radiorevelacionfm.cl\/index.php?rest_route=%2Fwp%2Fv2%2Fmedia&parent=45607"}],"wp:term":[{"taxonomy":"category","embeddable":true,"href":"https:\/\/radiorevelacionfm.cl\/index.php?rest_route=%2Fwp%2Fv2%2Fcategories&post=45607"},{"taxonomy":"post_tag","embeddable":true,"href":"https:\/\/radiorevelacionfm.cl\/index.php?rest_route=%2Fwp%2Fv2%2Ftags&post=45607"}],"curies":[{"name":"wp","href":"https:\/\/api.w.org\/{rel}","templated":true}]}}