{"id":45604,"date":"2024-08-29T14:20:49","date_gmt":"2024-08-29T17:20:49","guid":{"rendered":"https:\/\/radiorevelacionfm.cl\/?p=45604"},"modified":"2024-08-29T14:20:49","modified_gmt":"2024-08-29T17:20:49","slug":"modernizacion-y-nuevas-oportunidades-para-productores-de-lana-en-aysen","status":"publish","type":"post","link":"https:\/\/radiorevelacionfm.cl\/?p=45604","title":{"rendered":"Modernizaci\u00f3n y nuevas oportunidades para productores de lana en Ays\u00e9n"},"content":{"rendered":"<div class=\"flex_column av_one_full  flex_column_div av-zero-column-padding first  avia-builder-el-0  el_before_av_one_full  avia-builder-el-first  \" style='border-radius:0px; '><div  class='avia-image-container  av-styling-    avia-builder-el-1  avia-builder-el-no-sibling  avia-align-center '  itemprop=\"image\" itemscope=\"itemscope\" itemtype=\"https:\/\/schema.org\/ImageObject\"  ><div class='avia-image-container-inner'><div class='avia-image-overlay-wrap'><img decoding=\"async\" class='wp-image-45605 avia-img-lazy-loading-not-45605 avia_image' src=\"https:\/\/radiorevelacionfm.cl\/wp-content\/uploads\/2024\/08\/espora-consultora-y-directiva-cooperativa-rigo-baker-1_optimized.jpg\" alt='' title='espora-consultora-y-directiva-cooperativa-ri\u0123o-baker-(1)_optimized' height=\"600\" width=\"800\"  itemprop=\"thumbnailUrl\" srcset=\"https:\/\/radiorevelacionfm.cl\/wp-content\/uploads\/2024\/08\/espora-consultora-y-directiva-cooperativa-rigo-baker-1_optimized.jpg 800w, https:\/\/radiorevelacionfm.cl\/wp-content\/uploads\/2024\/08\/espora-consultora-y-directiva-cooperativa-rigo-baker-1_optimized-300x225.jpg 300w, https:\/\/radiorevelacionfm.cl\/wp-content\/uploads\/2024\/08\/espora-consultora-y-directiva-cooperativa-rigo-baker-1_optimized-768x576.jpg 768w, https:\/\/radiorevelacionfm.cl\/wp-content\/uploads\/2024\/08\/espora-consultora-y-directiva-cooperativa-rigo-baker-1_optimized-705x529.jpg 705w, https:\/\/radiorevelacionfm.cl\/wp-content\/uploads\/2024\/08\/espora-consultora-y-directiva-cooperativa-rigo-baker-1_optimized-450x338.jpg 450w, https:\/\/radiorevelacionfm.cl\/wp-content\/uploads\/2024\/08\/espora-consultora-y-directiva-cooperativa-rigo-baker-1_optimized-600x450.jpg 600w\" sizes=\"(max-width: 800px) 100vw, 800px\" \/><\/div><\/div><\/div><\/div><div class=\"flex_column av_one_full  flex_column_div av-zero-column-padding first  avia-builder-el-2  el_after_av_one_full  el_before_av_one_full  column-top-margin\" style='border-radius:0px; '><section class=\"av_textblock_section \"  itemscope=\"itemscope\" itemtype=\"https:\/\/schema.org\/BlogPosting\" itemprop=\"blogPost\" ><div class='avia_textblock  '   itemprop=\"text\" ><p style=\"text-align: center;\"><strong><span style=\"font-size: 18pt;\">Modernizaci\u00f3n y nuevas oportunidades para productores de lana en Ays\u00e9n<\/span><\/strong><\/p>\n<div id=\"gtx-trans\" style=\"position: absolute; left: -50px; top: 4.31534px;\">\n<div class=\"gtx-trans-icon\"><\/div>\n<\/div>\n<\/div><\/section><\/div><div class=\"flex_column av_one_full  flex_column_div av-zero-column-padding first  avia-builder-el-4  el_after_av_one_full  el_before_av_hr  column-top-margin\" style='border-radius:0px; '><section class=\"av_textblock_section \"  itemscope=\"itemscope\" itemtype=\"https:\/\/schema.org\/BlogPosting\" itemprop=\"blogPost\" ><div class='avia_textblock  '   itemprop=\"text\" ><p style=\"font-weight: 400; text-align: justify;\">El Programa de Difusi\u00f3n Tecnol\u00f3gica para Productores de Lana en la Provincia Capit\u00e1n Prat ha culminado con \u00e9xito, marcando un avance significativo en la revitalizaci\u00f3n del sector lanero en la Regi\u00f3n de Ays\u00e9n. Ejecutado por Espora Consultora con financiamiento de Corfo e INDAP, el proyecto ha mejorado notablemente la productividad de la Cooperativa R\u00edo Baker y ha abierto nuevas oportunidades comerciales en sectores clave como la construcci\u00f3n, la agricultura y la cosm\u00e9tica.<\/p>\n<p style=\"font-weight: 400; text-align: justify;\">Durante los \u00faltimos nueve meses, el programa se enfoc\u00f3 en modernizar el sistema de lavado y secado de la lana. Natalia Olave, Gerente General de Espora Consultora, destac\u00f3 que \u201cel programa, gracias al financiamiento de Corfo y el apoyo de INDAP, permiti\u00f3 identificar mejoras en el sistema de procesamiento y demostrar los beneficios de clasificar la lana en cinco categor\u00edas\u201d. Explic\u00f3 que esta clasificaci\u00f3n es fundamental para diversificar los mercados y, potencialmente, aumentar los ingresos hasta un 60%, sin necesidad de grandes inversiones. Asimismo, Olave explic\u00f3 que durante el trabajo desarrollado abordaron el an\u00e1lisis comercial, ayudando a los productores a maximizar su eficiencia y explorar nuevas oportunidades.<\/p>\n<p style=\"font-weight: 400; text-align: justify;\">Francisco Ulloa, trabajador de la Cooperativa R\u00edo Baker, valor\u00f3 el programa, indicando que \u00abla informaci\u00f3n adquirida y la posibilidad de alianzas futuras son muy valiosas para la cooperativa\u00bb. Ulloa subray\u00f3 el impacto positivo del conocimiento adquirido y el potencial de futuras colaboraciones que pueden mejorar la capacidad productiva y comercial de la cooperativa.<\/p>\n<p style=\"font-weight: 400; text-align: justify;\">El Director de Corfo Ays\u00e9n, Humberto Mar\u00edn Leiva, destac\u00f3 la relevancia del Programa de Difusi\u00f3n Tecnol\u00f3gica para el sector lanero regional. \u00abEn la era de la automatizaci\u00f3n y la digitalizaci\u00f3n, la competitividad de cualquier industria depende en gran medida de su capacidad para innovar.\u00a0Este programa respondi\u00f3 a estos desaf\u00edos, brindando a los productores las herramientas y conocimientos necesarios para modernizarse y adaptarse a un mercado exigente,\u00bb afirm\u00f3 Mar\u00edn. \u00abBuscamos mejorar la calidad del producto y la eficiencia en la producci\u00f3n, adem\u00e1s de posicionar a Ays\u00e9n como un referente en la industria textil sostenible, abriendo nuevas oportunidades en mercados nacionales e internacionales\u00bb.<\/p>\n<p style=\"font-weight: 400; text-align: justify;\"><strong>OPORTUNIDADES COMERCIALES<\/strong><\/p>\n<p style=\"font-weight: 400; text-align: justify;\">El programa ha generado inter\u00e9s en m\u00e1s de diez potenciales clientes en diversos sectores. Estos incluyen la industria textil nacional, que demanda lana de oveja de 20 micras, as\u00ed como alternativas innovadoras en cosm\u00e9tica, agricultura y construcci\u00f3n. En el sector agr\u00edcola, los pellets de lana y los biofertilizantes l\u00edquidos ofrecen soluciones sostenibles para la gesti\u00f3n del agua. La lana puede retener hasta cuatro veces su peso en agua y liberar nutrientes esenciales como nitr\u00f3geno, potasio y f\u00f3sforo, contribuyendo a enfrentar la crisis h\u00eddrica nacional y mejorando la producci\u00f3n agr\u00edcola.<\/p>\n<p style=\"font-weight: 400; text-align: justify;\">En el \u00e1mbito de la construcci\u00f3n, la empresa BioAislant, que produce rollos de lana a nivel industrial bajo la norma ISO17749:2018, ha mostrado inter\u00e9s en expandir sus operaciones a Ays\u00e9n. Francisco Arriagada, representante de BioAislant, coment\u00f3 que \u201cestamos interesados en establecernos en Ays\u00e9n, principalmente en Coyhaique. La idea es replicar nuestra planta de Los \u00c1ngeles, demandando 6.000 kilos de lana al mes.\u201d Arriagada tambi\u00e9n destac\u00f3 la posibilidad de colaborar para aumentar la capacidad productiva de la cooperativa y valorizar un subproducto mediante un innovador proceso que no utiliza agua y facilita la extracci\u00f3n de lanolina. Esta colaboraci\u00f3n podr\u00eda significar un importante avance en t\u00e9rminos de producci\u00f3n y valor agregado, ofreciendo nuevas oportunidades para el crecimiento y la sostenibilidad del sector lanero en la regi\u00f3n.<\/p>\n<\/div><\/section><\/div><div  style='height:50px' class='hr hr-invisible   avia-builder-el-6  el_after_av_one_full  el_before_av_social_share '><span class='hr-inner ' ><span class='hr-inner-style'><\/span><\/span><\/div><\/p>\n<div  class='av-social-sharing-box  avia-builder-el-7  el_after_av_hr  el_before_av_hr  '><div class='av-share-box'><h5 class='av-share-link-description av-no-toc '>Compartir esta noticia<\/h5><ul class='av-share-box-list noLightbox'><li class='av-share-link av-social-link-facebook' ><a target=\"_blank\" aria-label=\"Compartir en Facebook\" href='https:\/\/www.facebook.com\/sharer.php?u=https:\/\/radiorevelacionfm.cl\/?p=45604&#038;t=Modernizaci%C3%B3n%20y%20nuevas%20oportunidades%20para%20productores%20de%20lana%20en%20Ays%C3%A9n' aria-hidden='false' data-av_icon='\ue8f3' data-av_iconfont='entypo-fontello' title='' data-avia-related-tooltip='Compartir en Facebook' rel=\"noopener\"><span class='avia_hidden_link_text'>Compartir en Facebook<\/span><\/a><\/li><li class='av-share-link av-social-link-twitter' ><a target=\"_blank\" aria-label=\"Compartir en Twitter\" href='https:\/\/twitter.com\/share?text=Modernizaci%C3%B3n%20y%20nuevas%20oportunidades%20para%20productores%20de%20lana%20en%20Ays%C3%A9n&#038;url=https:\/\/radiorevelacionfm.cl\/?p=45604' aria-hidden='false' data-av_icon='\ue8f1' data-av_iconfont='entypo-fontello' title='' data-avia-related-tooltip='Compartir en Twitter' rel=\"noopener\"><span class='avia_hidden_link_text'>Compartir en Twitter<\/span><\/a><\/li><li class='av-share-link av-social-link-whatsapp' ><a target=\"_blank\" aria-label=\"Compartir en Whatsapp\" href='https:\/\/api.whatsapp.com\/send?text=https:\/\/radiorevelacionfm.cl\/?p=45604' aria-hidden='false' data-av_icon='\uf232' data-av_iconfont='entypo-fontello' title='' data-avia-related-tooltip='Compartir en Whatsapp' rel=\"noopener\"><span class='avia_hidden_link_text'>Compartir en Whatsapp<\/span><\/a><\/li><li class='av-share-link av-social-link-linkedin' ><a target=\"_blank\" aria-label=\"Compartir en LinkedIn\" href='https:\/\/linkedin.com\/shareArticle?mini=true&#038;title=Modernizaci%C3%B3n%20y%20nuevas%20oportunidades%20para%20productores%20de%20lana%20en%20Ays%C3%A9n&#038;url=https:\/\/radiorevelacionfm.cl\/?p=45604' aria-hidden='false' data-av_icon='\ue8fc' data-av_iconfont='entypo-fontello' title='' data-avia-related-tooltip='Compartir en LinkedIn' rel=\"noopener\"><span class='avia_hidden_link_text'>Compartir en LinkedIn<\/span><\/a><\/li><li class='av-share-link av-social-link-mail' ><a  aria-label=\"Compartir por correo\" href='mailto:?subject=Modernizaci%C3%B3n%20y%20nuevas%20oportunidades%20para%20productores%20de%20lana%20en%20Ays%C3%A9n&#038;body=https:\/\/radiorevelacionfm.cl\/?p=45604' aria-hidden='false' data-av_icon='\ue805' data-av_iconfont='entypo-fontello' title='' data-avia-related-tooltip='Compartir por correo'><span class='avia_hidden_link_text'>Compartir por correo<\/span><\/a><\/li><\/ul><\/div><\/div>\n<div  style='height:50px' class='hr hr-invisible   avia-builder-el-8  el_after_av_social_share  el_before_av_comments_list '><span class='hr-inner ' ><span class='hr-inner-style'><\/span><\/span><\/div>\n<div  class='av-buildercomment  av-blog-meta-html-info-disabled av-blog-meta-tag-disabled  '><\/div>\n","protected":false},"excerpt":{"rendered":"","protected":false},"author":1,"featured_media":45605,"comment_status":"open","ping_status":"open","sticky":false,"template":"","format":"standard","meta":{"footnotes":""},"categories":[38],"tags":[],"class_list":["post-45604","post","type-post","status-publish","format-standard","has-post-thumbnail","hentry","category-regional"],"jetpack_featured_media_url":"https:\/\/radiorevelacionfm.cl\/wp-content\/uploads\/2024\/08\/espora-consultora-y-directiva-cooperativa-rigo-baker-1_optimized.jpg","_links":{"self":[{"href":"https:\/\/radiorevelacionfm.cl\/index.php?rest_route=\/wp\/v2\/posts\/45604","targetHints":{"allow":["GET"]}}],"collection":[{"href":"https:\/\/radiorevelacionfm.cl\/index.php?rest_route=\/wp\/v2\/posts"}],"about":[{"href":"https:\/\/radiorevelacionfm.cl\/index.php?rest_route=\/wp\/v2\/types\/post"}],"author":[{"embeddable":true,"href":"https:\/\/radiorevelacionfm.cl\/index.php?rest_route=\/wp\/v2\/users\/1"}],"replies":[{"embeddable":true,"href":"https:\/\/radiorevelacionfm.cl\/index.php?rest_route=%2Fwp%2Fv2%2Fcomments&post=45604"}],"version-history":[{"count":1,"href":"https:\/\/radiorevelacionfm.cl\/index.php?rest_route=\/wp\/v2\/posts\/45604\/revisions"}],"predecessor-version":[{"id":45606,"href":"https:\/\/radiorevelacionfm.cl\/index.php?rest_route=\/wp\/v2\/posts\/45604\/revisions\/45606"}],"wp:featuredmedia":[{"embeddable":true,"href":"https:\/\/radiorevelacionfm.cl\/index.php?rest_route=\/wp\/v2\/media\/45605"}],"wp:attachment":[{"href":"https:\/\/radiorevelacionfm.cl\/index.php?rest_route=%2Fwp%2Fv2%2Fmedia&parent=45604"}],"wp:term":[{"taxonomy":"category","embeddable":true,"href":"https:\/\/radiorevelacionfm.cl\/index.php?rest_route=%2Fwp%2Fv2%2Fcategories&post=45604"},{"taxonomy":"post_tag","embeddable":true,"href":"https:\/\/radiorevelacionfm.cl\/index.php?rest_route=%2Fwp%2Fv2%2Ftags&post=45604"}],"curies":[{"name":"wp","href":"https:\/\/api.w.org\/{rel}","templated":true}]}}