{"id":45590,"date":"2024-08-29T11:00:05","date_gmt":"2024-08-29T14:00:05","guid":{"rendered":"https:\/\/radiorevelacionfm.cl\/?p=45590"},"modified":"2024-08-29T11:00:05","modified_gmt":"2024-08-29T14:00:05","slug":"estudiantes-de-electricidad-del-liceo-bicentenario-agricola-e-industrial-de-la-patagonia-inician-certificacion-de-instaladores-clase-d","status":"publish","type":"post","link":"https:\/\/radiorevelacionfm.cl\/?p=45590","title":{"rendered":"Estudiantes de electricidad del Liceo Bicentenario Agr\u00edcola e Industrial de la Patagonia inician certificaci\u00f3n de Instaladores Clase D"},"content":{"rendered":"<div class=\"flex_column av_one_full  flex_column_div av-zero-column-padding first  avia-builder-el-0  el_before_av_one_full  avia-builder-el-first  \" style='border-radius:0px; '><div  class='avia-image-container  av-styling-    avia-builder-el-1  avia-builder-el-no-sibling  avia-align-center '  itemprop=\"image\" itemscope=\"itemscope\" itemtype=\"https:\/\/schema.org\/ImageObject\"  ><div class='avia-image-container-inner'><div class='avia-image-overlay-wrap'><img decoding=\"async\" class='wp-image-45591 avia-img-lazy-loading-not-45591 avia_image' src=\"https:\/\/radiorevelacionfm.cl\/wp-content\/uploads\/2024\/08\/Liceos-electricos3-1-1.jpeg\" alt='' title='Liceos el\u00e9ctricos3 (1) (1)' height=\"600\" width=\"930\"  itemprop=\"thumbnailUrl\" srcset=\"https:\/\/radiorevelacionfm.cl\/wp-content\/uploads\/2024\/08\/Liceos-electricos3-1-1.jpeg 930w, https:\/\/radiorevelacionfm.cl\/wp-content\/uploads\/2024\/08\/Liceos-electricos3-1-1-300x194.jpeg 300w, https:\/\/radiorevelacionfm.cl\/wp-content\/uploads\/2024\/08\/Liceos-electricos3-1-1-768x495.jpeg 768w, https:\/\/radiorevelacionfm.cl\/wp-content\/uploads\/2024\/08\/Liceos-electricos3-1-1-705x455.jpeg 705w, https:\/\/radiorevelacionfm.cl\/wp-content\/uploads\/2024\/08\/Liceos-electricos3-1-1-450x290.jpeg 450w, https:\/\/radiorevelacionfm.cl\/wp-content\/uploads\/2024\/08\/Liceos-electricos3-1-1-600x387.jpeg 600w\" sizes=\"(max-width: 930px) 100vw, 930px\" \/><\/div><\/div><\/div><\/div>\n<div class=\"flex_column av_one_full  flex_column_div av-zero-column-padding first  avia-builder-el-2  el_after_av_one_full  el_before_av_one_full  column-top-margin\" style='border-radius:0px; '><section class=\"av_textblock_section \"  itemscope=\"itemscope\" itemtype=\"https:\/\/schema.org\/BlogPosting\" itemprop=\"blogPost\" ><div class='avia_textblock  '   itemprop=\"text\" ><p style=\"text-align: center;\"><strong><span style=\"font-size: 18pt;\">Estudiantes de electricidad del Liceo Bicentenario Agr\u00edcola e Industrial de la Patagonia inician certificaci\u00f3n de Instaladores Clase D<\/span><\/strong><\/p>\n<div id=\"gtx-trans\" style=\"position: absolute; left: -50px; top: 4.31534px;\">\n<div class=\"gtx-trans-icon\"><\/div>\n<\/div>\n<\/div><\/section><\/div><div class=\"flex_column av_one_full  flex_column_div av-zero-column-padding first  avia-builder-el-4  el_after_av_one_full  el_before_av_hr  column-top-margin\" style='border-radius:0px; '><section class=\"av_textblock_section \"  itemscope=\"itemscope\" itemtype=\"https:\/\/schema.org\/BlogPosting\" itemprop=\"blogPost\" ><div class='avia_textblock  '   itemprop=\"text\" ><p style=\"text-align: justify;\"><em>A trav\u00e9s del programa \u201cLiceos El\u00e9ctricos\u201d los j\u00f3venes del\u00a0<\/em>Liceo Bicentenario Agr\u00edcola e Industrial de la Patagonia <em>que cursan 4\u00b0 medio de la especialidad de electricidad marcan un importante avance en su desarrollo profesional.<\/em><\/p>\n<p style=\"text-align: justify;\">En un esfuerzo conjunto para potenciar la educaci\u00f3n t\u00e9cnico-profesional en la regi\u00f3n de Ays\u00e9n, la empresa Edelaysen y el Liceo Bicentenario Agr\u00edcola e Industrial de la Patagonia, celebraron un importante hito con la firma del convenio de cooperaci\u00f3n que marca un precedente en la formaci\u00f3n de futuros profesionales en el \u00e1rea de electricidad. En virtud de este acuerdo, los estudiantes de 4\u00b0 medio de la especialidad de electricidad, han iniciado su proceso de certificaci\u00f3n como instaladores Clase D, otorgada por Chile Valora.<\/p>\n<p style=\"text-align: justify;\">A la cita asistieron representantes de la el\u00e9ctrica, ONG Canales, Seremi del Trabajo, Red Futuro T\u00e9cnico de la Seremi de Educaci\u00f3n, C\u00e1mara Chilena de la Construcci\u00f3n, alumnos y apoderados del establecimiento quienes estuvieron presentes en este importante hito.<\/p>\n<p style=\"text-align: justify;\">Este convenio, formaliza la colaboraci\u00f3n entre ambas instituciones con el objetivo de brindar a los estudiantes herramientas t\u00e9cnicas esenciales para su inserci\u00f3n en el mercado laboral. Edelaysen, en su constante compromiso con la educaci\u00f3n, aportar\u00e1 su experiencia y conocimiento en la industria el\u00e9ctrica para apoyar a los alumnos en el proceso de diagn\u00f3stico y en la obtenci\u00f3n de esta importante certificaci\u00f3n.<\/p>\n<p style=\"text-align: justify;\">En ese sentido, Leonardo Mor\u00e1n gerente zonal de Edelaysen destac\u00f3 que: \u201cLa certificaci\u00f3n como instalador de Clase D es un paso crucial en la carrera de estos j\u00f3venes, ya que les permitir\u00e1 acceder a nuevas oportunidades laborales y contribuir al desarrollo de la regi\u00f3n. En ese sentido, estamos muy orgullosos de poder colaborar con el Liceo Bicentenario Agr\u00edcola e Industrial de la Patagonia en este esfuerzo\u201d.<\/p>\n<p style=\"text-align: justify;\">El convenio establece que este programa se desarrollar\u00e1 en un periodo de cuatro meses, durante los cuales Edelaysen proporcionar\u00e1 el apoyo necesario para que los estudiantes logren obtener la certificaci\u00f3n. Esta colaboraci\u00f3n tambi\u00e9n incluye sugerencias program\u00e1ticas relativas a la especialidad de electricidad, las cuales el liceo considerar\u00e1 para fortalecer a\u00fan m\u00e1s la formaci\u00f3n de sus alumnos.<\/p>\n<p style=\"text-align: justify;\">Benjam\u00edn Ampuero uno de los alumnos beneficiados con este proceso de certificaci\u00f3n quien acompa\u00f1ado por su apoderada asisti\u00f3 a la firma de convenio destac\u00f3 que: \u201cLo que espero con esta certificaci\u00f3n es que al salir del liceo pueda salir trabajando y tener m\u00e1s accesibilidad a estudios y a m\u00e1s lugares de trabajo\u201d.<\/p>\n<p style=\"text-align: justify;\">En tanto Fabi\u00e1n Saavedra, director del establecimiento se\u00f1al\u00f3 que: \u201cEsto es primera vez que lo hacemos, en otras instancias se ha hecho pero cuando los j\u00f3venes ya est\u00e1n egresados entonces eso es lo lindo de esta instancia en la que le estamos brindando esta oportunidad a los chicos cuando est\u00e1n en 4to medio, que puedan salir no solo con su t\u00edtulo t\u00e9cnico de nivel medio sino que puedan salir con esta certificaci\u00f3n de instalador de clase D\u201d.<\/p>\n<p style=\"text-align: justify;\">As\u00ed mismo, Bernardita Lazo, directora de ONG Canales destac\u00f3 \u201cPara nosotros como ONG Canales, implementadores de la pol\u00edtica p\u00fablica de la red futuro t\u00e9cnico del Ministerio de Educaci\u00f3n este es un hito s\u00faper importante porque al final convergen varios actores que hemos estado trabajando para esta posibilidad de tener estudiantes certificados de la Escuela Agr\u00edcola. Ya vemos que para la industria es s\u00faper relevante tener estudiantes calificados, as\u00ed que esperamos que las generaciones que vienen puedan seguir certific\u00e1ndose con Edelaysen con el apoyo de ONG Canales, Red Futuro T\u00e9cnico, Ministerio del Trabajo, Ministerio de Educaci\u00f3n y C\u00e1mara Chilena de la Construcci\u00f3n\u201d.<\/p>\n<p style=\"text-align: justify;\">Este hito refuerza el compromiso de Edelaysen con la comunidad y su visi\u00f3n de contribuir al desarrollo de talentos locales en \u00e1reas clave para el futuro de la regi\u00f3n de Ays\u00e9n.<\/p>\n<\/div><\/section><\/div><\/p>\n<div  style='height:50px' class='hr hr-invisible   avia-builder-el-6  el_after_av_one_full  el_before_av_social_share '><span class='hr-inner ' ><span class='hr-inner-style'><\/span><\/span><\/div>\n<div  class='av-social-sharing-box  avia-builder-el-7  el_after_av_hr  el_before_av_hr  '><div class='av-share-box'><h5 class='av-share-link-description av-no-toc '>Compartir esta noticia<\/h5><ul class='av-share-box-list noLightbox'><li class='av-share-link av-social-link-facebook' ><a target=\"_blank\" aria-label=\"Compartir en Facebook\" href='https:\/\/www.facebook.com\/sharer.php?u=https:\/\/radiorevelacionfm.cl\/?p=45590&#038;t=Estudiantes%20de%20electricidad%20del%20Liceo%20Bicentenario%20Agr%C3%ADcola%20e%20Industrial%20de%20la%20Patagonia%20inician%20certificaci%C3%B3n%20de%20Instaladores%20Clase%20D' aria-hidden='false' data-av_icon='\ue8f3' data-av_iconfont='entypo-fontello' title='' data-avia-related-tooltip='Compartir en Facebook' rel=\"noopener\"><span class='avia_hidden_link_text'>Compartir en Facebook<\/span><\/a><\/li><li class='av-share-link av-social-link-twitter' ><a target=\"_blank\" aria-label=\"Compartir en Twitter\" href='https:\/\/twitter.com\/share?text=Estudiantes%20de%20electricidad%20del%20Liceo%20Bicentenario%20Agr%C3%ADcola%20e%20Industrial%20de%20la%20Patagonia%20inician%20certificaci%C3%B3n%20de%20Instaladores%20Clase%20D&#038;url=https:\/\/radiorevelacionfm.cl\/?p=45590' aria-hidden='false' data-av_icon='\ue8f1' data-av_iconfont='entypo-fontello' title='' data-avia-related-tooltip='Compartir en Twitter' rel=\"noopener\"><span class='avia_hidden_link_text'>Compartir en Twitter<\/span><\/a><\/li><li class='av-share-link av-social-link-whatsapp' ><a target=\"_blank\" aria-label=\"Compartir en Whatsapp\" href='https:\/\/api.whatsapp.com\/send?text=https:\/\/radiorevelacionfm.cl\/?p=45590' aria-hidden='false' data-av_icon='\uf232' data-av_iconfont='entypo-fontello' title='' data-avia-related-tooltip='Compartir en Whatsapp' rel=\"noopener\"><span class='avia_hidden_link_text'>Compartir en Whatsapp<\/span><\/a><\/li><li class='av-share-link av-social-link-linkedin' ><a target=\"_blank\" aria-label=\"Compartir en LinkedIn\" href='https:\/\/linkedin.com\/shareArticle?mini=true&#038;title=Estudiantes%20de%20electricidad%20del%20Liceo%20Bicentenario%20Agr%C3%ADcola%20e%20Industrial%20de%20la%20Patagonia%20inician%20certificaci%C3%B3n%20de%20Instaladores%20Clase%20D&#038;url=https:\/\/radiorevelacionfm.cl\/?p=45590' aria-hidden='false' data-av_icon='\ue8fc' data-av_iconfont='entypo-fontello' title='' data-avia-related-tooltip='Compartir en LinkedIn' rel=\"noopener\"><span class='avia_hidden_link_text'>Compartir en LinkedIn<\/span><\/a><\/li><li class='av-share-link av-social-link-mail' ><a  aria-label=\"Compartir por correo\" href='mailto:?subject=Estudiantes%20de%20electricidad%20del%20Liceo%20Bicentenario%20Agr%C3%ADcola%20e%20Industrial%20de%20la%20Patagonia%20inician%20certificaci%C3%B3n%20de%20Instaladores%20Clase%20D&#038;body=https:\/\/radiorevelacionfm.cl\/?p=45590' aria-hidden='false' data-av_icon='\ue805' data-av_iconfont='entypo-fontello' title='' data-avia-related-tooltip='Compartir por correo'><span class='avia_hidden_link_text'>Compartir por correo<\/span><\/a><\/li><\/ul><\/div><\/div>\n<div  style='height:50px' class='hr hr-invisible   avia-builder-el-8  el_after_av_social_share  el_before_av_comments_list '><span class='hr-inner ' ><span class='hr-inner-style'><\/span><\/span><\/div>\n<div  class='av-buildercomment  av-blog-meta-html-info-disabled av-blog-meta-tag-disabled  '><\/div>\n","protected":false},"excerpt":{"rendered":"","protected":false},"author":1,"featured_media":45591,"comment_status":"open","ping_status":"open","sticky":false,"template":"","format":"standard","meta":{"footnotes":""},"categories":[38],"tags":[],"class_list":["post-45590","post","type-post","status-publish","format-standard","has-post-thumbnail","hentry","category-regional"],"jetpack_featured_media_url":"https:\/\/radiorevelacionfm.cl\/wp-content\/uploads\/2024\/08\/Liceos-electricos3-1-1.jpeg","_links":{"self":[{"href":"https:\/\/radiorevelacionfm.cl\/index.php?rest_route=\/wp\/v2\/posts\/45590","targetHints":{"allow":["GET"]}}],"collection":[{"href":"https:\/\/radiorevelacionfm.cl\/index.php?rest_route=\/wp\/v2\/posts"}],"about":[{"href":"https:\/\/radiorevelacionfm.cl\/index.php?rest_route=\/wp\/v2\/types\/post"}],"author":[{"embeddable":true,"href":"https:\/\/radiorevelacionfm.cl\/index.php?rest_route=\/wp\/v2\/users\/1"}],"replies":[{"embeddable":true,"href":"https:\/\/radiorevelacionfm.cl\/index.php?rest_route=%2Fwp%2Fv2%2Fcomments&post=45590"}],"version-history":[{"count":3,"href":"https:\/\/radiorevelacionfm.cl\/index.php?rest_route=\/wp\/v2\/posts\/45590\/revisions"}],"predecessor-version":[{"id":45597,"href":"https:\/\/radiorevelacionfm.cl\/index.php?rest_route=\/wp\/v2\/posts\/45590\/revisions\/45597"}],"wp:featuredmedia":[{"embeddable":true,"href":"https:\/\/radiorevelacionfm.cl\/index.php?rest_route=\/wp\/v2\/media\/45591"}],"wp:attachment":[{"href":"https:\/\/radiorevelacionfm.cl\/index.php?rest_route=%2Fwp%2Fv2%2Fmedia&parent=45590"}],"wp:term":[{"taxonomy":"category","embeddable":true,"href":"https:\/\/radiorevelacionfm.cl\/index.php?rest_route=%2Fwp%2Fv2%2Fcategories&post=45590"},{"taxonomy":"post_tag","embeddable":true,"href":"https:\/\/radiorevelacionfm.cl\/index.php?rest_route=%2Fwp%2Fv2%2Ftags&post=45590"}],"curies":[{"name":"wp","href":"https:\/\/api.w.org\/{rel}","templated":true}]}}