{"id":45587,"date":"2024-08-29T12:07:00","date_gmt":"2024-08-29T15:07:00","guid":{"rendered":"https:\/\/radiorevelacionfm.cl\/?p=45587"},"modified":"2024-08-29T12:07:00","modified_gmt":"2024-08-29T15:07:00","slug":"dan-a-conocer-estudio-denominado-percepciones-de-violencia-en-la-pareja-en-jovenes-de-la-region-de-aysen","status":"publish","type":"post","link":"https:\/\/radiorevelacionfm.cl\/?p=45587","title":{"rendered":"Dan a conocer estudio denominado: \u201cPercepciones de violencia en la pareja en j\u00f3venes de la Regi\u00f3n de Ays\u00e9n\u201d"},"content":{"rendered":"<div class=\"flex_column av_one_full  flex_column_div av-zero-column-padding first  avia-builder-el-0  el_before_av_one_full  avia-builder-el-first  \" style='border-radius:0px; '><div  class='avia-image-container  av-styling-    avia-builder-el-1  avia-builder-el-no-sibling  avia-align-center '  itemprop=\"image\" itemscope=\"itemscope\" itemtype=\"https:\/\/schema.org\/ImageObject\"  ><div class='avia-image-container-inner'><div class='avia-image-overlay-wrap'><img decoding=\"async\" class='wp-image-45588 avia-img-lazy-loading-not-45588 avia_image' src=\"https:\/\/radiorevelacionfm.cl\/wp-content\/uploads\/2024\/08\/img_5595-1_optimized-e1724883683743.jpg\" alt='' title='img_5595-(1)_optimized' height=\"600\" width=\"800\"  itemprop=\"thumbnailUrl\" srcset=\"https:\/\/radiorevelacionfm.cl\/wp-content\/uploads\/2024\/08\/img_5595-1_optimized-e1724883683743.jpg 800w, https:\/\/radiorevelacionfm.cl\/wp-content\/uploads\/2024\/08\/img_5595-1_optimized-e1724883683743-300x225.jpg 300w, https:\/\/radiorevelacionfm.cl\/wp-content\/uploads\/2024\/08\/img_5595-1_optimized-e1724883683743-768x576.jpg 768w, https:\/\/radiorevelacionfm.cl\/wp-content\/uploads\/2024\/08\/img_5595-1_optimized-e1724883683743-705x529.jpg 705w, https:\/\/radiorevelacionfm.cl\/wp-content\/uploads\/2024\/08\/img_5595-1_optimized-e1724883683743-450x338.jpg 450w, https:\/\/radiorevelacionfm.cl\/wp-content\/uploads\/2024\/08\/img_5595-1_optimized-e1724883683743-600x450.jpg 600w\" sizes=\"(max-width: 800px) 100vw, 800px\" \/><\/div><\/div><\/div><\/div><div class=\"flex_column av_one_full  flex_column_div av-zero-column-padding first  avia-builder-el-2  el_after_av_one_full  el_before_av_one_full  column-top-margin\" style='border-radius:0px; '><section class=\"av_textblock_section \"  itemscope=\"itemscope\" itemtype=\"https:\/\/schema.org\/BlogPosting\" itemprop=\"blogPost\" ><div class='avia_textblock  '   itemprop=\"text\" ><p style=\"text-align: center;\"><strong><span style=\"font-size: 18pt;\">Dan a conocer estudio denominado: \u201cPercepciones de violencia en la pareja en j\u00f3venes de la Regi\u00f3n de Ays\u00e9n\u201d<\/span><\/strong><\/p>\n<div id=\"gtx-trans\" style=\"position: absolute; left: -50px; top: 4.31534px;\">\n<div class=\"gtx-trans-icon\"><\/div>\n<\/div>\n<\/div><\/section><\/div><div class=\"flex_column av_one_full  flex_column_div av-zero-column-padding first  avia-builder-el-4  el_after_av_one_full  el_before_av_hr  column-top-margin\" style='border-radius:0px; '><section class=\"av_textblock_section \"  itemscope=\"itemscope\" itemtype=\"https:\/\/schema.org\/BlogPosting\" itemprop=\"blogPost\" ><div class='avia_textblock  '   itemprop=\"text\" ><p style=\"text-align: justify;\"><em>Con la presencia de autoridades regionales y juventudes del Liceo Bicentenario Altos del Mackay en Coyhaique, se dio a conocer el primer estudio cualitativo sobre las relaciones de parejas de j\u00f3venes estudiantes; investigaci\u00f3n realizada por acad\u00e9micas de la Universidad de Ays\u00e9n, e implementado en seis establecimientos educacionales municipales de la regi\u00f3n.<\/em><\/p>\n<p style=\"text-align: justify;\">La actividad fue encabezada por el director nacional de INJUV, Juan Pablo Duhalde Vera, quien present\u00f3 ante estudiantes, apoderados\/as, docentes y autoridades, los alcances de esta muestra, que incorpor\u00f3 el aporte de los equipos acad\u00e9micos, familias, equipos directivos, adem\u00e1s de j\u00f3venes de establecimientos de las comunas de:\u00a0 Guaitecas, Cisnes, Ays\u00e9n, Coyhaique, R\u00edo Ib\u00e1\u00f1ez y Cochrane.<\/p>\n<p style=\"text-align: justify;\">El estudio, que emana del Departamento de Estudios de INJUV en colaboraci\u00f3n con la Serem\u00eda de la Mujer y la Equidad de G\u00e9nero, surge bajo la necesidad de contar con informaci\u00f3n precisa y objetiva de la violencia que experimentan las juventudes de la regi\u00f3n, investigaci\u00f3n realizada por la Universidad de Ays\u00e9n, la cual se centr\u00f3 en comprender y explorar la violencia en las relaciones de pareja en adolescentes, desde las percepciones de los y las estudiantes de ense\u00f1anza media, adem\u00e1s de actores educativos claves.<\/p>\n<p style=\"text-align: justify;\">En este contexto, dentro los resultados m\u00e1s destacados de esta medici\u00f3n, se desprende: La repetici\u00f3n de patrones de violencia generacional, la corta edad en que las juventudes asumen convivir como pareja (acci\u00f3n que va de la mano del consentimiento parental), la <em>toxicidad <\/em>de las relaciones \/celos, control y manipulaci\u00f3n, el impacto de la digitalizaci\u00f3n en las formas de relaci\u00f3n, y la predominancia que adquieren las redes sociales, en las relaciones de los y las adolescentes.<\/p>\n<p style=\"text-align: justify;\">\u201cHemos identificado que se van reproduciendo y heredando ciertas pr\u00e1cticas que se van normalizando relaci\u00f3n de violencia en la pareja. Por lo que se requiere complementar los impulsos en cuanto a capacitaci\u00f3n, formaci\u00f3n y reacci\u00f3n frente a temas tan complejos como los que estamos viendo. Vemos situaciones complejas, pero tambi\u00e9n, vemos la disposici\u00f3n de las instituciones de poder trabajar en mejorar los contenidos y din\u00e1micas para poder revertir esta situaci\u00f3n en las relaciones de pareja. En este sentido, ha sido bueno escuchar la percepci\u00f3n de los y las j\u00f3venes, para buscar las mejores soluciones junto a ellos y ellas\u201d, indic\u00f3 Juan Pablo Duhalde Vera, director nacional \u00a0de INJUV.<\/p>\n<p style=\"text-align: justify;\">En cuanto a los resultados de este estudio, se destaca que: existe una prevalencia de violencia de g\u00e9nero en relaciones, y sensaciones de minimizaci\u00f3n, especialmente en varones j\u00f3venes, din\u00e1micas \u201ct\u00f3xicas\u201d basadas en situaciones de violencia, con cortes\/t\u00e9rminos, para luego reconciliarse, cayendo en espiral de situaciones de control y\/o dependencia emocional, lo que sin duda, \u00a0genera un car\u00e1cter gradual y progresivo de la violencia, llegando a la normalizaci\u00f3n de la violencia en las relaciones \u00edntimas. En muchos casos, los maltratos y las discusiones se consideran parte de la rutina, llevando a las v\u00edctimas y al entorno, a minimizar o justificar dichos comportamientos, y hasta justificarlos. Socioculturalmente, la regi\u00f3n se caracteriza por la presencia de conductas machistas y trato sexista hacia las mujeres, as\u00ed como tambi\u00e9n, se visualiza una reproducci\u00f3n cultural de la violencia entre las familias (padres\/hijos), lo que tambi\u00e9n se vincula con el consumo de alcohol, lo que sin duda, \u00a0incide en la violencia hacia las mujeres.<\/p>\n<p style=\"text-align: justify;\">Sobre estos resultados, la Seremi de la Mujer y la Equidad de G\u00e9nero, Andrea M\u00e9ndez Valenzuela, indic\u00f3: \u00abEstamos ante un hito regional sin duda muy importante. Las investigaciones de violencia por razones de g\u00e9nero en nuestra regi\u00f3n son muy escasas. Cuando no tenemos este tipo de informaci\u00f3n al alcance, no tenemos soluciones regionalizadas para abordarlos. Nos queda como desaf\u00edo a nivel regional trabajar en prevenci\u00f3n de las violencias en edades tempranas, desde que comenzamos a relacionarnos como pareja. Hemos aprovechado la instancia, para reflexionar sobre la importancia de dotar a las infancias y los j\u00f3venes de competencias y conocimientos para sostener relaciones de pareja exentas de cualquier tipo de violencia\u00bb, enfatiz\u00f3.<\/p>\n<p style=\"text-align: justify;\">En tanto desde el rol de los establecimientos educacionales, se desprende que existe una carencia de protocolos o mecanismos que logren entregar \u201cseguridad\u201d y confianza a las juventudes, adem\u00e1s de un grado de desconocimiento sobre situaciones de violencia en relaciones de pareja j\u00f3venes, incluyendo la naturalizaci\u00f3n, minimizaci\u00f3n y legitimaci\u00f3n de la violencia masculina en los establecimientos, por lo que surge la necesidad de que los centros educativos, logren asumir un rol m\u00e1s formativo, impartiendo talleres sobre sexualidad y violencia mediante la psicoeducaci\u00f3n, lo que involucra tambi\u00e9n a las familias, de poner m\u00e1s atenci\u00f3n, conocimiento y comunicaci\u00f3n, respecto a estas tem\u00e1ticas con sus hijos e hijas.<\/p>\n<p style=\"text-align: justify;\">Por su parte, dos j\u00f3venes estudiantes de Liceo Bicentenario Altos del Mackay de Coyhaique, comentaron su impresi\u00f3n en relaci\u00f3n a este estudio. Se trata de Valentina Jaramillo D\u00edaz, quien indic\u00f3: \u201cMe parece excelente, ya que nos comunica este estudio sobre lo que pasa actualmente en los j\u00f3venes, y qu\u00e9 podemos hacer para cambiar esto, con iniciativas que puedan servirnos, como charlas u otras\u201d, en tanto, Mart\u00edn Carrizo Sandoval, coment\u00f3: \u201cMe parece perfecto que se tomen estas iniciativas, ya que mejora la manera en la que los j\u00f3venes viven su manera de relacionarse, y tambi\u00e9n es un hito importante en el antes y un despu\u00e9s dentro de la educaci\u00f3n social que viven las juventudes\u201d<\/p>\n<p style=\"text-align: justify;\">Cabe destacar, que dentro de los desaf\u00edos institucionales que se desprenden de este primer estudio se contempla: la promoci\u00f3n de contextos de relaciones de pareja sanas y responsables bajo perspectivas juveniles, jornadas de sensibilizaci\u00f3n sobre las din\u00e1micas y violencias de parejas juveniles, promoviendo espacios seguros y de confianza, la necesidad de establecer protocolos y capacitar a funcionarios (de diversas instituciones), propiciar comunidades que logren abordar de forma integral el problema, fortalecer implementaci\u00f3n de Pol\u00edtica Nacional de Convivencia Escolar y finalmente, relevar las particularidades de los contextos y realidades territoriales, ya que claramente no son las mismas en todos los territorios.<\/p>\n<p style=\"text-align: justify;\">Finalmente, el estudio estar\u00e1 disponible durante los pr\u00f3ximos d\u00edas, por lo que esperamos socializarlo y visualizar estrategias intersectoriales, que permitan evitar, educar y concientizar sobre la violencia a tan temprana edad, que afecta y viven las juventudes de nuestra regi\u00f3n.<\/p>\n<\/div><\/section><\/div><div  style='height:50px' class='hr hr-invisible   avia-builder-el-6  el_after_av_one_full  el_before_av_social_share '><span class='hr-inner ' ><span class='hr-inner-style'><\/span><\/span><\/div><\/p>\n<div  class='av-social-sharing-box  avia-builder-el-7  el_after_av_hr  el_before_av_hr  '><div class='av-share-box'><h5 class='av-share-link-description av-no-toc '>Compartir esta noticia<\/h5><ul class='av-share-box-list noLightbox'><li class='av-share-link av-social-link-facebook' ><a target=\"_blank\" aria-label=\"Compartir en Facebook\" href='https:\/\/www.facebook.com\/sharer.php?u=https:\/\/radiorevelacionfm.cl\/?p=45587&#038;t=Dan%20a%20conocer%20estudio%20denominado%3A%20%E2%80%9CPercepciones%20de%20violencia%20en%20la%20pareja%20en%20j%C3%B3venes%20de%20la%20Regi%C3%B3n%20de%20Ays%C3%A9n%E2%80%9D' aria-hidden='false' data-av_icon='\ue8f3' data-av_iconfont='entypo-fontello' title='' data-avia-related-tooltip='Compartir en Facebook' rel=\"noopener\"><span class='avia_hidden_link_text'>Compartir en Facebook<\/span><\/a><\/li><li class='av-share-link av-social-link-twitter' ><a target=\"_blank\" aria-label=\"Compartir en Twitter\" href='https:\/\/twitter.com\/share?text=Dan%20a%20conocer%20estudio%20denominado%3A%20%E2%80%9CPercepciones%20de%20violencia%20en%20la%20pareja%20en%20j%C3%B3venes%20de%20la%20Regi%C3%B3n%20de%20Ays%C3%A9n%E2%80%9D&#038;url=https:\/\/radiorevelacionfm.cl\/?p=45587' aria-hidden='false' data-av_icon='\ue8f1' data-av_iconfont='entypo-fontello' title='' data-avia-related-tooltip='Compartir en Twitter' rel=\"noopener\"><span class='avia_hidden_link_text'>Compartir en Twitter<\/span><\/a><\/li><li class='av-share-link av-social-link-whatsapp' ><a target=\"_blank\" aria-label=\"Compartir en Whatsapp\" href='https:\/\/api.whatsapp.com\/send?text=https:\/\/radiorevelacionfm.cl\/?p=45587' aria-hidden='false' data-av_icon='\uf232' data-av_iconfont='entypo-fontello' title='' data-avia-related-tooltip='Compartir en Whatsapp' rel=\"noopener\"><span class='avia_hidden_link_text'>Compartir en Whatsapp<\/span><\/a><\/li><li class='av-share-link av-social-link-linkedin' ><a target=\"_blank\" aria-label=\"Compartir en LinkedIn\" href='https:\/\/linkedin.com\/shareArticle?mini=true&#038;title=Dan%20a%20conocer%20estudio%20denominado%3A%20%E2%80%9CPercepciones%20de%20violencia%20en%20la%20pareja%20en%20j%C3%B3venes%20de%20la%20Regi%C3%B3n%20de%20Ays%C3%A9n%E2%80%9D&#038;url=https:\/\/radiorevelacionfm.cl\/?p=45587' aria-hidden='false' data-av_icon='\ue8fc' data-av_iconfont='entypo-fontello' title='' data-avia-related-tooltip='Compartir en LinkedIn' rel=\"noopener\"><span class='avia_hidden_link_text'>Compartir en LinkedIn<\/span><\/a><\/li><li class='av-share-link av-social-link-mail' ><a  aria-label=\"Compartir por correo\" href='mailto:?subject=Dan%20a%20conocer%20estudio%20denominado%3A%20%E2%80%9CPercepciones%20de%20violencia%20en%20la%20pareja%20en%20j%C3%B3venes%20de%20la%20Regi%C3%B3n%20de%20Ays%C3%A9n%E2%80%9D&#038;body=https:\/\/radiorevelacionfm.cl\/?p=45587' aria-hidden='false' data-av_icon='\ue805' data-av_iconfont='entypo-fontello' title='' data-avia-related-tooltip='Compartir por correo'><span class='avia_hidden_link_text'>Compartir por correo<\/span><\/a><\/li><\/ul><\/div><\/div>\n<div  style='height:50px' class='hr hr-invisible   avia-builder-el-8  el_after_av_social_share  el_before_av_comments_list '><span class='hr-inner ' ><span class='hr-inner-style'><\/span><\/span><\/div>\n<div  class='av-buildercomment  av-blog-meta-html-info-disabled av-blog-meta-tag-disabled  '><\/div>\n","protected":false},"excerpt":{"rendered":"","protected":false},"author":1,"featured_media":45588,"comment_status":"open","ping_status":"open","sticky":false,"template":"","format":"standard","meta":{"footnotes":""},"categories":[38],"tags":[],"class_list":["post-45587","post","type-post","status-publish","format-standard","has-post-thumbnail","hentry","category-regional"],"jetpack_featured_media_url":"https:\/\/radiorevelacionfm.cl\/wp-content\/uploads\/2024\/08\/img_5595-1_optimized-e1724883683743.jpg","_links":{"self":[{"href":"https:\/\/radiorevelacionfm.cl\/index.php?rest_route=\/wp\/v2\/posts\/45587","targetHints":{"allow":["GET"]}}],"collection":[{"href":"https:\/\/radiorevelacionfm.cl\/index.php?rest_route=\/wp\/v2\/posts"}],"about":[{"href":"https:\/\/radiorevelacionfm.cl\/index.php?rest_route=\/wp\/v2\/types\/post"}],"author":[{"embeddable":true,"href":"https:\/\/radiorevelacionfm.cl\/index.php?rest_route=\/wp\/v2\/users\/1"}],"replies":[{"embeddable":true,"href":"https:\/\/radiorevelacionfm.cl\/index.php?rest_route=%2Fwp%2Fv2%2Fcomments&post=45587"}],"version-history":[{"count":1,"href":"https:\/\/radiorevelacionfm.cl\/index.php?rest_route=\/wp\/v2\/posts\/45587\/revisions"}],"predecessor-version":[{"id":45589,"href":"https:\/\/radiorevelacionfm.cl\/index.php?rest_route=\/wp\/v2\/posts\/45587\/revisions\/45589"}],"wp:featuredmedia":[{"embeddable":true,"href":"https:\/\/radiorevelacionfm.cl\/index.php?rest_route=\/wp\/v2\/media\/45588"}],"wp:attachment":[{"href":"https:\/\/radiorevelacionfm.cl\/index.php?rest_route=%2Fwp%2Fv2%2Fmedia&parent=45587"}],"wp:term":[{"taxonomy":"category","embeddable":true,"href":"https:\/\/radiorevelacionfm.cl\/index.php?rest_route=%2Fwp%2Fv2%2Fcategories&post=45587"},{"taxonomy":"post_tag","embeddable":true,"href":"https:\/\/radiorevelacionfm.cl\/index.php?rest_route=%2Fwp%2Fv2%2Ftags&post=45587"}],"curies":[{"name":"wp","href":"https:\/\/api.w.org\/{rel}","templated":true}]}}