{"id":45585,"date":"2024-08-28T20:12:43","date_gmt":"2024-08-28T23:12:43","guid":{"rendered":"https:\/\/radiorevelacionfm.cl\/?p=45585"},"modified":"2024-08-28T20:12:43","modified_gmt":"2024-08-28T23:12:43","slug":"fiscalia-logra-condena-para-dos-empresarios-de-coyhaique-por-uso-de-facturas-falsas-para-la-rebaja-del-iva","status":"publish","type":"post","link":"https:\/\/radiorevelacionfm.cl\/?p=45585","title":{"rendered":"Fiscal\u00eda logra condena para dos empresarios de Coyhaique por uso de facturas falsas para la rebaja del IVA"},"content":{"rendered":"<div class=\"flex_column av_one_full  flex_column_div av-zero-column-padding first  avia-builder-el-0  el_before_av_one_full  avia-builder-el-first  \" style='border-radius:0px; '><div  class='avia-image-container  av-styling-    avia-builder-el-1  avia-builder-el-no-sibling  avia-align-center '  itemprop=\"image\" itemscope=\"itemscope\" itemtype=\"https:\/\/schema.org\/ImageObject\"  ><div class='avia-image-container-inner'><div class='avia-image-overlay-wrap'><img decoding=\"async\" class='wp-image-41468 avia-img-lazy-loading-not-41468 avia_image' src=\"https:\/\/radiorevelacionfm.cl\/wp-content\/uploads\/2024\/04\/fiscal_luis_contreras_2024-1_optimized.jpg\" alt='' title='fiscal_luis_contreras_2024-(1)_optimized' height=\"600\" width=\"900\"  itemprop=\"thumbnailUrl\" srcset=\"https:\/\/radiorevelacionfm.cl\/wp-content\/uploads\/2024\/04\/fiscal_luis_contreras_2024-1_optimized.jpg 900w, https:\/\/radiorevelacionfm.cl\/wp-content\/uploads\/2024\/04\/fiscal_luis_contreras_2024-1_optimized-300x200.jpg 300w, https:\/\/radiorevelacionfm.cl\/wp-content\/uploads\/2024\/04\/fiscal_luis_contreras_2024-1_optimized-768x512.jpg 768w, https:\/\/radiorevelacionfm.cl\/wp-content\/uploads\/2024\/04\/fiscal_luis_contreras_2024-1_optimized-705x470.jpg 705w, https:\/\/radiorevelacionfm.cl\/wp-content\/uploads\/2024\/04\/fiscal_luis_contreras_2024-1_optimized-450x300.jpg 450w, https:\/\/radiorevelacionfm.cl\/wp-content\/uploads\/2024\/04\/fiscal_luis_contreras_2024-1_optimized-600x400.jpg 600w\" sizes=\"(max-width: 900px) 100vw, 900px\" \/><\/div><\/div><\/div><\/div><div class=\"flex_column av_one_full  flex_column_div av-zero-column-padding first  avia-builder-el-2  el_after_av_one_full  el_before_av_one_full  column-top-margin\" style='border-radius:0px; '><section class=\"av_textblock_section \"  itemscope=\"itemscope\" itemtype=\"https:\/\/schema.org\/BlogPosting\" itemprop=\"blogPost\" ><div class='avia_textblock  '   itemprop=\"text\" ><p style=\"text-align: center;\"><strong><span style=\"font-size: 18pt;\">Fiscal\u00eda logra condena para dos empresarios de Coyhaique por uso de facturas falsas para la rebaja del IVA<\/span><\/strong><\/p>\n<div id=\"gtx-trans\" style=\"position: absolute; left: -50px; top: 4.31534px;\">\n<div class=\"gtx-trans-icon\"><\/div>\n<\/div>\n<\/div><\/section><\/div><div class=\"flex_column av_one_full  flex_column_div av-zero-column-padding first  avia-builder-el-4  el_after_av_one_full  el_before_av_hr  column-top-margin\" style='border-radius:0px; '><section class=\"av_textblock_section \"  itemscope=\"itemscope\" itemtype=\"https:\/\/schema.org\/BlogPosting\" itemprop=\"blogPost\" ><div class='avia_textblock  '   itemprop=\"text\" ><p style=\"font-weight: 400; text-align: justify;\"><em>Trabajo conjunto con el Servicio de Impuestos Internos y la Brigada de Delitos Econ\u00f3micos de la PDI, permiti\u00f3 acreditar el delito ante el Tribunal de Juicio Oral en Lo Penal.<\/em><\/p>\n<p style=\"font-weight: 400; text-align: justify;\">La Fiscal\u00eda Local de Coyhaique logr\u00f3 una condena en contra de dos empresarios locales, una mujer de 42 a\u00f1os y un hombre de 61 a\u00f1os, como autores de delitos tributarios, con montos que bordean los 100 millones de pesos tanto en IVA como en renta.<\/p>\n<p style=\"font-weight: 400; text-align: justify;\">Los delitos est\u00e1n contenidos en el art\u00edculo 97 n\u00famero 4 del C\u00f3digo Tributario, relacionados con la utilizaci\u00f3n de facturas ideol\u00f3gicamente falsas para la rebaja del IVA a pagar y como consecuencia, la falsedad de la declaraci\u00f3n de renta ante el Servicio de Impuestos Internos. Las facturas falsas, que datan desde diciembre del 2016 a marzo del 2018, se relacionaban con el transporte de abarrotes desde el norte del pa\u00eds hasta la capital regional de Ays\u00e9n.<\/p>\n<p style=\"font-weight: 400; text-align: justify;\">El fiscal Luis Contreras, quien cont\u00f3 con el juicio con el apoyo del abogado asesor Miguel Riquelme, explic\u00f3 que \u201cse trata de un procedimiento iniciado en el a\u00f1o 2019 a ra\u00edz de una fiscalizaci\u00f3n realizada por el Servicio de Impuestos Internos. En dicha ocasi\u00f3n, el personal de dicha instituci\u00f3n detect\u00f3 que contribuyentes de Coyhaique, espec\u00edficamente una empresaria individual, quien actuaba en sus negocios a trav\u00e9s de la gesti\u00f3n de su pareja, realizaban diversas acciones tendientes a evadir el pago de impuestos\u201d.<\/p>\n<p style=\"font-weight: 400; text-align: justify;\">Estas acciones, a\u00f1adi\u00f3 el persecutor penal, \u201cestaban relacionadas con la entrega de facturas, no fidedignas, a ra\u00edz de las cuales pagaban menos impuesto al valor agregado. En definitiva, se desarroll\u00f3 una investigaci\u00f3n bastante larga, puesto que la Fiscal\u00eda tuvo que trabajar a trav\u00e9s de diligencias desarrolladas en diversas regiones del pa\u00eds. Y en definitiva, el d\u00eda de ayer el tribunal dict\u00f3 veredicto condenatorio\u201d.<\/p>\n<p style=\"font-weight: 400; text-align: justify;\">Durante el juicio efectuado en el Tribunal de Juicio Oral en Lo Penal de Coyhaique, fueron condenados ambos acusados, \u201cpor todos los delitos que fueron materia de la acusaci\u00f3n presentada por la Fiscal\u00eda\u201d. La investigaci\u00f3n se inici\u00f3 por una querella del Servicio de Impuestos Internos.<\/p>\n<p style=\"font-weight: 400; text-align: justify;\">Respecto del modus operandi de estos empresarios para cometer los delitos, el fiscal Contreras explic\u00f3 que \u201cestas personas lo que realizaban era presentaci\u00f3n de facturas falsas para abultar sus gastos, abultar el cr\u00e9dito IVA y posteriormente pagar menos impuesto, imputando ese IVA falso a sus propias operaciones\u201d.<\/p>\n<p style=\"font-weight: 400; text-align: justify;\">La audiencia de la lectura de la sentencia de este caso, donde el Servicio de Impuestos Internos particip\u00f3 como querellante, se efectuar\u00e1 el pr\u00f3ximo lunes 2 de septiembre a las 15.00 horas en el Tribunal de Juicio Oral en Lo Penal.<\/p>\n<\/div><\/section><\/div><div  style='height:50px' class='hr hr-invisible   avia-builder-el-6  el_after_av_one_full  el_before_av_social_share '><span class='hr-inner ' ><span class='hr-inner-style'><\/span><\/span><\/div><\/p>\n<div  class='av-social-sharing-box  avia-builder-el-7  el_after_av_hr  el_before_av_hr  '><div class='av-share-box'><h5 class='av-share-link-description av-no-toc '>Compartir esta noticia<\/h5><ul class='av-share-box-list noLightbox'><li class='av-share-link av-social-link-facebook' ><a target=\"_blank\" aria-label=\"Compartir en Facebook\" href='https:\/\/www.facebook.com\/sharer.php?u=https:\/\/radiorevelacionfm.cl\/?p=45585&#038;t=Fiscal%C3%ADa%20logra%20condena%20para%20dos%20empresarios%20de%20Coyhaique%20por%20uso%20de%20facturas%20falsas%20para%20la%20rebaja%20del%20IVA' aria-hidden='false' data-av_icon='\ue8f3' data-av_iconfont='entypo-fontello' title='' data-avia-related-tooltip='Compartir en Facebook' rel=\"noopener\"><span class='avia_hidden_link_text'>Compartir en Facebook<\/span><\/a><\/li><li class='av-share-link av-social-link-twitter' ><a target=\"_blank\" aria-label=\"Compartir en Twitter\" href='https:\/\/twitter.com\/share?text=Fiscal%C3%ADa%20logra%20condena%20para%20dos%20empresarios%20de%20Coyhaique%20por%20uso%20de%20facturas%20falsas%20para%20la%20rebaja%20del%20IVA&#038;url=https:\/\/radiorevelacionfm.cl\/?p=45585' aria-hidden='false' data-av_icon='\ue8f1' data-av_iconfont='entypo-fontello' title='' data-avia-related-tooltip='Compartir en Twitter' rel=\"noopener\"><span class='avia_hidden_link_text'>Compartir en Twitter<\/span><\/a><\/li><li class='av-share-link av-social-link-whatsapp' ><a target=\"_blank\" aria-label=\"Compartir en Whatsapp\" href='https:\/\/api.whatsapp.com\/send?text=https:\/\/radiorevelacionfm.cl\/?p=45585' aria-hidden='false' data-av_icon='\uf232' data-av_iconfont='entypo-fontello' title='' data-avia-related-tooltip='Compartir en Whatsapp' rel=\"noopener\"><span class='avia_hidden_link_text'>Compartir en Whatsapp<\/span><\/a><\/li><li class='av-share-link av-social-link-linkedin' ><a target=\"_blank\" aria-label=\"Compartir en LinkedIn\" href='https:\/\/linkedin.com\/shareArticle?mini=true&#038;title=Fiscal%C3%ADa%20logra%20condena%20para%20dos%20empresarios%20de%20Coyhaique%20por%20uso%20de%20facturas%20falsas%20para%20la%20rebaja%20del%20IVA&#038;url=https:\/\/radiorevelacionfm.cl\/?p=45585' aria-hidden='false' data-av_icon='\ue8fc' data-av_iconfont='entypo-fontello' title='' data-avia-related-tooltip='Compartir en LinkedIn' rel=\"noopener\"><span class='avia_hidden_link_text'>Compartir en LinkedIn<\/span><\/a><\/li><li class='av-share-link av-social-link-mail' ><a  aria-label=\"Compartir por correo\" href='mailto:?subject=Fiscal%C3%ADa%20logra%20condena%20para%20dos%20empresarios%20de%20Coyhaique%20por%20uso%20de%20facturas%20falsas%20para%20la%20rebaja%20del%20IVA&#038;body=https:\/\/radiorevelacionfm.cl\/?p=45585' aria-hidden='false' data-av_icon='\ue805' data-av_iconfont='entypo-fontello' title='' data-avia-related-tooltip='Compartir por correo'><span class='avia_hidden_link_text'>Compartir por correo<\/span><\/a><\/li><\/ul><\/div><\/div>\n<div  style='height:50px' class='hr hr-invisible   avia-builder-el-8  el_after_av_social_share  el_before_av_comments_list '><span class='hr-inner ' ><span class='hr-inner-style'><\/span><\/span><\/div>\n<div  class='av-buildercomment  av-blog-meta-html-info-disabled av-blog-meta-tag-disabled  '><\/div>\n","protected":false},"excerpt":{"rendered":"","protected":false},"author":1,"featured_media":41468,"comment_status":"open","ping_status":"open","sticky":false,"template":"","format":"standard","meta":{"footnotes":""},"categories":[55],"tags":[],"class_list":["post-45585","post","type-post","status-publish","format-standard","has-post-thumbnail","hentry","category-justicia"],"jetpack_featured_media_url":"https:\/\/radiorevelacionfm.cl\/wp-content\/uploads\/2024\/04\/fiscal_luis_contreras_2024-1_optimized.jpg","_links":{"self":[{"href":"https:\/\/radiorevelacionfm.cl\/index.php?rest_route=\/wp\/v2\/posts\/45585","targetHints":{"allow":["GET"]}}],"collection":[{"href":"https:\/\/radiorevelacionfm.cl\/index.php?rest_route=\/wp\/v2\/posts"}],"about":[{"href":"https:\/\/radiorevelacionfm.cl\/index.php?rest_route=\/wp\/v2\/types\/post"}],"author":[{"embeddable":true,"href":"https:\/\/radiorevelacionfm.cl\/index.php?rest_route=\/wp\/v2\/users\/1"}],"replies":[{"embeddable":true,"href":"https:\/\/radiorevelacionfm.cl\/index.php?rest_route=%2Fwp%2Fv2%2Fcomments&post=45585"}],"version-history":[{"count":1,"href":"https:\/\/radiorevelacionfm.cl\/index.php?rest_route=\/wp\/v2\/posts\/45585\/revisions"}],"predecessor-version":[{"id":45586,"href":"https:\/\/radiorevelacionfm.cl\/index.php?rest_route=\/wp\/v2\/posts\/45585\/revisions\/45586"}],"wp:featuredmedia":[{"embeddable":true,"href":"https:\/\/radiorevelacionfm.cl\/index.php?rest_route=\/wp\/v2\/media\/41468"}],"wp:attachment":[{"href":"https:\/\/radiorevelacionfm.cl\/index.php?rest_route=%2Fwp%2Fv2%2Fmedia&parent=45585"}],"wp:term":[{"taxonomy":"category","embeddable":true,"href":"https:\/\/radiorevelacionfm.cl\/index.php?rest_route=%2Fwp%2Fv2%2Fcategories&post=45585"},{"taxonomy":"post_tag","embeddable":true,"href":"https:\/\/radiorevelacionfm.cl\/index.php?rest_route=%2Fwp%2Fv2%2Ftags&post=45585"}],"curies":[{"name":"wp","href":"https:\/\/api.w.org\/{rel}","templated":true}]}}