{"id":45581,"date":"2024-08-31T21:48:50","date_gmt":"2024-09-01T00:48:50","guid":{"rendered":"https:\/\/radiorevelacionfm.cl\/?p=45581"},"modified":"2024-08-31T21:48:50","modified_gmt":"2024-09-01T00:48:50","slug":"en-la-region-de-aysen-asume-primer-director-regional-del-nuevo-servicio-nacional-de-reinsercion-social-juvenil","status":"publish","type":"post","link":"https:\/\/radiorevelacionfm.cl\/?p=45581","title":{"rendered":"En la regi\u00f3n de Ays\u00e9n: Asume primer director regional del nuevo Servicio Nacional de Reinserci\u00f3n Social Juvenil"},"content":{"rendered":"<div class=\"flex_column av_one_full  flex_column_div av-zero-column-padding first  avia-builder-el-0  el_before_av_one_full  avia-builder-el-first  \" style='border-radius:0px; '><div  class='avia-image-container  av-styling-    avia-builder-el-1  avia-builder-el-no-sibling  avia-align-center '  itemprop=\"image\" itemscope=\"itemscope\" itemtype=\"https:\/\/schema.org\/ImageObject\"  ><div class='avia-image-container-inner'><div class='avia-image-overlay-wrap'><img decoding=\"async\" class='wp-image-45582 avia-img-lazy-loading-not-45582 avia_image' src=\"https:\/\/radiorevelacionfm.cl\/wp-content\/uploads\/2024\/08\/seremi-y-director-1-1-1.jpg\" alt='' title='seremi y director (1) (1) (1)' height=\"604\" width=\"802\"  itemprop=\"thumbnailUrl\" srcset=\"https:\/\/radiorevelacionfm.cl\/wp-content\/uploads\/2024\/08\/seremi-y-director-1-1-1.jpg 802w, https:\/\/radiorevelacionfm.cl\/wp-content\/uploads\/2024\/08\/seremi-y-director-1-1-1-300x226.jpg 300w, https:\/\/radiorevelacionfm.cl\/wp-content\/uploads\/2024\/08\/seremi-y-director-1-1-1-768x578.jpg 768w, https:\/\/radiorevelacionfm.cl\/wp-content\/uploads\/2024\/08\/seremi-y-director-1-1-1-705x531.jpg 705w, https:\/\/radiorevelacionfm.cl\/wp-content\/uploads\/2024\/08\/seremi-y-director-1-1-1-450x339.jpg 450w, https:\/\/radiorevelacionfm.cl\/wp-content\/uploads\/2024\/08\/seremi-y-director-1-1-1-600x452.jpg 600w\" sizes=\"(max-width: 802px) 100vw, 802px\" \/><\/div><\/div><\/div><\/div><div class=\"flex_column av_one_full  flex_column_div av-zero-column-padding first  avia-builder-el-2  el_after_av_one_full  el_before_av_one_full  column-top-margin\" style='border-radius:0px; '><section class=\"av_textblock_section \"  itemscope=\"itemscope\" itemtype=\"https:\/\/schema.org\/BlogPosting\" itemprop=\"blogPost\" ><div class='avia_textblock  '   itemprop=\"text\" ><p style=\"text-align: center;\"><span style=\"font-size: 18pt;\"><strong>En la regi\u00f3n de Ays\u00e9n: <\/strong><strong>Asume primer director regional del nuevo Servicio Nacional de Reinserci\u00f3n Social Juvenil<\/strong><\/span><\/p>\n<div id=\"gtx-trans\" style=\"position: absolute; left: -50px; top: 4.31534px;\">\n<div class=\"gtx-trans-icon\"><\/div>\n<\/div>\n<\/div><\/section><\/div><div class=\"flex_column av_one_full  flex_column_div av-zero-column-padding first  avia-builder-el-4  el_after_av_one_full  el_before_av_hr  column-top-margin\" style='border-radius:0px; '><section class=\"av_textblock_section \"  itemscope=\"itemscope\" itemtype=\"https:\/\/schema.org\/BlogPosting\" itemprop=\"blogPost\" ><div class='avia_textblock  '   itemprop=\"text\" ><p style=\"text-align: justify;\"><em>El abogado Israel Villavicencio ser\u00e1 el encargado de iniciar el trabajo de implementaci\u00f3n de este nuevo servicio que viene a reemplazar al SENAME y que a nivel regional comienza a funcionar en enero de 2025.<\/em><\/p>\n<p style=\"text-align: justify;\">El pasado lunes asumi\u00f3 funciones el primer director regional del Servicio Nacional de Reinserci\u00f3n Social Juvenil, se trata del abogado Israel Villavicencio Ch\u00e1vez, qui\u00e9n antes de asumir este nuevo desaf\u00edo profesional, se desempe\u00f1aba como abogado y director regional (s) de todo el proceso de instalaci\u00f3n del Servicio Nacional de Migraciones en la regi\u00f3n de Ays\u00e9n.<\/p>\n<p style=\"text-align: justify;\">Respecto al desaf\u00edo de asumir la implementaci\u00f3n de este nuevo servicio en la regi\u00f3n, Israel Villavicencio explic\u00f3 que \u201clo tomo con mucha alegr\u00eda, es un proceso que va a ser y es muy importante la implementaci\u00f3n de este nuevo servicio, que ha comenzado en la macrozona norte, y ahora viene para el a\u00f1o 2025 la incorporaci\u00f3n en la macrozona sur que incluye a la regi\u00f3n de Ays\u00e9n, es un desaf\u00edo que importa y que nos va a imponer tambi\u00e9n la necesidad de gran compromiso, de gran trabajo, pero el ser el primer director de un nuevo servicio es tambi\u00e9n algo que lo tomo de muy buena manera, en el sentido que me permite poder aportar con mi experiencia, con los conocimientos que tengo y que fui adquiriendo a la largo de mi trayectoria profesional que se ha visto principalmente ligada a los temas de juventudes, espec\u00edficamente dentro del sistema de justicia penal\u201d.<\/p>\n<p style=\"text-align: justify;\">Cabe mencionar que la labor del director del Servicio de Reinserci\u00f3n Social Juvenil ser\u00e1 iniciar la implementaci\u00f3n de esta nueva institucionalidad, que entrar\u00e1 en funciones en nuestra regi\u00f3n el 13 de enero del 2025, y que sustituir\u00e1 al SENAME en la tarea de administrar las medidas y sanciones frente a los delitos cometidos por adolescentes, conforme a los est\u00e1ndares definidos por la Ley RPA (N\u00b020.084).<\/p>\n<p style=\"text-align: justify;\">Mientras que el Seremi de Justicia y Derechos Humanos Samuel Navarro manifest\u00f3 que \u201cestamos en pleno proceso de implementaci\u00f3n, toda vez que a contar del d\u00eda lunes pasado se ha incorporado el director titular de Servicio de Reinserci\u00f3n Social Juvenil el abogado Israel Villavicencio, a qui\u00e9n le corresponde encabezar el proceso de instalaci\u00f3n para que este servicio entre en funciones a partir del 13 de enero de 2025 en continuidad y de conformidad a la ley del Servicio Nacional de Menores (Sename), en conjunto iremos realizando todas las gestiones correspondientes a la instalaci\u00f3n de este nuevo servicio, a este cambio institucional que va mucho m\u00e1s all\u00e1 que un cambio de nombre, puesto que involucra el cambio del modelo de intervenci\u00f3n para los j\u00f3venes infractores de ley, cambia tambi\u00e9n la relaci\u00f3n con los organismos colaboradores que tambi\u00e9n participan del proceso de intervenci\u00f3n, tambi\u00e9n se modifican aspectos importantes de la ley de Responsabilidad Penal Adolescente en el sentido de incorporar la instituci\u00f3n de la mediaci\u00f3n penal juvenil como un componente de la justicia restaurativa en el \u00e1mbito juvenil que permitan mejorar sustantivamente todo lo que dice relaci\u00f3n con el cumplimiento de penas y sanciones en el \u00e1mbito juvenil. De esta manera estamos comenzando este proceso de instalaci\u00f3n en la regi\u00f3n de Ays\u00e9n conforme a que corresponde en esta segunda etapa la instalaci\u00f3n de este nuevo servicio en la macrozona sur austral desde Talca a la regi\u00f3n de Magallanes\u201d.<\/p>\n<p style=\"text-align: justify;\">Finalmente, mencionar que la nueva autoridad posee estudios en Pol\u00edticas P\u00fablicas, Derechos Humanos, Derecho Penal, Litigaci\u00f3n Estrat\u00e9gica, Prevenci\u00f3n del Delito, Violencias Juveniles y Desistimiento del Delito, se desempe\u00f1\u00f3 como abogado de la Unidad de Estudios de la Defensor\u00eda Regional de Ays\u00e9n y Defensor Penal Juvenil de la misma regi\u00f3n por m\u00e1s de 5 a\u00f1os con cobertura territorial completa, no s\u00f3lo desde lo jurisdiccional, sino que tambi\u00e9n desde el trabajo intersectorial.<\/p>\n<\/div><\/section><\/div><div  style='height:50px' class='hr hr-invisible   avia-builder-el-6  el_after_av_one_full  el_before_av_social_share '><span class='hr-inner ' ><span class='hr-inner-style'><\/span><\/span><\/div><\/p>\n<div  class='av-social-sharing-box  avia-builder-el-7  el_after_av_hr  el_before_av_hr  '><div class='av-share-box'><h5 class='av-share-link-description av-no-toc '>Compartir esta noticia<\/h5><ul class='av-share-box-list noLightbox'><li class='av-share-link av-social-link-facebook' ><a target=\"_blank\" aria-label=\"Compartir en Facebook\" href='https:\/\/www.facebook.com\/sharer.php?u=https:\/\/radiorevelacionfm.cl\/?p=45581&#038;t=En%20la%20regi%C3%B3n%20de%20Ays%C3%A9n%3A%20Asume%20primer%20director%20regional%20del%20nuevo%20Servicio%20Nacional%20de%20Reinserci%C3%B3n%20Social%20Juvenil' aria-hidden='false' data-av_icon='\ue8f3' data-av_iconfont='entypo-fontello' title='' data-avia-related-tooltip='Compartir en Facebook' rel=\"noopener\"><span class='avia_hidden_link_text'>Compartir en Facebook<\/span><\/a><\/li><li class='av-share-link av-social-link-twitter' ><a target=\"_blank\" aria-label=\"Compartir en Twitter\" href='https:\/\/twitter.com\/share?text=En%20la%20regi%C3%B3n%20de%20Ays%C3%A9n%3A%20Asume%20primer%20director%20regional%20del%20nuevo%20Servicio%20Nacional%20de%20Reinserci%C3%B3n%20Social%20Juvenil&#038;url=https:\/\/radiorevelacionfm.cl\/?p=45581' aria-hidden='false' data-av_icon='\ue8f1' data-av_iconfont='entypo-fontello' title='' data-avia-related-tooltip='Compartir en Twitter' rel=\"noopener\"><span class='avia_hidden_link_text'>Compartir en Twitter<\/span><\/a><\/li><li class='av-share-link av-social-link-whatsapp' ><a target=\"_blank\" aria-label=\"Compartir en Whatsapp\" href='https:\/\/api.whatsapp.com\/send?text=https:\/\/radiorevelacionfm.cl\/?p=45581' aria-hidden='false' data-av_icon='\uf232' data-av_iconfont='entypo-fontello' title='' data-avia-related-tooltip='Compartir en Whatsapp' rel=\"noopener\"><span class='avia_hidden_link_text'>Compartir en Whatsapp<\/span><\/a><\/li><li class='av-share-link av-social-link-linkedin' ><a target=\"_blank\" aria-label=\"Compartir en LinkedIn\" href='https:\/\/linkedin.com\/shareArticle?mini=true&#038;title=En%20la%20regi%C3%B3n%20de%20Ays%C3%A9n%3A%20Asume%20primer%20director%20regional%20del%20nuevo%20Servicio%20Nacional%20de%20Reinserci%C3%B3n%20Social%20Juvenil&#038;url=https:\/\/radiorevelacionfm.cl\/?p=45581' aria-hidden='false' data-av_icon='\ue8fc' data-av_iconfont='entypo-fontello' title='' data-avia-related-tooltip='Compartir en LinkedIn' rel=\"noopener\"><span class='avia_hidden_link_text'>Compartir en LinkedIn<\/span><\/a><\/li><li class='av-share-link av-social-link-mail' ><a  aria-label=\"Compartir por correo\" href='mailto:?subject=En%20la%20regi%C3%B3n%20de%20Ays%C3%A9n%3A%20Asume%20primer%20director%20regional%20del%20nuevo%20Servicio%20Nacional%20de%20Reinserci%C3%B3n%20Social%20Juvenil&#038;body=https:\/\/radiorevelacionfm.cl\/?p=45581' aria-hidden='false' data-av_icon='\ue805' data-av_iconfont='entypo-fontello' title='' data-avia-related-tooltip='Compartir por correo'><span class='avia_hidden_link_text'>Compartir por correo<\/span><\/a><\/li><\/ul><\/div><\/div>\n<div  style='height:50px' class='hr hr-invisible   avia-builder-el-8  el_after_av_social_share  el_before_av_comments_list '><span class='hr-inner ' ><span class='hr-inner-style'><\/span><\/span><\/div>\n<div  class='av-buildercomment  av-blog-meta-html-info-disabled av-blog-meta-tag-disabled  '><\/div>\n","protected":false},"excerpt":{"rendered":"","protected":false},"author":1,"featured_media":45582,"comment_status":"open","ping_status":"open","sticky":false,"template":"","format":"standard","meta":{"footnotes":""},"categories":[55],"tags":[],"class_list":["post-45581","post","type-post","status-publish","format-standard","has-post-thumbnail","hentry","category-justicia"],"jetpack_featured_media_url":"https:\/\/radiorevelacionfm.cl\/wp-content\/uploads\/2024\/08\/seremi-y-director-1-1-1.jpg","_links":{"self":[{"href":"https:\/\/radiorevelacionfm.cl\/index.php?rest_route=\/wp\/v2\/posts\/45581","targetHints":{"allow":["GET"]}}],"collection":[{"href":"https:\/\/radiorevelacionfm.cl\/index.php?rest_route=\/wp\/v2\/posts"}],"about":[{"href":"https:\/\/radiorevelacionfm.cl\/index.php?rest_route=\/wp\/v2\/types\/post"}],"author":[{"embeddable":true,"href":"https:\/\/radiorevelacionfm.cl\/index.php?rest_route=\/wp\/v2\/users\/1"}],"replies":[{"embeddable":true,"href":"https:\/\/radiorevelacionfm.cl\/index.php?rest_route=%2Fwp%2Fv2%2Fcomments&post=45581"}],"version-history":[{"count":1,"href":"https:\/\/radiorevelacionfm.cl\/index.php?rest_route=\/wp\/v2\/posts\/45581\/revisions"}],"predecessor-version":[{"id":45583,"href":"https:\/\/radiorevelacionfm.cl\/index.php?rest_route=\/wp\/v2\/posts\/45581\/revisions\/45583"}],"wp:featuredmedia":[{"embeddable":true,"href":"https:\/\/radiorevelacionfm.cl\/index.php?rest_route=\/wp\/v2\/media\/45582"}],"wp:attachment":[{"href":"https:\/\/radiorevelacionfm.cl\/index.php?rest_route=%2Fwp%2Fv2%2Fmedia&parent=45581"}],"wp:term":[{"taxonomy":"category","embeddable":true,"href":"https:\/\/radiorevelacionfm.cl\/index.php?rest_route=%2Fwp%2Fv2%2Fcategories&post=45581"},{"taxonomy":"post_tag","embeddable":true,"href":"https:\/\/radiorevelacionfm.cl\/index.php?rest_route=%2Fwp%2Fv2%2Ftags&post=45581"}],"curies":[{"name":"wp","href":"https:\/\/api.w.org\/{rel}","templated":true}]}}