{"id":4558,"date":"2021-05-26T19:22:39","date_gmt":"2021-05-26T22:22:39","guid":{"rendered":"https:\/\/radiorevelacionfm.cl\/?p=4558"},"modified":"2021-05-26T19:31:52","modified_gmt":"2021-05-26T22:31:52","slug":"fundacion-vidas-con-propositos-recibe-importante-aporte-del-fondo-nacional-social","status":"publish","type":"post","link":"https:\/\/radiorevelacionfm.cl\/?p=4558","title":{"rendered":"Fundaci\u00f3n Vidas con Prop\u00f3sitos recibe importante aporte del Fondo Nacional Social"},"content":{"rendered":"<div class=\"flex_column av_one_full  flex_column_div av-zero-column-padding first  avia-builder-el-0  el_before_av_one_full  avia-builder-el-first  \" style='border-radius:0px; '><div  class='avia-image-container  av-styling-    avia-builder-el-1  avia-builder-el-no-sibling  avia-align-center '  itemprop=\"image\" itemscope=\"itemscope\" itemtype=\"https:\/\/schema.org\/ImageObject\"  ><div class='avia-image-container-inner'><div class='avia-image-overlay-wrap'><img decoding=\"async\" class='wp-image-0 avia-img-lazy-loading-not-0 avia_image' src=\"https:\/\/radiorevelacionfm.cl\/wp-content\/uploads\/2021\/05\/5-14-1.jpg\" alt='' title=''   itemprop=\"thumbnailUrl\"  \/><\/div><\/div><\/div><\/div><div class=\"flex_column av_one_full  flex_column_div av-zero-column-padding first  avia-builder-el-2  el_after_av_one_full  el_before_av_one_full  column-top-margin\" style='border-radius:0px; '><section class=\"av_textblock_section \"  itemscope=\"itemscope\" itemtype=\"https:\/\/schema.org\/BlogPosting\" itemprop=\"blogPost\" ><div class='avia_textblock  '   itemprop=\"text\" ><p style=\"text-align: center;\"><strong><span style=\"font-size: 18pt;\">Fundaci\u00f3n Vidas con Prop\u00f3sitos recibe importante aporte del Fondo Nacional Social <\/span><\/strong><\/p>\n<div id=\"gtx-trans\" style=\"position: absolute; left: -50px; top: 4.31534px;\">\n<div class=\"gtx-trans-icon\"><\/div>\n<\/div>\n<\/div><\/section><\/div><div class=\"flex_column av_one_full  flex_column_div av-zero-column-padding first  avia-builder-el-4  el_after_av_one_full  el_before_av_hr  column-top-margin\" style='border-radius:0px; '><section class=\"av_textblock_section \"  itemscope=\"itemscope\" itemtype=\"https:\/\/schema.org\/BlogPosting\" itemprop=\"blogPost\" ><div class='avia_textblock  '   itemprop=\"text\" ><p>La organizaci\u00f3n social recibi\u00f3 un monto total de $27.929.508.<\/p>\n<p style=\"text-align: justify;\">En dependencias de la gobernaci\u00f3n de Ays\u00e9n se realiz\u00f3 una significativa y cercana ceremonia en donde Manuel Ortiz Gobernador de Ays\u00e9n en representaci\u00f3n del Presidente de la Rep\u00fablica entreg\u00f3 un cheque a la Fundaci\u00f3n Vidas con Prop\u00f3sitos quienes postularon a la l\u00ednea nacional del Fondo Social Presidente de la Rep\u00fablica, esto con la finalidad de poder continuar desarrollando sus labores de apoyo humanitario para la comunidad.<\/p>\n<p style=\"text-align: justify;\">El Presidente de la Fundaci\u00f3n Doctor Milton Pinto valor\u00f3 el trabajo de la gobernaci\u00f3n de Ays\u00e9n quienes fueron parte fundamental para que esta organizaci\u00f3n pudiera adquirir este apoyo a nivel nacional \u201cantes que todo saludar y agradecer toda la gesti\u00f3n que ha realizado el Gobernador Manuel Ortiz, su equipo de trabajo los cuales han cre\u00eddo en nosotros y eso nosotros lo agradecemos por la confianza que han tenido con esta fundaci\u00f3n el cual lleva hartos a\u00f1os ayudando a nuestra comunidad para poder seguir creciendo\u201d.<\/p>\n<p style=\"text-align: justify;\">El objetivo de este fondo es poder construir la sede social donde pueda funcionar la fundaci\u00f3n y as\u00ed implementar un banco de alimentos que ir\u00e1 en directo beneficio de los m\u00e1s necesitados \u201cpara nosotros viene subsanar un tema s\u00faper importante y poder nosotros seguir acogiendo la demanda de la ciudadan\u00eda como lo hemos hecho todos estos a\u00f1os, nuestro foco ha sido en este \u00faltimo tiempo adultos mayores y pacientes postrados que son el grupo m\u00e1s carente de la poblaci\u00f3n\u201d indicaba Hansy Ch\u00e1vez Directora Ejecutiva de la fundaci\u00f3n.<\/p>\n<p style=\"text-align: justify;\">El Gobernador de Ays\u00e9n Manuel Ortiz en representaci\u00f3n del Presidente de la Rep\u00fablica Sebasti\u00e1n Pi\u00f1era manifest\u00f3 su alegr\u00eda de poder apoyar este tipo de iniciativas \u201cpara nosotros es una tremenda satisfacci\u00f3n poder saber que el d\u00eda de hoy el FONDES llega a una agrupaci\u00f3n tan significativa e importante ayudando a adultos mayores, as\u00ed que contentos porque los Fondos Presidente de la Rep\u00fablica llegan a quienes m\u00e1s lo necesitan\u201d.<\/p>\n<\/div><\/section><\/div><div  style='height:50px' class='hr hr-invisible   avia-builder-el-6  el_after_av_one_full  el_before_av_social_share '><span class='hr-inner ' ><span class='hr-inner-style'><\/span><\/span><\/div><\/p>\n<div  class='av-social-sharing-box  avia-builder-el-7  el_after_av_hr  el_before_av_hr  '><div class='av-share-box'><h5 class='av-share-link-description av-no-toc '>Compartir esta noticia<\/h5><ul class='av-share-box-list noLightbox'><li class='av-share-link av-social-link-facebook' ><a target=\"_blank\" aria-label=\"Compartir en Facebook\" href='https:\/\/www.facebook.com\/sharer.php?u=https:\/\/radiorevelacionfm.cl\/?p=4558&#038;t=Fundaci%C3%B3n%20Vidas%20con%20Prop%C3%B3sitos%20recibe%20importante%20aporte%20del%20Fondo%20Nacional%20Social' aria-hidden='false' data-av_icon='\ue8f3' data-av_iconfont='entypo-fontello' title='' data-avia-related-tooltip='Compartir en Facebook' rel=\"noopener\"><span class='avia_hidden_link_text'>Compartir en Facebook<\/span><\/a><\/li><li class='av-share-link av-social-link-twitter' ><a target=\"_blank\" aria-label=\"Compartir en Twitter\" href='https:\/\/twitter.com\/share?text=Fundaci%C3%B3n%20Vidas%20con%20Prop%C3%B3sitos%20recibe%20importante%20aporte%20del%20Fondo%20Nacional%20Social&#038;url=https:\/\/radiorevelacionfm.cl\/?p=4558' aria-hidden='false' data-av_icon='\ue8f1' data-av_iconfont='entypo-fontello' title='' data-avia-related-tooltip='Compartir en Twitter' rel=\"noopener\"><span class='avia_hidden_link_text'>Compartir en Twitter<\/span><\/a><\/li><li class='av-share-link av-social-link-whatsapp' ><a target=\"_blank\" aria-label=\"Compartir en Whatsapp\" href='https:\/\/api.whatsapp.com\/send?text=https:\/\/radiorevelacionfm.cl\/?p=4558' aria-hidden='false' data-av_icon='\uf232' data-av_iconfont='entypo-fontello' title='' data-avia-related-tooltip='Compartir en Whatsapp' rel=\"noopener\"><span class='avia_hidden_link_text'>Compartir en Whatsapp<\/span><\/a><\/li><li class='av-share-link av-social-link-linkedin' ><a target=\"_blank\" aria-label=\"Compartir en LinkedIn\" href='https:\/\/linkedin.com\/shareArticle?mini=true&#038;title=Fundaci%C3%B3n%20Vidas%20con%20Prop%C3%B3sitos%20recibe%20importante%20aporte%20del%20Fondo%20Nacional%20Social&#038;url=https:\/\/radiorevelacionfm.cl\/?p=4558' aria-hidden='false' data-av_icon='\ue8fc' data-av_iconfont='entypo-fontello' title='' data-avia-related-tooltip='Compartir en LinkedIn' rel=\"noopener\"><span class='avia_hidden_link_text'>Compartir en LinkedIn<\/span><\/a><\/li><li class='av-share-link av-social-link-mail' ><a  aria-label=\"Compartir por correo\" href='mailto:?subject=Fundaci%C3%B3n%20Vidas%20con%20Prop%C3%B3sitos%20recibe%20importante%20aporte%20del%20Fondo%20Nacional%20Social&#038;body=https:\/\/radiorevelacionfm.cl\/?p=4558' aria-hidden='false' data-av_icon='\ue805' data-av_iconfont='entypo-fontello' title='' data-avia-related-tooltip='Compartir por correo'><span class='avia_hidden_link_text'>Compartir por correo<\/span><\/a><\/li><\/ul><\/div><\/div>\n<div  style='height:50px' class='hr hr-invisible   avia-builder-el-8  el_after_av_social_share  el_before_av_comments_list '><span class='hr-inner ' ><span class='hr-inner-style'><\/span><\/span><\/div>\n<div  class='av-buildercomment  av-blog-meta-html-info-disabled av-blog-meta-tag-disabled  '><\/div>\n","protected":false},"excerpt":{"rendered":"","protected":false},"author":1,"featured_media":0,"comment_status":"open","ping_status":"open","sticky":false,"template":"","format":"standard","meta":{"footnotes":""},"categories":[38],"tags":[],"class_list":["post-4558","post","type-post","status-publish","format-standard","hentry","category-regional"],"jetpack_featured_media_url":"","_links":{"self":[{"href":"https:\/\/radiorevelacionfm.cl\/index.php?rest_route=\/wp\/v2\/posts\/4558","targetHints":{"allow":["GET"]}}],"collection":[{"href":"https:\/\/radiorevelacionfm.cl\/index.php?rest_route=\/wp\/v2\/posts"}],"about":[{"href":"https:\/\/radiorevelacionfm.cl\/index.php?rest_route=\/wp\/v2\/types\/post"}],"author":[{"embeddable":true,"href":"https:\/\/radiorevelacionfm.cl\/index.php?rest_route=\/wp\/v2\/users\/1"}],"replies":[{"embeddable":true,"href":"https:\/\/radiorevelacionfm.cl\/index.php?rest_route=%2Fwp%2Fv2%2Fcomments&post=4558"}],"version-history":[{"count":1,"href":"https:\/\/radiorevelacionfm.cl\/index.php?rest_route=\/wp\/v2\/posts\/4558\/revisions"}],"predecessor-version":[{"id":4560,"href":"https:\/\/radiorevelacionfm.cl\/index.php?rest_route=\/wp\/v2\/posts\/4558\/revisions\/4560"}],"wp:attachment":[{"href":"https:\/\/radiorevelacionfm.cl\/index.php?rest_route=%2Fwp%2Fv2%2Fmedia&parent=4558"}],"wp:term":[{"taxonomy":"category","embeddable":true,"href":"https:\/\/radiorevelacionfm.cl\/index.php?rest_route=%2Fwp%2Fv2%2Fcategories&post=4558"},{"taxonomy":"post_tag","embeddable":true,"href":"https:\/\/radiorevelacionfm.cl\/index.php?rest_route=%2Fwp%2Fv2%2Ftags&post=4558"}],"curies":[{"name":"wp","href":"https:\/\/api.w.org\/{rel}","templated":true}]}}