{"id":45578,"date":"2024-08-28T21:40:39","date_gmt":"2024-08-29T00:40:39","guid":{"rendered":"https:\/\/radiorevelacionfm.cl\/?p=45578"},"modified":"2024-08-28T21:40:39","modified_gmt":"2024-08-29T00:40:39","slug":"en-septiembre-inician-las-obras-para-el-mejoramiento-del-polideportivo-21-de-abril","status":"publish","type":"post","link":"https:\/\/radiorevelacionfm.cl\/?p=45578","title":{"rendered":"En septiembre inician las obras para el mejoramiento del Polideportivo 21 de abril"},"content":{"rendered":"<div class=\"flex_column av_one_full  flex_column_div av-zero-column-padding first  avia-builder-el-0  el_before_av_one_full  avia-builder-el-first  \" style='border-radius:0px; '><div  class='avia-image-container  av-styling-    avia-builder-el-1  avia-builder-el-no-sibling  avia-align-center '  itemprop=\"image\" itemscope=\"itemscope\" itemtype=\"https:\/\/schema.org\/ImageObject\"  ><div class='avia-image-container-inner'><div class='avia-image-overlay-wrap'><img decoding=\"async\" class='wp-image-45579 avia-img-lazy-loading-not-45579 avia_image' src=\"https:\/\/radiorevelacionfm.cl\/wp-content\/uploads\/2024\/08\/20240827_180305-1-1.jpg\" alt='' title='20240827_180305 (1) (1)' height=\"600\" width=\"903\"  itemprop=\"thumbnailUrl\" srcset=\"https:\/\/radiorevelacionfm.cl\/wp-content\/uploads\/2024\/08\/20240827_180305-1-1.jpg 903w, https:\/\/radiorevelacionfm.cl\/wp-content\/uploads\/2024\/08\/20240827_180305-1-1-300x199.jpg 300w, https:\/\/radiorevelacionfm.cl\/wp-content\/uploads\/2024\/08\/20240827_180305-1-1-768x510.jpg 768w, https:\/\/radiorevelacionfm.cl\/wp-content\/uploads\/2024\/08\/20240827_180305-1-1-705x468.jpg 705w, https:\/\/radiorevelacionfm.cl\/wp-content\/uploads\/2024\/08\/20240827_180305-1-1-450x299.jpg 450w, https:\/\/radiorevelacionfm.cl\/wp-content\/uploads\/2024\/08\/20240827_180305-1-1-600x399.jpg 600w\" sizes=\"(max-width: 903px) 100vw, 903px\" \/><\/div><\/div><\/div><\/div><div class=\"flex_column av_one_full  flex_column_div av-zero-column-padding first  avia-builder-el-2  el_after_av_one_full  el_before_av_one_full  column-top-margin\" style='border-radius:0px; '><section class=\"av_textblock_section \"  itemscope=\"itemscope\" itemtype=\"https:\/\/schema.org\/BlogPosting\" itemprop=\"blogPost\" ><div class='avia_textblock  '   itemprop=\"text\" ><p style=\"text-align: center;\"><strong><span style=\"font-size: 18pt;\">En septiembre inician las obras para el mejoramiento del Polideportivo 21 de abril<\/span><\/strong><\/p>\n<div id=\"gtx-trans\" style=\"position: absolute; left: -50px; top: 4.31534px;\">\n<div class=\"gtx-trans-icon\"><\/div>\n<\/div>\n<\/div><\/section><\/div><div class=\"flex_column av_one_full  flex_column_div av-zero-column-padding first  avia-builder-el-4  el_after_av_one_full  el_before_av_hr  column-top-margin\" style='border-radius:0px; '><section class=\"av_textblock_section \"  itemscope=\"itemscope\" itemtype=\"https:\/\/schema.org\/BlogPosting\" itemprop=\"blogPost\" ><div class='avia_textblock  '   itemprop=\"text\" ><p style=\"text-align: justify;\"><em>Este proyecto le dar\u00e1 mejores condiciones a los deportistas ayseninos para las pr\u00e1cticas de sus disciplinas y posicionar\u00e1 al recinto de Puerto Ays\u00e9n como de los m\u00e1s modernos de la regi\u00f3n, luego de los Juegos de La Araucan\u00eda.<\/em><\/p>\n<p style=\"text-align: justify;\">Por los pr\u00f3ximos dos meses se estar\u00e1n realizando arreglos en las inmediaciones del recinto deportivo m\u00e1s importante de Ays\u00e9n, esto para mejorar las condiciones para los deportistas que normalmente entrenan en el polideportivo.<\/p>\n<p style=\"text-align: justify;\">Mantenciones de estas caracter\u00edsticas se realizan con una frecuencia de entre dos y tres a\u00f1os, pero en esta ocasi\u00f3n ser\u00e1n especiales, ya que se preparan en el marco de la realizaci\u00f3n de los Juegos Binacionales de La Araucan\u00eda Ays\u00e9n-2024, en que Puerto Ays\u00e9n es una de las tres subsedes.<\/p>\n<p style=\"text-align: justify;\">Debido al inicio de la obra, el Alcalde Julio Uribe explic\u00f3 que \u201cse va a cerrar el polideportivo por completo durante 60 d\u00edas. En principio nosotros pretend\u00edamos que la sala de musculaci\u00f3n y en otras se pudiera trabajar, pero para la empresa es muy riesgoso que existan personas transitando, y lo que menos queremos es poner en peligro a nuestros usuarios. Por lo tanto, uno de los requisitos para poder tomar la obra fue cerrar por completo el polideportivo, le pido la comprensi\u00f3n a los deportistas porque todo progreso trae complicaciones\u201d.<\/p>\n<p style=\"text-align: justify;\">Este es un proyecto que cuenta con un financiamiento de $244.572.626, provenientes del Gobierno Regional de Ays\u00e9n. En \u00e9ste se contempla la reposici\u00f3n de estructuras da\u00f1adas, revestimiento de la piscina, arreglo del piso de las instalaciones, entre otras obras. Esto se complementa a otros proyectos de mejoramiento de amplificaci\u00f3n, de equipamiento para las diferentes disciplinas y un piso especial para el voleibol.<\/p>\n<p style=\"text-align: justify;\">Las autoridades destacan la voluntad por parte de la empresa a cargo de la mantenci\u00f3n, ya que se comprometieron a tener la obra completa lista en dos meses, 30 d\u00edas antes de lo presupuestado en el proyecto, para tener la sede principal de la comuna de Ays\u00e9n dispuesta para los Juegos de La Araucan\u00eda en noviembre de este a\u00f1o.<\/p>\n<p style=\"text-align: justify;\">La Gobernadora Andrea Mac\u00edas, coment\u00f3 acerca del financiamiento de esta iniciativa, se\u00f1alando que \u201ces una inversi\u00f3n tremenda la que est\u00e1 haciendo el Gobierno Regional de Ays\u00e9n para poder apoyar a nuestros deportistas de la regi\u00f3n en las distintas disciplinas, para poder ofrecer as\u00ed una infraestructura adecuada, de calidad y con los est\u00e1ndares que se requiere para recibir a los cientos de deportistas y de familias que van a llegar a la regi\u00f3n. Adem\u00e1s, estamos contentos porque nuevamente es una empresa local la que se adjudica esta iniciativa, con la cual tenemos experiencias de trabajo, que ha mostrado ser responsable y hoy d\u00eda, adem\u00e1s, muy comprometidas tambi\u00e9n con que este proyecto salga en el menor tiempo posible\u201d.<\/p>\n<p style=\"text-align: justify;\">RPC Ferreter\u00eda y Construcci\u00f3n Limitada es la empresa a cargo del proyecto, los cuales comenzar\u00e1n a trabajar desde el lunes 2 de septiembre a puertas cerradas de la comunidad, esto debido a los peligros que surgen, sobre todo con los qu\u00edmicos y pintura para las reparaciones de las instalaciones.<\/p>\n<\/div><\/section><\/div><div  style='height:50px' class='hr hr-invisible   avia-builder-el-6  el_after_av_one_full  el_before_av_social_share '><span class='hr-inner ' ><span class='hr-inner-style'><\/span><\/span><\/div><\/p>\n<div  class='av-social-sharing-box  avia-builder-el-7  el_after_av_hr  el_before_av_hr  '><div class='av-share-box'><h5 class='av-share-link-description av-no-toc '>Compartir esta noticia<\/h5><ul class='av-share-box-list noLightbox'><li class='av-share-link av-social-link-facebook' ><a target=\"_blank\" aria-label=\"Compartir en Facebook\" href='https:\/\/www.facebook.com\/sharer.php?u=https:\/\/radiorevelacionfm.cl\/?p=45578&#038;t=En%20septiembre%20inician%20las%20obras%20para%20el%20mejoramiento%20del%20Polideportivo%2021%20de%20abril' aria-hidden='false' data-av_icon='\ue8f3' data-av_iconfont='entypo-fontello' title='' data-avia-related-tooltip='Compartir en Facebook' rel=\"noopener\"><span class='avia_hidden_link_text'>Compartir en Facebook<\/span><\/a><\/li><li class='av-share-link av-social-link-twitter' ><a target=\"_blank\" aria-label=\"Compartir en Twitter\" href='https:\/\/twitter.com\/share?text=En%20septiembre%20inician%20las%20obras%20para%20el%20mejoramiento%20del%20Polideportivo%2021%20de%20abril&#038;url=https:\/\/radiorevelacionfm.cl\/?p=45578' aria-hidden='false' data-av_icon='\ue8f1' data-av_iconfont='entypo-fontello' title='' data-avia-related-tooltip='Compartir en Twitter' rel=\"noopener\"><span class='avia_hidden_link_text'>Compartir en Twitter<\/span><\/a><\/li><li class='av-share-link av-social-link-whatsapp' ><a target=\"_blank\" aria-label=\"Compartir en Whatsapp\" href='https:\/\/api.whatsapp.com\/send?text=https:\/\/radiorevelacionfm.cl\/?p=45578' aria-hidden='false' data-av_icon='\uf232' data-av_iconfont='entypo-fontello' title='' data-avia-related-tooltip='Compartir en Whatsapp' rel=\"noopener\"><span class='avia_hidden_link_text'>Compartir en Whatsapp<\/span><\/a><\/li><li class='av-share-link av-social-link-linkedin' ><a target=\"_blank\" aria-label=\"Compartir en LinkedIn\" href='https:\/\/linkedin.com\/shareArticle?mini=true&#038;title=En%20septiembre%20inician%20las%20obras%20para%20el%20mejoramiento%20del%20Polideportivo%2021%20de%20abril&#038;url=https:\/\/radiorevelacionfm.cl\/?p=45578' aria-hidden='false' data-av_icon='\ue8fc' data-av_iconfont='entypo-fontello' title='' data-avia-related-tooltip='Compartir en LinkedIn' rel=\"noopener\"><span class='avia_hidden_link_text'>Compartir en LinkedIn<\/span><\/a><\/li><li class='av-share-link av-social-link-mail' ><a  aria-label=\"Compartir por correo\" href='mailto:?subject=En%20septiembre%20inician%20las%20obras%20para%20el%20mejoramiento%20del%20Polideportivo%2021%20de%20abril&#038;body=https:\/\/radiorevelacionfm.cl\/?p=45578' aria-hidden='false' data-av_icon='\ue805' data-av_iconfont='entypo-fontello' title='' data-avia-related-tooltip='Compartir por correo'><span class='avia_hidden_link_text'>Compartir por correo<\/span><\/a><\/li><\/ul><\/div><\/div>\n<div  style='height:50px' class='hr hr-invisible   avia-builder-el-8  el_after_av_social_share  el_before_av_comments_list '><span class='hr-inner ' ><span class='hr-inner-style'><\/span><\/span><\/div>\n<div  class='av-buildercomment  av-blog-meta-html-info-disabled av-blog-meta-tag-disabled  '><\/div>\n","protected":false},"excerpt":{"rendered":"","protected":false},"author":1,"featured_media":45579,"comment_status":"open","ping_status":"open","sticky":false,"template":"","format":"standard","meta":{"footnotes":""},"categories":[38],"tags":[],"class_list":["post-45578","post","type-post","status-publish","format-standard","has-post-thumbnail","hentry","category-regional"],"jetpack_featured_media_url":"https:\/\/radiorevelacionfm.cl\/wp-content\/uploads\/2024\/08\/20240827_180305-1-1.jpg","_links":{"self":[{"href":"https:\/\/radiorevelacionfm.cl\/index.php?rest_route=\/wp\/v2\/posts\/45578","targetHints":{"allow":["GET"]}}],"collection":[{"href":"https:\/\/radiorevelacionfm.cl\/index.php?rest_route=\/wp\/v2\/posts"}],"about":[{"href":"https:\/\/radiorevelacionfm.cl\/index.php?rest_route=\/wp\/v2\/types\/post"}],"author":[{"embeddable":true,"href":"https:\/\/radiorevelacionfm.cl\/index.php?rest_route=\/wp\/v2\/users\/1"}],"replies":[{"embeddable":true,"href":"https:\/\/radiorevelacionfm.cl\/index.php?rest_route=%2Fwp%2Fv2%2Fcomments&post=45578"}],"version-history":[{"count":1,"href":"https:\/\/radiorevelacionfm.cl\/index.php?rest_route=\/wp\/v2\/posts\/45578\/revisions"}],"predecessor-version":[{"id":45580,"href":"https:\/\/radiorevelacionfm.cl\/index.php?rest_route=\/wp\/v2\/posts\/45578\/revisions\/45580"}],"wp:featuredmedia":[{"embeddable":true,"href":"https:\/\/radiorevelacionfm.cl\/index.php?rest_route=\/wp\/v2\/media\/45579"}],"wp:attachment":[{"href":"https:\/\/radiorevelacionfm.cl\/index.php?rest_route=%2Fwp%2Fv2%2Fmedia&parent=45578"}],"wp:term":[{"taxonomy":"category","embeddable":true,"href":"https:\/\/radiorevelacionfm.cl\/index.php?rest_route=%2Fwp%2Fv2%2Fcategories&post=45578"},{"taxonomy":"post_tag","embeddable":true,"href":"https:\/\/radiorevelacionfm.cl\/index.php?rest_route=%2Fwp%2Fv2%2Ftags&post=45578"}],"curies":[{"name":"wp","href":"https:\/\/api.w.org\/{rel}","templated":true}]}}