{"id":45575,"date":"2024-08-28T17:26:23","date_gmt":"2024-08-28T20:26:23","guid":{"rendered":"https:\/\/radiorevelacionfm.cl\/?p=45575"},"modified":"2024-08-28T17:26:23","modified_gmt":"2024-08-28T20:26:23","slug":"puyuhuapi-contara-con-nueva-posta-de-salud-rural-autoridades-y-comunidad-hacen-entrega-de-terreno-para-su-construccion","status":"publish","type":"post","link":"https:\/\/radiorevelacionfm.cl\/?p=45575","title":{"rendered":"Puyuhuapi contar\u00e1 con nueva Posta de Salud Rural: Autoridades y comunidad hacen entrega de terreno para su construcci\u00f3n"},"content":{"rendered":"<div class=\"flex_column av_one_full  flex_column_div av-zero-column-padding first  avia-builder-el-0  el_before_av_one_full  avia-builder-el-first  \" style='border-radius:0px; '><div  class='avia-image-container  av-styling-    avia-builder-el-1  avia-builder-el-no-sibling  avia-align-center '  itemprop=\"image\" itemscope=\"itemscope\" itemtype=\"https:\/\/schema.org\/ImageObject\"  ><div class='avia-image-container-inner'><div class='avia-image-overlay-wrap'><img decoding=\"async\" class='wp-image-45576 avia-img-lazy-loading-not-45576 avia_image' src=\"https:\/\/radiorevelacionfm.cl\/wp-content\/uploads\/2024\/08\/terreno-puyuhuapi-9-1_optimized.jpeg\" alt='' title='terreno-puyuhuapi-(9)-(1)_optimized' height=\"600\" width=\"800\"  itemprop=\"thumbnailUrl\" srcset=\"https:\/\/radiorevelacionfm.cl\/wp-content\/uploads\/2024\/08\/terreno-puyuhuapi-9-1_optimized.jpeg 800w, https:\/\/radiorevelacionfm.cl\/wp-content\/uploads\/2024\/08\/terreno-puyuhuapi-9-1_optimized-300x225.jpeg 300w, https:\/\/radiorevelacionfm.cl\/wp-content\/uploads\/2024\/08\/terreno-puyuhuapi-9-1_optimized-768x576.jpeg 768w, https:\/\/radiorevelacionfm.cl\/wp-content\/uploads\/2024\/08\/terreno-puyuhuapi-9-1_optimized-705x529.jpeg 705w, https:\/\/radiorevelacionfm.cl\/wp-content\/uploads\/2024\/08\/terreno-puyuhuapi-9-1_optimized-450x338.jpeg 450w, https:\/\/radiorevelacionfm.cl\/wp-content\/uploads\/2024\/08\/terreno-puyuhuapi-9-1_optimized-600x450.jpeg 600w\" sizes=\"(max-width: 800px) 100vw, 800px\" \/><\/div><\/div><\/div><\/div><div class=\"flex_column av_one_full  flex_column_div av-zero-column-padding first  avia-builder-el-2  el_after_av_one_full  el_before_av_one_full  column-top-margin\" style='border-radius:0px; '><section class=\"av_textblock_section \"  itemscope=\"itemscope\" itemtype=\"https:\/\/schema.org\/BlogPosting\" itemprop=\"blogPost\" ><div class='avia_textblock  '   itemprop=\"text\" ><p style=\"text-align: center;\"><span style=\"font-size: 18pt;\"><b><span lang=\"ES-MX\">Puyuhuapi contar\u00e1 con nueva Posta de Salud Rural: Autoridades y comunidad hacen entrega de terreno para su construcci\u00f3n<\/span><\/b><\/span><\/p>\n<div id=\"gtx-trans\" style=\"position: absolute; left: -50px; top: 4.31534px;\">\n<div class=\"gtx-trans-icon\"><\/div>\n<\/div>\n<\/div><\/section><\/div><div class=\"flex_column av_one_full  flex_column_div av-zero-column-padding first  avia-builder-el-4  el_after_av_one_full  el_before_av_hr  column-top-margin\" style='border-radius:0px; '><section class=\"av_textblock_section \"  itemscope=\"itemscope\" itemtype=\"https:\/\/schema.org\/BlogPosting\" itemprop=\"blogPost\" ><div class='avia_textblock  '   itemprop=\"text\" ><p style=\"font-weight: 400; text-align: justify;\">En una conmovedora ceremonia autoridades y comunidad hicieron entrega oficial del terreno donde se llevar\u00e1 a cabo la reposici\u00f3n de la Posta de Salud Rural. Este proyecto, largamente esperado, permitir\u00e1 a esta localidad de la zona norte de la regi\u00f3n, contar con un establecimiento asistencial moderno, con los est\u00e1ndares de calidad para brindar atenciones dignas y accesibles para las vecinas y vecinos.<\/p>\n<p style=\"font-weight: 400; text-align: justify;\">La ceremonia de entrega del terreno cont\u00f3 con la presencia de autoridades locales y regionales, funcionarias y funcionarios del servicio de salud y miembros de la comunidad, quienes destacaron la importancia de este hito para fortalecer la atenci\u00f3n primaria en \u00e1reas rurales.<\/p>\n<p style=\"font-weight: 400; text-align: justify;\">\u201cEs s\u00faper importante para nosotros contar con un lugar que cumpla con las caracter\u00edsticas que nos permita tener cierto grado de independencia y CESFAM tambi\u00e9n, en donde los profesionales que trabajan aqu\u00ed puedan prestarnos los servicios que nosotros necesitamos con la protecci\u00f3n, seguridad y sentirse bien acogido por ellos, as\u00ed que tenemos un mont\u00f3n de desaf\u00edos por delante y probablemente la posta nos va a quedar chica, pero aun as\u00ed agrademos mucho el contar con algo nuevo\u201d, dijo Marta Ram\u00edrez, presidenta del COSOC de la Posta de Puyuhuapi.<\/p>\n<p style=\"font-weight: 400; text-align: justify;\">La reposici\u00f3n de la nueva posta de salud rural, ser\u00e1 ejecutar\u00e1 en el mismo terreno en donde se encuentra ubicado el actual recinto m\u00e9dico de la localidad, infraestructura que tiene una superficie de 334.5m2 y que beneficiar\u00e1 a m\u00e1s de mil personas.<\/p>\n<p style=\"font-weight: 400; text-align: justify;\">\u201cAgradecer al Consejo Regional presidido por su Gobernadora, gracias a la voluntad pudimos contratar esta importante obra, tuvimos un incremento presupuestario, por eso los agradecimientos. Ahora empieza la ejecuci\u00f3n de esta posta y esperamos que a fines del a\u00f1o 2025 est\u00e9 entregada, despu\u00e9s viene el proceso de autorizaci\u00f3n sanitaria y en paralelo vamos adquiriendo todo el equipamiento e instrumentos necesario para dotar esta posta\u201d, expres\u00f3 Mauricio Cort\u00e9s Molina, subdirector administrativo del Servicio de Salud Ays\u00e9n.<\/p>\n<p style=\"font-weight: 400; text-align: justify;\">La obra tiene una inversi\u00f3n de $1.122.209.383, monto financiado por el Gobierno Regional de Ays\u00e9n. \u201cEsto viene a mejorar no solo la infraestructura sino tambi\u00e9n la calidad de atenci\u00f3n que se entrega, en el sentido que hay un programa m\u00e9dico arquitect\u00f3nico que define cierto box que antes no exist\u00edan, pero tambi\u00e9n el equipamiento (\u2026) y relevar tambi\u00e9n que adem\u00e1s de la construcci\u00f3n de la posta se encuentra consideradas dos viviendas para profesionales que vienen a trabajar desde fuera para dar el funcionamiento que corresponde durante las 24 horas y los siete d\u00edas a la semana\u201d, acot\u00f3 Andrea Mac\u00edas Palma, Gobernadora Regional de Ays\u00e9n.<\/p>\n<p style=\"font-weight: 400; text-align: justify;\">La posta contar\u00e1 con 02 Box multiprop\u00f3sito, 01 Box gineco \u2013 obst\u00e9trico, 01 Box procedimientos, 01 Box dental, sala de espera y educaci\u00f3n grupal, SOME y archivo, bodega de alimentos (PNAC), botiqu\u00edn de farmacia, esterilizaci\u00f3n, \u00e1rea de personal, 02 Vivienda Param\u00e9dico, recintos t\u00e9cnicos, tales como: aseo, gases, grupo electr\u00f3geno, REAS, bodegas, caldera a gas, estanque agua, le\u00f1era vivienda, etc.<\/p>\n<p style=\"font-weight: 400; text-align: justify;\">\u201cEstamos muy contentos no solo por el trabajo colaborativo, sino lo que significa, esta suma de voluntades lo que se traduce es que estamos cerca de la gente, estamos preocupados de apurar los procesos para que nuestra comunidad tenga un buen servicio de salud, y por lo mismo, creo que es un ejemplo que vamos a seguir y que estamos siguiendo con distintos servicios en la comuna\u201d, coment\u00f3 Francisco Roncagliolo, alcalde de la comuna de Cisnes.<\/p>\n<p style=\"font-weight: 400; text-align: justify;\">El terreno fue entregado a la constructora XINTA quienes tendr\u00e1n un a\u00f1o y tres meses para la ejecuci\u00f3n de las obras.<\/p>\n<\/div><\/section><\/div><div  style='height:50px' class='hr hr-invisible   avia-builder-el-6  el_after_av_one_full  el_before_av_social_share '><span class='hr-inner ' ><span class='hr-inner-style'><\/span><\/span><\/div><\/p>\n<div  class='av-social-sharing-box  avia-builder-el-7  el_after_av_hr  el_before_av_hr  '><div class='av-share-box'><h5 class='av-share-link-description av-no-toc '>Compartir esta noticia<\/h5><ul class='av-share-box-list noLightbox'><li class='av-share-link av-social-link-facebook' ><a target=\"_blank\" aria-label=\"Compartir en Facebook\" href='https:\/\/www.facebook.com\/sharer.php?u=https:\/\/radiorevelacionfm.cl\/?p=45575&#038;t=Puyuhuapi%20contar%C3%A1%20con%20nueva%20Posta%20de%20Salud%20Rural%3A%20Autoridades%20y%20comunidad%20hacen%20entrega%20de%20terreno%20para%20su%20construcci%C3%B3n' aria-hidden='false' data-av_icon='\ue8f3' data-av_iconfont='entypo-fontello' title='' data-avia-related-tooltip='Compartir en Facebook' rel=\"noopener\"><span class='avia_hidden_link_text'>Compartir en Facebook<\/span><\/a><\/li><li class='av-share-link av-social-link-twitter' ><a target=\"_blank\" aria-label=\"Compartir en Twitter\" href='https:\/\/twitter.com\/share?text=Puyuhuapi%20contar%C3%A1%20con%20nueva%20Posta%20de%20Salud%20Rural%3A%20Autoridades%20y%20comunidad%20hacen%20entrega%20de%20terreno%20para%20su%20construcci%C3%B3n&#038;url=https:\/\/radiorevelacionfm.cl\/?p=45575' aria-hidden='false' data-av_icon='\ue8f1' data-av_iconfont='entypo-fontello' title='' data-avia-related-tooltip='Compartir en Twitter' rel=\"noopener\"><span class='avia_hidden_link_text'>Compartir en Twitter<\/span><\/a><\/li><li class='av-share-link av-social-link-whatsapp' ><a target=\"_blank\" aria-label=\"Compartir en Whatsapp\" href='https:\/\/api.whatsapp.com\/send?text=https:\/\/radiorevelacionfm.cl\/?p=45575' aria-hidden='false' data-av_icon='\uf232' data-av_iconfont='entypo-fontello' title='' data-avia-related-tooltip='Compartir en Whatsapp' rel=\"noopener\"><span class='avia_hidden_link_text'>Compartir en Whatsapp<\/span><\/a><\/li><li class='av-share-link av-social-link-linkedin' ><a target=\"_blank\" aria-label=\"Compartir en LinkedIn\" href='https:\/\/linkedin.com\/shareArticle?mini=true&#038;title=Puyuhuapi%20contar%C3%A1%20con%20nueva%20Posta%20de%20Salud%20Rural%3A%20Autoridades%20y%20comunidad%20hacen%20entrega%20de%20terreno%20para%20su%20construcci%C3%B3n&#038;url=https:\/\/radiorevelacionfm.cl\/?p=45575' aria-hidden='false' data-av_icon='\ue8fc' data-av_iconfont='entypo-fontello' title='' data-avia-related-tooltip='Compartir en LinkedIn' rel=\"noopener\"><span class='avia_hidden_link_text'>Compartir en LinkedIn<\/span><\/a><\/li><li class='av-share-link av-social-link-mail' ><a  aria-label=\"Compartir por correo\" href='mailto:?subject=Puyuhuapi%20contar%C3%A1%20con%20nueva%20Posta%20de%20Salud%20Rural%3A%20Autoridades%20y%20comunidad%20hacen%20entrega%20de%20terreno%20para%20su%20construcci%C3%B3n&#038;body=https:\/\/radiorevelacionfm.cl\/?p=45575' aria-hidden='false' data-av_icon='\ue805' data-av_iconfont='entypo-fontello' title='' data-avia-related-tooltip='Compartir por correo'><span class='avia_hidden_link_text'>Compartir por correo<\/span><\/a><\/li><\/ul><\/div><\/div>\n<div  style='height:50px' class='hr hr-invisible   avia-builder-el-8  el_after_av_social_share  el_before_av_comments_list '><span class='hr-inner ' ><span class='hr-inner-style'><\/span><\/span><\/div>\n<div  class='av-buildercomment  av-blog-meta-html-info-disabled av-blog-meta-tag-disabled  '><\/div>\n","protected":false},"excerpt":{"rendered":"","protected":false},"author":1,"featured_media":45576,"comment_status":"open","ping_status":"open","sticky":false,"template":"","format":"standard","meta":{"footnotes":""},"categories":[46],"tags":[],"class_list":["post-45575","post","type-post","status-publish","format-standard","has-post-thumbnail","hentry","category-salud"],"jetpack_featured_media_url":"https:\/\/radiorevelacionfm.cl\/wp-content\/uploads\/2024\/08\/terreno-puyuhuapi-9-1_optimized.jpeg","_links":{"self":[{"href":"https:\/\/radiorevelacionfm.cl\/index.php?rest_route=\/wp\/v2\/posts\/45575","targetHints":{"allow":["GET"]}}],"collection":[{"href":"https:\/\/radiorevelacionfm.cl\/index.php?rest_route=\/wp\/v2\/posts"}],"about":[{"href":"https:\/\/radiorevelacionfm.cl\/index.php?rest_route=\/wp\/v2\/types\/post"}],"author":[{"embeddable":true,"href":"https:\/\/radiorevelacionfm.cl\/index.php?rest_route=\/wp\/v2\/users\/1"}],"replies":[{"embeddable":true,"href":"https:\/\/radiorevelacionfm.cl\/index.php?rest_route=%2Fwp%2Fv2%2Fcomments&post=45575"}],"version-history":[{"count":1,"href":"https:\/\/radiorevelacionfm.cl\/index.php?rest_route=\/wp\/v2\/posts\/45575\/revisions"}],"predecessor-version":[{"id":45577,"href":"https:\/\/radiorevelacionfm.cl\/index.php?rest_route=\/wp\/v2\/posts\/45575\/revisions\/45577"}],"wp:featuredmedia":[{"embeddable":true,"href":"https:\/\/radiorevelacionfm.cl\/index.php?rest_route=\/wp\/v2\/media\/45576"}],"wp:attachment":[{"href":"https:\/\/radiorevelacionfm.cl\/index.php?rest_route=%2Fwp%2Fv2%2Fmedia&parent=45575"}],"wp:term":[{"taxonomy":"category","embeddable":true,"href":"https:\/\/radiorevelacionfm.cl\/index.php?rest_route=%2Fwp%2Fv2%2Fcategories&post=45575"},{"taxonomy":"post_tag","embeddable":true,"href":"https:\/\/radiorevelacionfm.cl\/index.php?rest_route=%2Fwp%2Fv2%2Ftags&post=45575"}],"curies":[{"name":"wp","href":"https:\/\/api.w.org\/{rel}","templated":true}]}}