{"id":45572,"date":"2024-08-28T19:01:10","date_gmt":"2024-08-28T22:01:10","guid":{"rendered":"https:\/\/radiorevelacionfm.cl\/?p=45572"},"modified":"2024-08-28T19:01:10","modified_gmt":"2024-08-28T22:01:10","slug":"invitan-a-postular-al-fondo-de-proteccion-ambiental-en-la-region-de-aysen","status":"publish","type":"post","link":"https:\/\/radiorevelacionfm.cl\/?p=45572","title":{"rendered":"Invitan a postular al Fondo de Protecci\u00f3n Ambiental en la regi\u00f3n de Ays\u00e9n"},"content":{"rendered":"<div class=\"flex_column av_one_full  flex_column_div av-zero-column-padding first  avia-builder-el-0  el_before_av_one_full  avia-builder-el-first  \" style='border-radius:0px; '><div  class='avia-image-container  av-styling-    avia-builder-el-1  avia-builder-el-no-sibling  avia-align-center '  itemprop=\"image\" itemscope=\"itemscope\" itemtype=\"https:\/\/schema.org\/ImageObject\"  ><div class='avia-image-container-inner'><div class='avia-image-overlay-wrap'><img decoding=\"async\" class='wp-image-45573 avia-img-lazy-loading-not-45573 avia_image' src=\"https:\/\/radiorevelacionfm.cl\/wp-content\/uploads\/2024\/08\/a-2-1_optimized.jpg\" alt='' title='a-(2)-(1)_optimized' height=\"673\" width=\"801\"  itemprop=\"thumbnailUrl\" srcset=\"https:\/\/radiorevelacionfm.cl\/wp-content\/uploads\/2024\/08\/a-2-1_optimized.jpg 801w, https:\/\/radiorevelacionfm.cl\/wp-content\/uploads\/2024\/08\/a-2-1_optimized-300x252.jpg 300w, https:\/\/radiorevelacionfm.cl\/wp-content\/uploads\/2024\/08\/a-2-1_optimized-768x645.jpg 768w, https:\/\/radiorevelacionfm.cl\/wp-content\/uploads\/2024\/08\/a-2-1_optimized-705x592.jpg 705w, https:\/\/radiorevelacionfm.cl\/wp-content\/uploads\/2024\/08\/a-2-1_optimized-450x378.jpg 450w, https:\/\/radiorevelacionfm.cl\/wp-content\/uploads\/2024\/08\/a-2-1_optimized-600x504.jpg 600w\" sizes=\"(max-width: 801px) 100vw, 801px\" \/><\/div><\/div><\/div><\/div>\n<div class=\"flex_column av_one_full  flex_column_div av-zero-column-padding first  avia-builder-el-2  el_after_av_one_full  el_before_av_one_full  column-top-margin\" style='border-radius:0px; '><section class=\"av_textblock_section \"  itemscope=\"itemscope\" itemtype=\"https:\/\/schema.org\/BlogPosting\" itemprop=\"blogPost\" ><div class='avia_textblock  '   itemprop=\"text\" ><p style=\"text-align: center;\"><strong><span style=\"font-size: 18pt;\">Invitan a postular al Fondo de Protecci\u00f3n Ambiental en la regi\u00f3n de Ays\u00e9n<\/span><\/strong><\/p>\n<div id=\"gtx-trans\" style=\"position: absolute; left: -50px; top: 4.31534px;\">\n<div class=\"gtx-trans-icon\"><\/div>\n<\/div>\n<\/div><\/section><\/div><div class=\"flex_column av_one_full  flex_column_div av-zero-column-padding first  avia-builder-el-4  el_after_av_one_full  el_before_av_hr  column-top-margin\" style='border-radius:0px; '><section class=\"av_textblock_section \"  itemscope=\"itemscope\" itemtype=\"https:\/\/schema.org\/BlogPosting\" itemprop=\"blogPost\" ><div class='avia_textblock  '   itemprop=\"text\" ><p style=\"text-align: justify;\"><em>Organizaciones ciudadanas podr\u00e1n presentar sus proyectos para mejorar o preservar el medio ambiente hasta el 2 de octubre de este a\u00f1o.<\/em><\/p>\n<p style=\"text-align: justify;\">El sal\u00f3n auditorio de la C\u00e1mara Chilena de la Construcci\u00f3n de Coyhaique fue el escenario que convoc\u00f3 a diversos representantes de organizaciones sociales de derecho privado y sin fines de lucro, para realizar el lanzamiento regional del Fondo de Protecci\u00f3n Ambiental FPA 2025.<\/p>\n<p style=\"text-align: justify;\">El Fondo de Protecci\u00f3n Ambiental (FPA) es el primer fondo concursable de car\u00e1cter nacional con el que cuenta el Estado de Chile para apoyar iniciativas ambientales presentadas por la ciudadan\u00eda. Desde el a\u00f1o 1998 a la fecha, el fondo del Ministerio del Medio Ambiente ha financiado cerca de 3.800 proyectos a nivel nacional, por un monto que supera los 21 mil millones de pesos.<\/p>\n<p style=\"text-align: justify;\">En la ceremonia, el Seremi del Medio Ambiente, Yoal D\u00edaz, expuso los detalles del fondo \u201cLa clave y el \u00e9xito que ha tenido este Fondo a lo largo de los a\u00f1os radica en que es un instrumento de gesti\u00f3n territorial, que nos permite poner los recursos para levantar iniciativas propuestas por la ciudadan\u00eda desde sus localidades, y cuyas soluciones ambientales cuentan adem\u00e1s con una componente de educaci\u00f3n ambiental, entonces tenemos el desarrollo de iniciativas con mirada regional, que adem\u00e1s generan un eco y replica en las comunidades donde se desarrolla\u201d, destac\u00f3 el Seremi del Medio Ambiente, Yoal D\u00edaz\u00a0 invitando a la ciudadan\u00eda organizada a participar \u201cdesde las organizaciones sociales, desde los establecimientos educacionales y desde los pueblos ind\u00edgenas para concretar todas las ideas que tenemos para un Ays\u00e9n m\u00e1s sustentable\u201d, agreg\u00f3.<\/p>\n<p style=\"text-align: justify;\">Tambi\u00e9n la Directora del Jard\u00edn infantil Futuro Austral de Coyhaique, B\u00e1rbara Ag\u00fcero, present\u00f3 desde su experiencia lo que el FPA ha significado para robustecer la gesti\u00f3n ambiental de su establecimiento educacional, \u201ctenemos actualmente un invernadero que ha sido un aporte tremendo para nuestras familias, para nuestros p\u00e1rvulos. Hemos aprendido de este proceso. Tenemos un punto limpio, un \u00fanico punto limpio que hay en el sector alto de la ciudad y que nos ha ense\u00f1ado y nos ha educado, como comunidad, y estamos con todas las ganas de seguir participando e invitamos a otros establecimientos educacionales a vivir esta experiencia\u201d.<\/p>\n<p style=\"text-align: justify;\">La convocatoria 2025 busca atraer y apoyar la concreci\u00f3n de proyectos e iniciativas desarrolladas por la ciudadan\u00eda para mejorar las condiciones del entorno natural. Para esto el FPA cuenta con tres concursos disponibles: Iniciativas Sustentables de Pueblos Ind\u00edgenas, Concurso dirigido exclusivamente a comunidades y asociaciones ind\u00edgenas, reconocidas por CONADI; Iniciativas Sustentables Ciudadanas, donde pueden participar personas jur\u00eddicas, de derecho privado, sin fines de lucro como juntas de vecinos, consejos vecinales de desarrollo, centros de padres y madres, centros culturales y art\u00edsticos, organizaciones deportivas, organizaciones juveniles, comunidades agr\u00edcolas y asociaciones gremiales; y finalmente Iniciativas Sustentables de Establecimientos Educacionales, donde pueden participar solamente centros de padres, madres y de apoderados\/as.<\/p>\n<p style=\"text-align: justify;\">Al respecto la Seremi de Desarrollo Social y Familia, Karina Acevedo, valor\u00f3 una de las l\u00edneas de postulaci\u00f3n que es Proyectos sustentables para Pueblos Ind\u00edgenas, indicando que \u201cEstuvimos presentes en el lanzamiento de los Fondos de Protecci\u00f3n Ambiental con Conadi, y participaron muchas Comunidades y Asociaciones en esta oportunidad. Hay una l\u00ednea particular que es para los pueblos originarios y estuvimos en la charla para contarles c\u00f3mo se puede postular, los tiempos. Hemos tenido muy buenas experiencias en a\u00f1os anteriores y en esta oportunidad queremos nuevamente reforzar la iniciativa. Acordamos junto al equipo de la Seremi de Medio Ambiente hacer una capacitaci\u00f3n espec\u00edfica y puntual para que puedan postular este importante Fondo. Es una forma que nos permite no solamente valorar lo que nuestros pueblos ind\u00edgenas, sienten y protegen, sino tambi\u00e9n para conocer y para poder transmitir todo su conocimiento ancestral del de cuidado y protecci\u00f3n de la tierra\u201d.<\/p>\n<p style=\"text-align: justify;\">Respecto de las tem\u00e1ticas, aquellos y aquellas interesadas pueden presentar proyectos relacionados con la conservaci\u00f3n y recuperaci\u00f3n de biodiversidad, construcci\u00f3n de invernaderos, instalaci\u00f3n de puntos verdes, iniciativas de eficiencia energ\u00e9tica, cambio clim\u00e1tico y descontaminaci\u00f3n ambiental, entre otros \u00e1mbitos, los cuales podr\u00e1n adjudicarse un financiamiento de $ 6 millones (por cada proyecto), y todos los proyectos deben considerar aspectos de educaci\u00f3n ambiental como un pilar transversal, con el objeto que sea la misma organizaci\u00f3n beneficiaria la que contribuya a la generaci\u00f3n de una cultura ambiental en el entorno en que se encuentra inserta.<\/p>\n<p style=\"text-align: justify;\">Respecto a las postulaciones, estar\u00e1n abiertas hasta el 02 de octubre del presente a\u00f1o y se puede\u00a0 postular en <a href=\"http:\/\/www.fondos.mma.gob.cl\">www.fondos.mma.gob.cl<\/a>\u00a0 sitio donde, adem\u00e1s, podr\u00e1n informarse sobre las bases del concurso.<\/p>\n<p style=\"text-align: justify;\">La actividad concluy\u00f3 con un taller de formulaci\u00f3n de proyectos FPA para las y los presentes, de igual modo la autoridad ambiental recalc\u00f3 que para apoyar el proceso se han dispuesto adem\u00e1s instancias de capacitaci\u00f3n a la postulaci\u00f3n que ser\u00e1n abordadas por concurso y cuyo calendario y links de inscripci\u00f3n est\u00e1n disponibles en las redes sociales de la Seremi del Medio Ambiente.<\/p>\n<\/div><\/section><\/div><\/p>\n<div  style='height:50px' class='hr hr-invisible   avia-builder-el-6  el_after_av_one_full  el_before_av_social_share '><span class='hr-inner ' ><span class='hr-inner-style'><\/span><\/span><\/div>\n<div  class='av-social-sharing-box  avia-builder-el-7  el_after_av_hr  el_before_av_hr  '><div class='av-share-box'><h5 class='av-share-link-description av-no-toc '>Compartir esta noticia<\/h5><ul class='av-share-box-list noLightbox'><li class='av-share-link av-social-link-facebook' ><a target=\"_blank\" aria-label=\"Compartir en Facebook\" href='https:\/\/www.facebook.com\/sharer.php?u=https:\/\/radiorevelacionfm.cl\/?p=45572&#038;t=Invitan%20a%20postular%20al%20Fondo%20de%20Protecci%C3%B3n%20Ambiental%20en%20la%20regi%C3%B3n%20de%20Ays%C3%A9n' aria-hidden='false' data-av_icon='\ue8f3' data-av_iconfont='entypo-fontello' title='' data-avia-related-tooltip='Compartir en Facebook' rel=\"noopener\"><span class='avia_hidden_link_text'>Compartir en Facebook<\/span><\/a><\/li><li class='av-share-link av-social-link-twitter' ><a target=\"_blank\" aria-label=\"Compartir en Twitter\" href='https:\/\/twitter.com\/share?text=Invitan%20a%20postular%20al%20Fondo%20de%20Protecci%C3%B3n%20Ambiental%20en%20la%20regi%C3%B3n%20de%20Ays%C3%A9n&#038;url=https:\/\/radiorevelacionfm.cl\/?p=45572' aria-hidden='false' data-av_icon='\ue8f1' data-av_iconfont='entypo-fontello' title='' data-avia-related-tooltip='Compartir en Twitter' rel=\"noopener\"><span class='avia_hidden_link_text'>Compartir en Twitter<\/span><\/a><\/li><li class='av-share-link av-social-link-whatsapp' ><a target=\"_blank\" aria-label=\"Compartir en Whatsapp\" href='https:\/\/api.whatsapp.com\/send?text=https:\/\/radiorevelacionfm.cl\/?p=45572' aria-hidden='false' data-av_icon='\uf232' data-av_iconfont='entypo-fontello' title='' data-avia-related-tooltip='Compartir en Whatsapp' rel=\"noopener\"><span class='avia_hidden_link_text'>Compartir en Whatsapp<\/span><\/a><\/li><li class='av-share-link av-social-link-linkedin' ><a target=\"_blank\" aria-label=\"Compartir en LinkedIn\" href='https:\/\/linkedin.com\/shareArticle?mini=true&#038;title=Invitan%20a%20postular%20al%20Fondo%20de%20Protecci%C3%B3n%20Ambiental%20en%20la%20regi%C3%B3n%20de%20Ays%C3%A9n&#038;url=https:\/\/radiorevelacionfm.cl\/?p=45572' aria-hidden='false' data-av_icon='\ue8fc' data-av_iconfont='entypo-fontello' title='' data-avia-related-tooltip='Compartir en LinkedIn' rel=\"noopener\"><span class='avia_hidden_link_text'>Compartir en LinkedIn<\/span><\/a><\/li><li class='av-share-link av-social-link-mail' ><a  aria-label=\"Compartir por correo\" href='mailto:?subject=Invitan%20a%20postular%20al%20Fondo%20de%20Protecci%C3%B3n%20Ambiental%20en%20la%20regi%C3%B3n%20de%20Ays%C3%A9n&#038;body=https:\/\/radiorevelacionfm.cl\/?p=45572' aria-hidden='false' data-av_icon='\ue805' data-av_iconfont='entypo-fontello' title='' data-avia-related-tooltip='Compartir por correo'><span class='avia_hidden_link_text'>Compartir por correo<\/span><\/a><\/li><\/ul><\/div><\/div>\n<div  style='height:50px' class='hr hr-invisible   avia-builder-el-8  el_after_av_social_share  el_before_av_comments_list '><span class='hr-inner ' ><span class='hr-inner-style'><\/span><\/span><\/div>\n<div  class='av-buildercomment  av-blog-meta-html-info-disabled av-blog-meta-tag-disabled  '><\/div>\n","protected":false},"excerpt":{"rendered":"","protected":false},"author":1,"featured_media":45573,"comment_status":"open","ping_status":"open","sticky":false,"template":"","format":"standard","meta":{"footnotes":""},"categories":[39],"tags":[],"class_list":["post-45572","post","type-post","status-publish","format-standard","has-post-thumbnail","hentry","category-medio-ambiente"],"jetpack_featured_media_url":"https:\/\/radiorevelacionfm.cl\/wp-content\/uploads\/2024\/08\/a-2-1_optimized.jpg","_links":{"self":[{"href":"https:\/\/radiorevelacionfm.cl\/index.php?rest_route=\/wp\/v2\/posts\/45572","targetHints":{"allow":["GET"]}}],"collection":[{"href":"https:\/\/radiorevelacionfm.cl\/index.php?rest_route=\/wp\/v2\/posts"}],"about":[{"href":"https:\/\/radiorevelacionfm.cl\/index.php?rest_route=\/wp\/v2\/types\/post"}],"author":[{"embeddable":true,"href":"https:\/\/radiorevelacionfm.cl\/index.php?rest_route=\/wp\/v2\/users\/1"}],"replies":[{"embeddable":true,"href":"https:\/\/radiorevelacionfm.cl\/index.php?rest_route=%2Fwp%2Fv2%2Fcomments&post=45572"}],"version-history":[{"count":2,"href":"https:\/\/radiorevelacionfm.cl\/index.php?rest_route=\/wp\/v2\/posts\/45572\/revisions"}],"predecessor-version":[{"id":45584,"href":"https:\/\/radiorevelacionfm.cl\/index.php?rest_route=\/wp\/v2\/posts\/45572\/revisions\/45584"}],"wp:featuredmedia":[{"embeddable":true,"href":"https:\/\/radiorevelacionfm.cl\/index.php?rest_route=\/wp\/v2\/media\/45573"}],"wp:attachment":[{"href":"https:\/\/radiorevelacionfm.cl\/index.php?rest_route=%2Fwp%2Fv2%2Fmedia&parent=45572"}],"wp:term":[{"taxonomy":"category","embeddable":true,"href":"https:\/\/radiorevelacionfm.cl\/index.php?rest_route=%2Fwp%2Fv2%2Fcategories&post=45572"},{"taxonomy":"post_tag","embeddable":true,"href":"https:\/\/radiorevelacionfm.cl\/index.php?rest_route=%2Fwp%2Fv2%2Ftags&post=45572"}],"curies":[{"name":"wp","href":"https:\/\/api.w.org\/{rel}","templated":true}]}}