{"id":45569,"date":"2024-08-28T16:14:16","date_gmt":"2024-08-28T19:14:16","guid":{"rendered":"https:\/\/radiorevelacionfm.cl\/?p=45569"},"modified":"2024-08-28T16:14:16","modified_gmt":"2024-08-28T19:14:16","slug":"anuncian-para-septiembre-la-llegada-de-nuevos-carros-unimog-para-bomberos-de-la-region-de-aysen","status":"publish","type":"post","link":"https:\/\/radiorevelacionfm.cl\/?p=45569","title":{"rendered":"Anuncian para septiembre la llegada de nuevos carros Unimog para Bomberos de la Regi\u00f3n de Ays\u00e9n"},"content":{"rendered":"<div class=\"flex_column av_one_full  flex_column_div av-zero-column-padding first  avia-builder-el-0  el_before_av_one_full  avia-builder-el-first  \" style='border-radius:0px; '><div  class='avia-image-container  av-styling-    avia-builder-el-1  avia-builder-el-no-sibling  avia-align-center '  itemprop=\"image\" itemscope=\"itemscope\" itemtype=\"https:\/\/schema.org\/ImageObject\"  ><div class='avia-image-container-inner'><div class='avia-image-overlay-wrap'><img decoding=\"async\" class='wp-image-45570 avia-img-lazy-loading-not-45570 avia_image' src=\"https:\/\/radiorevelacionfm.cl\/wp-content\/uploads\/2024\/08\/whatsapp-image-2024-08-28-at-1_optimized.12.53-pm-1-1.jpeg\" alt='' title='whatsapp-image-2024-08-28-at-1_optimized.12.53-pm-(1)-(1)' height=\"600\" width=\"1067\"  itemprop=\"thumbnailUrl\" srcset=\"https:\/\/radiorevelacionfm.cl\/wp-content\/uploads\/2024\/08\/whatsapp-image-2024-08-28-at-1_optimized.12.53-pm-1-1.jpeg 1067w, https:\/\/radiorevelacionfm.cl\/wp-content\/uploads\/2024\/08\/whatsapp-image-2024-08-28-at-1_optimized.12.53-pm-1-1-300x169.jpeg 300w, https:\/\/radiorevelacionfm.cl\/wp-content\/uploads\/2024\/08\/whatsapp-image-2024-08-28-at-1_optimized.12.53-pm-1-1-1030x579.jpeg 1030w, https:\/\/radiorevelacionfm.cl\/wp-content\/uploads\/2024\/08\/whatsapp-image-2024-08-28-at-1_optimized.12.53-pm-1-1-768x432.jpeg 768w, https:\/\/radiorevelacionfm.cl\/wp-content\/uploads\/2024\/08\/whatsapp-image-2024-08-28-at-1_optimized.12.53-pm-1-1-705x396.jpeg 705w, https:\/\/radiorevelacionfm.cl\/wp-content\/uploads\/2024\/08\/whatsapp-image-2024-08-28-at-1_optimized.12.53-pm-1-1-450x253.jpeg 450w, https:\/\/radiorevelacionfm.cl\/wp-content\/uploads\/2024\/08\/whatsapp-image-2024-08-28-at-1_optimized.12.53-pm-1-1-600x337.jpeg 600w\" sizes=\"(max-width: 1067px) 100vw, 1067px\" \/><\/div><\/div><\/div><\/div><div class=\"flex_column av_one_full  flex_column_div av-zero-column-padding first  avia-builder-el-2  el_after_av_one_full  el_before_av_one_full  column-top-margin\" style='border-radius:0px; '><section class=\"av_textblock_section \"  itemscope=\"itemscope\" itemtype=\"https:\/\/schema.org\/BlogPosting\" itemprop=\"blogPost\" ><div class='avia_textblock  '   itemprop=\"text\" ><p style=\"text-align: center;\"><strong><span style=\"font-size: 18pt;\">Anuncian para septiembre la llegada de nuevos carros Unimog para Bomberos de la Regi\u00f3n de Ays\u00e9n <\/span><\/strong><\/p>\n<div id=\"gtx-trans\" style=\"position: absolute; left: -50px; top: 4.31534px;\">\n<div class=\"gtx-trans-icon\"><\/div>\n<\/div>\n<\/div><\/section><\/div><div class=\"flex_column av_one_full  flex_column_div av-zero-column-padding first  avia-builder-el-4  el_after_av_one_full  el_before_av_hr  column-top-margin\" style='border-radius:0px; '><section class=\"av_textblock_section \"  itemscope=\"itemscope\" itemtype=\"https:\/\/schema.org\/BlogPosting\" itemprop=\"blogPost\" ><div class='avia_textblock  '   itemprop=\"text\" ><p dir=\"ltr\" style=\"text-align: justify;\">El Presidente Nacional del Cuerpo de Bomberos, Juan Carlos Field, realiz\u00f3 una serie de actividades en la Regi\u00f3n de Ays\u00e9n, durante las cuales anunci\u00f3 que los camiones Unimog, parte del proyecto de adquisici\u00f3n y reposici\u00f3n de equipamiento mayor y menor para Bomberos de Ays\u00e9n financiado por el Gobierno Regional, arribar\u00e1n a la regi\u00f3n en el mes de septiembre.<\/p>\n<p dir=\"ltr\" style=\"text-align: justify;\">\u00abEstos son carros bomba 4&#215;4 capaces de acceder a cualquier terreno, caracter\u00edsticas que los hacen indispensables para la labor de Bomberos. Son los mismos veh\u00edculos que utilizan ej\u00e9rcitos de todo el mundo, dada su versatilidad y robustez,\u00bb destac\u00f3 Field.<\/p>\n<p dir=\"ltr\" style=\"text-align: justify;\">Tras reunirse con el Administrador Regional del GORE Ays\u00e9n, Erik Adio, Field agreg\u00f3: \u00abBomberos ha comprometido la entrega de estos veh\u00edculos para la primera quincena de septiembre. Esta regi\u00f3n ha experimentado un notable incremento en la cooperaci\u00f3n del gobierno regional en los \u00faltimos tres a\u00f1os, pasando de estar en la \u00faltima posici\u00f3n en cuanto a recursos, al primer lugar en la actualidad.\u00bb<\/p>\n<p dir=\"ltr\" style=\"text-align: justify;\">Los nuevos veh\u00edculos ser\u00e1n destinados a los cuarteles de Villa O&#8217;Higgins, Puerto Bertrand, Coyhaique y Cochrane, sum\u00e1ndose a otros equipos que ya han sido entregados a los distintos cuerpos de bomberos de la regi\u00f3n.<\/p>\n<p dir=\"ltr\" style=\"text-align: justify;\">Por su parte, el Presidente Regional de Bomberos, Boris Romero, destac\u00f3 el avance que ha tenido la instituci\u00f3n: \u00abHemos alcanzado un est\u00e1ndar de uniformes, cuarteles y materiales mayores que supera ampliamente lo que ten\u00edamos. Ahora, el desaf\u00edo es dotar de infraestructura a todas las localidades para proteger estos veh\u00edculos, cuya vida \u00fatil proyectamos en 20 a\u00f1os.\u00bb<\/p>\n<p dir=\"ltr\" style=\"text-align: justify;\">Finalmente, el Administrador Regional del GORE Ays\u00e9n, Erik Adio, se\u00f1al\u00f3: \u00abEl mandato de nuestra gobernadora siempre ha sido colaborar de manera efectiva. Este a\u00f1o hemos enfrentado situaciones complejas, como el incendio en la Primera Compa\u00f1\u00eda de Coyhaique. Hemos avanzado significativamente en la b\u00fasqueda de una soluci\u00f3n m\u00f3vil y esperamos poder iniciar pronto la licitaci\u00f3n para la reconstrucci\u00f3n de la Primera Compa\u00f1\u00eda de Bomberos, lo que nos permitir\u00e1 ofrecer una soluci\u00f3n definitiva.\u00bb<\/p>\n<p dir=\"ltr\" style=\"text-align: justify;\">Durante su visita a la Regi\u00f3n de Ays\u00e9n, el Presidente Nacional de Bomberos tambi\u00e9n firm\u00f3 un acuerdo de colaboraci\u00f3n con el Instituto Nacional de la Juventud, un convenio in\u00e9dito a nivel nacional que refleja el trato especial que recibe la instituci\u00f3n en la regi\u00f3n.<\/p>\n<\/div><\/section><\/div><div  style='height:50px' class='hr hr-invisible   avia-builder-el-6  el_after_av_one_full  el_before_av_social_share '><span class='hr-inner ' ><span class='hr-inner-style'><\/span><\/span><\/div><\/p>\n<div  class='av-social-sharing-box  avia-builder-el-7  el_after_av_hr  el_before_av_hr  '><div class='av-share-box'><h5 class='av-share-link-description av-no-toc '>Compartir esta noticia<\/h5><ul class='av-share-box-list noLightbox'><li class='av-share-link av-social-link-facebook' ><a target=\"_blank\" aria-label=\"Compartir en Facebook\" href='https:\/\/www.facebook.com\/sharer.php?u=https:\/\/radiorevelacionfm.cl\/?p=45569&#038;t=Anuncian%20para%20septiembre%20la%20llegada%20de%20nuevos%20carros%20Unimog%20para%20Bomberos%20de%20la%20Regi%C3%B3n%20de%20Ays%C3%A9n' aria-hidden='false' data-av_icon='\ue8f3' data-av_iconfont='entypo-fontello' title='' data-avia-related-tooltip='Compartir en Facebook' rel=\"noopener\"><span class='avia_hidden_link_text'>Compartir en Facebook<\/span><\/a><\/li><li class='av-share-link av-social-link-twitter' ><a target=\"_blank\" aria-label=\"Compartir en Twitter\" href='https:\/\/twitter.com\/share?text=Anuncian%20para%20septiembre%20la%20llegada%20de%20nuevos%20carros%20Unimog%20para%20Bomberos%20de%20la%20Regi%C3%B3n%20de%20Ays%C3%A9n&#038;url=https:\/\/radiorevelacionfm.cl\/?p=45569' aria-hidden='false' data-av_icon='\ue8f1' data-av_iconfont='entypo-fontello' title='' data-avia-related-tooltip='Compartir en Twitter' rel=\"noopener\"><span class='avia_hidden_link_text'>Compartir en Twitter<\/span><\/a><\/li><li class='av-share-link av-social-link-whatsapp' ><a target=\"_blank\" aria-label=\"Compartir en Whatsapp\" href='https:\/\/api.whatsapp.com\/send?text=https:\/\/radiorevelacionfm.cl\/?p=45569' aria-hidden='false' data-av_icon='\uf232' data-av_iconfont='entypo-fontello' title='' data-avia-related-tooltip='Compartir en Whatsapp' rel=\"noopener\"><span class='avia_hidden_link_text'>Compartir en Whatsapp<\/span><\/a><\/li><li class='av-share-link av-social-link-linkedin' ><a target=\"_blank\" aria-label=\"Compartir en LinkedIn\" href='https:\/\/linkedin.com\/shareArticle?mini=true&#038;title=Anuncian%20para%20septiembre%20la%20llegada%20de%20nuevos%20carros%20Unimog%20para%20Bomberos%20de%20la%20Regi%C3%B3n%20de%20Ays%C3%A9n&#038;url=https:\/\/radiorevelacionfm.cl\/?p=45569' aria-hidden='false' data-av_icon='\ue8fc' data-av_iconfont='entypo-fontello' title='' data-avia-related-tooltip='Compartir en LinkedIn' rel=\"noopener\"><span class='avia_hidden_link_text'>Compartir en LinkedIn<\/span><\/a><\/li><li class='av-share-link av-social-link-mail' ><a  aria-label=\"Compartir por correo\" href='mailto:?subject=Anuncian%20para%20septiembre%20la%20llegada%20de%20nuevos%20carros%20Unimog%20para%20Bomberos%20de%20la%20Regi%C3%B3n%20de%20Ays%C3%A9n&#038;body=https:\/\/radiorevelacionfm.cl\/?p=45569' aria-hidden='false' data-av_icon='\ue805' data-av_iconfont='entypo-fontello' title='' data-avia-related-tooltip='Compartir por correo'><span class='avia_hidden_link_text'>Compartir por correo<\/span><\/a><\/li><\/ul><\/div><\/div>\n<div  style='height:50px' class='hr hr-invisible   avia-builder-el-8  el_after_av_social_share  el_before_av_comments_list '><span class='hr-inner ' ><span class='hr-inner-style'><\/span><\/span><\/div>\n<div  class='av-buildercomment  av-blog-meta-html-info-disabled av-blog-meta-tag-disabled  '><\/div>\n","protected":false},"excerpt":{"rendered":"","protected":false},"author":1,"featured_media":45570,"comment_status":"open","ping_status":"open","sticky":false,"template":"","format":"standard","meta":{"footnotes":""},"categories":[38],"tags":[],"class_list":["post-45569","post","type-post","status-publish","format-standard","has-post-thumbnail","hentry","category-regional"],"jetpack_featured_media_url":"https:\/\/radiorevelacionfm.cl\/wp-content\/uploads\/2024\/08\/whatsapp-image-2024-08-28-at-1_optimized.12.53-pm-1-1.jpeg","_links":{"self":[{"href":"https:\/\/radiorevelacionfm.cl\/index.php?rest_route=\/wp\/v2\/posts\/45569","targetHints":{"allow":["GET"]}}],"collection":[{"href":"https:\/\/radiorevelacionfm.cl\/index.php?rest_route=\/wp\/v2\/posts"}],"about":[{"href":"https:\/\/radiorevelacionfm.cl\/index.php?rest_route=\/wp\/v2\/types\/post"}],"author":[{"embeddable":true,"href":"https:\/\/radiorevelacionfm.cl\/index.php?rest_route=\/wp\/v2\/users\/1"}],"replies":[{"embeddable":true,"href":"https:\/\/radiorevelacionfm.cl\/index.php?rest_route=%2Fwp%2Fv2%2Fcomments&post=45569"}],"version-history":[{"count":1,"href":"https:\/\/radiorevelacionfm.cl\/index.php?rest_route=\/wp\/v2\/posts\/45569\/revisions"}],"predecessor-version":[{"id":45571,"href":"https:\/\/radiorevelacionfm.cl\/index.php?rest_route=\/wp\/v2\/posts\/45569\/revisions\/45571"}],"wp:featuredmedia":[{"embeddable":true,"href":"https:\/\/radiorevelacionfm.cl\/index.php?rest_route=\/wp\/v2\/media\/45570"}],"wp:attachment":[{"href":"https:\/\/radiorevelacionfm.cl\/index.php?rest_route=%2Fwp%2Fv2%2Fmedia&parent=45569"}],"wp:term":[{"taxonomy":"category","embeddable":true,"href":"https:\/\/radiorevelacionfm.cl\/index.php?rest_route=%2Fwp%2Fv2%2Fcategories&post=45569"},{"taxonomy":"post_tag","embeddable":true,"href":"https:\/\/radiorevelacionfm.cl\/index.php?rest_route=%2Fwp%2Fv2%2Ftags&post=45569"}],"curies":[{"name":"wp","href":"https:\/\/api.w.org\/{rel}","templated":true}]}}