{"id":45565,"date":"2024-08-28T16:01:39","date_gmt":"2024-08-28T19:01:39","guid":{"rendered":"https:\/\/radiorevelacionfm.cl\/?p=45565"},"modified":"2024-08-28T23:08:01","modified_gmt":"2024-08-29T02:08:01","slug":"los-poco-felices-ejemplos-para-justificar-incineradora-de-basura-en-la-cuenca-del-chelenko","status":"publish","type":"post","link":"https:\/\/radiorevelacionfm.cl\/?p=45565","title":{"rendered":"Los poco felices ejemplos para \u00abjustificar\u00bb incineradora de basura en la cuenca del Chelenko"},"content":{"rendered":"<div class=\"flex_column av_one_full  flex_column_div av-zero-column-padding first  avia-builder-el-0  el_before_av_one_full  avia-builder-el-first  \" style='border-radius:0px; '><div  class='avia-image-container  av-styling-    avia-builder-el-1  avia-builder-el-no-sibling  avia-align-center '  itemprop=\"image\" itemscope=\"itemscope\" itemtype=\"https:\/\/schema.org\/ImageObject\"  ><div class='avia-image-container-inner'><div class='avia-image-overlay-wrap'><img decoding=\"async\" class='wp-image-45454 avia-img-lazy-loading-not-45454 avia_image' src=\"https:\/\/radiorevelacionfm.cl\/wp-content\/uploads\/2024\/08\/al-fondo-del-vertedero-municipal-de-puerto-guadal-el-lago-general-carrera_optimized.-hoy-esta-cerrado-1-1-1.jpg\" alt='' title='al-fondo-del-vertedero-municipal-de-puerto-guadal,-el-lago-general-carrera_optimized.-hoy-est\u00e1-cerrado-(1)-(1) (1)' height=\"674\" width=\"800\"  itemprop=\"thumbnailUrl\" srcset=\"https:\/\/radiorevelacionfm.cl\/wp-content\/uploads\/2024\/08\/al-fondo-del-vertedero-municipal-de-puerto-guadal-el-lago-general-carrera_optimized.-hoy-esta-cerrado-1-1-1.jpg 800w, https:\/\/radiorevelacionfm.cl\/wp-content\/uploads\/2024\/08\/al-fondo-del-vertedero-municipal-de-puerto-guadal-el-lago-general-carrera_optimized.-hoy-esta-cerrado-1-1-1-300x253.jpg 300w, https:\/\/radiorevelacionfm.cl\/wp-content\/uploads\/2024\/08\/al-fondo-del-vertedero-municipal-de-puerto-guadal-el-lago-general-carrera_optimized.-hoy-esta-cerrado-1-1-1-768x647.jpg 768w, https:\/\/radiorevelacionfm.cl\/wp-content\/uploads\/2024\/08\/al-fondo-del-vertedero-municipal-de-puerto-guadal-el-lago-general-carrera_optimized.-hoy-esta-cerrado-1-1-1-705x594.jpg 705w, https:\/\/radiorevelacionfm.cl\/wp-content\/uploads\/2024\/08\/al-fondo-del-vertedero-municipal-de-puerto-guadal-el-lago-general-carrera_optimized.-hoy-esta-cerrado-1-1-1-450x379.jpg 450w, https:\/\/radiorevelacionfm.cl\/wp-content\/uploads\/2024\/08\/al-fondo-del-vertedero-municipal-de-puerto-guadal-el-lago-general-carrera_optimized.-hoy-esta-cerrado-1-1-1-600x506.jpg 600w\" sizes=\"(max-width: 800px) 100vw, 800px\" \/><\/div><\/div><\/div><\/div><div class=\"flex_column av_one_full  flex_column_div av-zero-column-padding first  avia-builder-el-2  el_after_av_one_full  el_before_av_one_full  column-top-margin\" style='border-radius:0px; '><section class=\"av_textblock_section \"  itemscope=\"itemscope\" itemtype=\"https:\/\/schema.org\/BlogPosting\" itemprop=\"blogPost\" ><div class='avia_textblock  '   itemprop=\"text\" ><p style=\"text-align: center;\"><span style=\"font-size: 18pt;\"><b><span lang=\"ES-TRAD\">Los poco felices ejemplos para \u00abjustificar\u00bb incineradora de basura en la cuenca del Chelenko<\/span><\/b><\/span><\/p>\n<div id=\"gtx-trans\" style=\"position: absolute; left: -50px; top: 4.31534px;\">\n<div class=\"gtx-trans-icon\"><\/div>\n<\/div>\n<\/div><\/section><\/div><div class=\"flex_column av_one_full  flex_column_div av-zero-column-padding first  avia-builder-el-4  el_after_av_one_full  el_before_av_hr  column-top-margin\" style='border-radius:0px; '><section class=\"av_textblock_section \"  itemscope=\"itemscope\" itemtype=\"https:\/\/schema.org\/BlogPosting\" itemprop=\"blogPost\" ><div class='avia_textblock  '   itemprop=\"text\" ><p style=\"text-align: justify;\"><i><span lang=\"ES-TRAD\">-Gobernadora Andrea Mac\u00edas aludi\u00f3 a Austria, donde funcionan plantas de incineraci\u00f3n que generan energ\u00eda, lo cual no es el caso de la propuesta municipal ya que \u00e9sta no producir\u00eda electricidad ni energ\u00eda. <span class=\"v1gmail-Apple-converted-space\">\u00a0<\/span><\/span><\/i><\/p>\n<p class=\"v1gmail-MsoListParagraphCxSpLast\" style=\"text-align: justify;\"><span lang=\"ES-TRAD\">&#8211;<\/span><i><span lang=\"ES-TRAD\">El alcalde Luperciano Mu\u00f1oz, en tanto, ha mencionado a Turqu\u00eda y China, el primero conocido hoy como \u00abel nuevo vertedero de Europa\u00bb, mientras que el segundo ha sido protagonista de protestas por la quema de residuos a nivel industrial.<\/span><\/i><\/p>\n<p class=\"v1MsoNormal\" style=\"text-align: justify;\"><span lang=\"ES-TRAD\">El viernes 23 de agosto se gener\u00f3 un debate en el pleno del Consejo Regional producto del proyecto que el municipio de Chile Chico est\u00e1 planteando para abordar la gesti\u00f3n de residuos de la cuenca del lago General Carrera, conocida como Chelenko. El alcalde Luperciano Mu\u00f1oz aboga por una planta de termodisociaci\u00f3n an\u00f3xica, que en el fondo implica incinerar un 90 % de los desechos incluida materia org\u00e1nica y pl\u00e1sticos, entre otros.<\/span><\/p>\n<p class=\"v1MsoNormal\" style=\"text-align: justify;\"><span lang=\"ES-TRAD\">En un contrapunto con la consejera de la provincia General Carrera, Paulina Hern\u00e1ndez, quien se mostr\u00f3 cr\u00edtica de la iniciativa, la gobernadora Andrea Mac\u00edas<span class=\"v1gmail-Apple-converted-space\">\u00a0<\/span><a href=\"https:\/\/www.youtube.com\/live\/jwH7pbmZKsQ?si=V7SO0UqOvb6foYfD&amp;t=18774\" target=\"_blank\" rel=\"noopener noreferrer\">se\u00f1al\u00f3<\/a>, refiri\u00e9ndose a esta tecnolog\u00eda, que \u00ab<i>va a haber que<\/i><span class=\"v1gmail-Apple-converted-space\">\u00a0<\/span><i>ir a Austria a conocer, ah\u00ed tienen un sistema de energ\u00eda a trav\u00e9s de incineraci\u00f3n de residuos. Hay que ir avanzando, tenemos problemas con la gesti\u00f3n (de residuos)<\/i>\u00ab. Y agreg\u00f3: \u00ab<i>Estaba viendo desde cu\u00e1ndo est\u00e1n en Viena con este tipo de generaci\u00f3n. Y lo que pasa es que est\u00e1 instalada la planta desde el a\u00f1o 2013, hace 11 a\u00f1os ya esto se hace<\/i>\u00ab.<\/span><\/p>\n<p class=\"v1MsoNormal\" style=\"text-align: justify;\"><span lang=\"ES-TRAD\">Lo cierto es que el ejemplo utilizado por la autoridad regional no es aplicable al proyecto en cuesti\u00f3n.<span class=\"v1gmail-Apple-converted-space\">\u00a0<\/span><\/span><\/p>\n<p class=\"v1MsoNormal\" style=\"text-align: justify;\"><span lang=\"ES-TRAD\">Primero, porque la propuesta municipal no plantea generar energ\u00eda o electricidad a trav\u00e9s de la incineraci\u00f3n. \u00ab<i>El gas de disociaci\u00f3n es extra\u00eddo inmediatamente de la unidad TDA mediante un turbo-extractor, pasa a trav\u00e9s de un filtro cicl\u00f3nico para remover las part\u00edculas volantes y es inyectado a un quemador en combusti\u00f3n turbulenta para garantizar una combusti\u00f3n completa. Posteriormente, el gas de combusti\u00f3n es tratado en un lavador de gases (scrubber), para finalmente ser eliminado a la atm\u00f3sfera mediante una antorcha<\/i>\u00bb se\u00f1ala expresamente la<span class=\"v1gmail-Apple-converted-space\">\u00a0<\/span><a href=\"https:\/\/infofirma.sea.gob.cl\/DocumentosSEA\/MostrarDocumento?docId=2024\/07\/30\/71d8-af9b-47ad-8a66-3d7661bcec85\" target=\"_blank\" rel=\"noopener noreferrer\">declaraci\u00f3n de impacto ambiental<\/a><span class=\"v1gmail-Apple-converted-space\">\u00a0<\/span>no admitida a tramitaci\u00f3n por el Servicio de Evaluaci\u00f3n Ambiental.<\/span><\/p>\n<p class=\"v1MsoNormal\" style=\"text-align: justify;\"><span lang=\"ES-TRAD\">A esto se agrega que en Europa la<span class=\"v1gmail-Apple-converted-space\">\u00a0<\/span><\/span><a href=\"https:\/\/obtienearchivo.bcn.cl\/obtienearchivo?id=repositorio\/10221\/36230\/1\/BCN_Regulacion_productos_de_un_solo_uso_2024_Final.pdf\" target=\"_blank\" rel=\"noopener noreferrer\"><span lang=\"ES-TRAD\">Directiva 2018\/851<\/span><\/a><span lang=\"ES-TRAD\"><span class=\"v1gmail-Apple-converted-space\">\u00a0<\/span>de la Uni\u00f3n Europea \u00ab<i>establece que objetivos de reciclado de residuos municipales: para 2025 un reciclaje m\u00ednimo del 55%, objetivo que subir\u00e1 al 60% para 2030 y al 65% para 2035<\/i>\u00ab. Algo a lo que por cierto este proyecto no apunta de manera alguna.<span class=\"v1gmail-Apple-converted-space\">\u00a0<\/span>\u00a0<\/span><\/p>\n<p class=\"v1MsoNormal\" style=\"text-align: justify;\"><span lang=\"ES-TRAD\">Y, por \u00faltimo, \u00ab<i>la construcci\u00f3n y operaci\u00f3n de plantas de aprovechamiento energ\u00e9tico de residuos son tan caras que, en general, cobran m\u00e1s que los vertederos a cambio de verter cargas de basura. Y, como las plantas funcionan con m\u00e1s eficiencia con flujos constantes de residuos, sus due\u00f1os suelen verse obligados a importar material desde lugares lejanos<\/i>\u00bb se\u00f1ala un<span class=\"v1gmail-Apple-converted-space\">\u00a0<\/span><a href=\"https:\/\/www.nationalgeographic.es\/medio-ambiente\/2019\/03\/es-buena-idea-incinerar-los-residuos-plasticos\" target=\"_blank\" rel=\"noopener noreferrer\">art\u00edculo<\/a><span class=\"v1gmail-Apple-converted-space\">\u00a0<\/span>de la National Geographic. Aludiendo, en todo caso, a un sistema distinto, ya que la propuesta municipal no genera energ\u00eda alguna.<\/span><\/p>\n<p class=\"v1MsoNormal\" style=\"text-align: justify;\"><span lang=\"ES-TRAD\">Por su parte, en una<span class=\"v1gmail-Apple-converted-space\">\u00a0<\/span><\/span><a href=\"https:\/\/www.facebook.com\/watch\/live\/?ref=watch_permalink&amp;v=727066581838222\" target=\"_blank\" rel=\"noopener noreferrer\"><span lang=\"ES-TRAD\">entrevista el 29 de junio de 2022<\/span><\/a><span lang=\"ES-TRAD\">, el alcalde Luperciano Mu\u00f1oz mencion\u00f3 Turqu\u00eda y China como ejemplos. \u00ab<i>Nosotros estamos muy entusiasmados con este proyecto, que tenemos internamente como equipo t\u00e9cnico de SECPLAC, para poder llevar adelante la colocaci\u00f3n de esta planta. Que sale un mill\u00f3n y medio de d\u00f3lares. Est\u00e1 en Turqu\u00eda, tambi\u00e9n en China, nosotros pretendemos traer una planta demostrativa tambi\u00e9n de esto, con un costo municipal que lo queremos abordar nosotros. <span class=\"v1gmail-Apple-converted-space\">\u00a0<\/span>Pero es lo que se debe hacer<\/i>\u00ab, expres\u00f3, m\u00e1s de un a\u00f1o antes de contratar la consultor\u00eda t\u00e9cnica que propuso reciclaje y compostaje como primera prioridad. Pero que el<span class=\"v1gmail-Apple-converted-space\">\u00a0<\/span><a href=\"https:\/\/www.diarioregionalaysen.cl\/noticia\/actualidad\/2024\/08\/chile-chico-opto-por-planta-incineradora-para-gestionar-sus-residuos#:~:text=El%20acta%20de%20la%20sesi%C3%B3n,y%20la%20separaci%C3%B3n%20de%20residuos.\" target=\"_blank\" rel=\"noopener noreferrer\">Concejo Municipal desech\u00f3<\/a><span class=\"v1gmail-Apple-converted-space\">\u00a0<\/span>optando por la planta de termodisociaci\u00f3n an\u00f3xica previamente definida.\u00a0<span class=\"v1gmail-Apple-converted-space\">\u00a0<\/span><\/span><\/p>\n<p class=\"v1MsoNormal\" style=\"text-align: justify;\"><span lang=\"ES-TRAD\">Esto, porque la visi\u00f3n detr\u00e1s del proyecto es clara: \u00ab<i>Debe haber un tratamiento a la basura, y el tratamiento de esto de que uno junta cascarita de papa, que el otro junta la latita, eso no sirve, porque eso el 0,1% de la gente lo puede hacer, pero el 99,9% de la gente la basura la acumula y la bota<\/i>\u00ab.<\/span><\/p>\n<p class=\"v1MsoNormal\" style=\"text-align: justify;\"><span lang=\"ES-TRAD\">En el caso de<span class=\"v1gmail-Apple-converted-space\">\u00a0<\/span><b>Turqu\u00eda<\/b>, medios internacionales han catalogado a dicho pa\u00eds como \u00ab<\/span><a href=\"https:\/\/www.abc.es\/xlsemanal\/a-fondo\/problema-basura-arma-guerra-europa-vertedero-turquia.html\" target=\"_blank\" rel=\"noopener noreferrer\"><span lang=\"ES-TRAD\">el nuevo vertedero de Europa<\/span><\/a><span lang=\"ES-TRAD\">\u00ab. Y en el de<span class=\"v1gmail-Apple-converted-space\">\u00a0<\/span><b>China<\/b>, las incineradoras han recibido m\u00faltiples cr\u00edticas y han sido origen de protestas: \u00ab<\/span><a href=\"https:\/\/www.scmp.com\/news\/china\/society\/article\/3017386\/thousands-protest-central-china-over-waste-incineration-plant\" target=\"_blank\" rel=\"noopener noreferrer\"><span lang=\"ES-TRAD\">Miles de personas protestan en China central por planta de incineradora de basura<\/span><\/a><span lang=\"ES-TRAD\">\u00bb se\u00f1alaba en 2019 un medio especializado en noticias del gigante asi\u00e1tico.<\/span><\/p>\n<\/div><\/section><\/div><div  style='height:50px' class='hr hr-invisible   avia-builder-el-6  el_after_av_one_full  el_before_av_social_share '><span class='hr-inner ' ><span class='hr-inner-style'><\/span><\/span><\/div><\/p>\n<div  class='av-social-sharing-box  avia-builder-el-7  el_after_av_hr  el_before_av_hr  '><div class='av-share-box'><h5 class='av-share-link-description av-no-toc '>Compartir esta noticia<\/h5><ul class='av-share-box-list noLightbox'><li class='av-share-link av-social-link-facebook' ><a target=\"_blank\" aria-label=\"Compartir en Facebook\" href='https:\/\/www.facebook.com\/sharer.php?u=https:\/\/radiorevelacionfm.cl\/?p=45565&#038;t=Los%20poco%20felices%20ejemplos%20para%20%C2%ABjustificar%C2%BB%20incineradora%20de%20basura%20en%20la%20cuenca%20del%20Chelenko' aria-hidden='false' data-av_icon='\ue8f3' data-av_iconfont='entypo-fontello' title='' data-avia-related-tooltip='Compartir en Facebook' rel=\"noopener\"><span class='avia_hidden_link_text'>Compartir en Facebook<\/span><\/a><\/li><li class='av-share-link av-social-link-twitter' ><a target=\"_blank\" aria-label=\"Compartir en Twitter\" href='https:\/\/twitter.com\/share?text=Los%20poco%20felices%20ejemplos%20para%20%C2%ABjustificar%C2%BB%20incineradora%20de%20basura%20en%20la%20cuenca%20del%20Chelenko&#038;url=https:\/\/radiorevelacionfm.cl\/?p=45565' aria-hidden='false' data-av_icon='\ue8f1' data-av_iconfont='entypo-fontello' title='' data-avia-related-tooltip='Compartir en Twitter' rel=\"noopener\"><span class='avia_hidden_link_text'>Compartir en Twitter<\/span><\/a><\/li><li class='av-share-link av-social-link-whatsapp' ><a target=\"_blank\" aria-label=\"Compartir en Whatsapp\" href='https:\/\/api.whatsapp.com\/send?text=https:\/\/radiorevelacionfm.cl\/?p=45565' aria-hidden='false' data-av_icon='\uf232' data-av_iconfont='entypo-fontello' title='' data-avia-related-tooltip='Compartir en Whatsapp' rel=\"noopener\"><span class='avia_hidden_link_text'>Compartir en Whatsapp<\/span><\/a><\/li><li class='av-share-link av-social-link-linkedin' ><a target=\"_blank\" aria-label=\"Compartir en LinkedIn\" href='https:\/\/linkedin.com\/shareArticle?mini=true&#038;title=Los%20poco%20felices%20ejemplos%20para%20%C2%ABjustificar%C2%BB%20incineradora%20de%20basura%20en%20la%20cuenca%20del%20Chelenko&#038;url=https:\/\/radiorevelacionfm.cl\/?p=45565' aria-hidden='false' data-av_icon='\ue8fc' data-av_iconfont='entypo-fontello' title='' data-avia-related-tooltip='Compartir en LinkedIn' rel=\"noopener\"><span class='avia_hidden_link_text'>Compartir en LinkedIn<\/span><\/a><\/li><li class='av-share-link av-social-link-mail' ><a  aria-label=\"Compartir por correo\" href='mailto:?subject=Los%20poco%20felices%20ejemplos%20para%20%C2%ABjustificar%C2%BB%20incineradora%20de%20basura%20en%20la%20cuenca%20del%20Chelenko&#038;body=https:\/\/radiorevelacionfm.cl\/?p=45565' aria-hidden='false' data-av_icon='\ue805' data-av_iconfont='entypo-fontello' title='' data-avia-related-tooltip='Compartir por correo'><span class='avia_hidden_link_text'>Compartir por correo<\/span><\/a><\/li><\/ul><\/div><\/div>\n<div  style='height:50px' class='hr hr-invisible   avia-builder-el-8  el_after_av_social_share  el_before_av_comments_list '><span class='hr-inner ' ><span class='hr-inner-style'><\/span><\/span><\/div>\n<div  class='av-buildercomment  av-blog-meta-html-info-disabled av-blog-meta-tag-disabled  '><\/div>\n","protected":false},"excerpt":{"rendered":"","protected":false},"author":1,"featured_media":45454,"comment_status":"open","ping_status":"open","sticky":false,"template":"","format":"standard","meta":{"footnotes":""},"categories":[38],"tags":[],"class_list":["post-45565","post","type-post","status-publish","format-standard","has-post-thumbnail","hentry","category-regional"],"jetpack_featured_media_url":"https:\/\/radiorevelacionfm.cl\/wp-content\/uploads\/2024\/08\/al-fondo-del-vertedero-municipal-de-puerto-guadal-el-lago-general-carrera_optimized.-hoy-esta-cerrado-1-1-1.jpg","_links":{"self":[{"href":"https:\/\/radiorevelacionfm.cl\/index.php?rest_route=\/wp\/v2\/posts\/45565","targetHints":{"allow":["GET"]}}],"collection":[{"href":"https:\/\/radiorevelacionfm.cl\/index.php?rest_route=\/wp\/v2\/posts"}],"about":[{"href":"https:\/\/radiorevelacionfm.cl\/index.php?rest_route=\/wp\/v2\/types\/post"}],"author":[{"embeddable":true,"href":"https:\/\/radiorevelacionfm.cl\/index.php?rest_route=\/wp\/v2\/users\/1"}],"replies":[{"embeddable":true,"href":"https:\/\/radiorevelacionfm.cl\/index.php?rest_route=%2Fwp%2Fv2%2Fcomments&post=45565"}],"version-history":[{"count":1,"href":"https:\/\/radiorevelacionfm.cl\/index.php?rest_route=\/wp\/v2\/posts\/45565\/revisions"}],"predecessor-version":[{"id":45566,"href":"https:\/\/radiorevelacionfm.cl\/index.php?rest_route=\/wp\/v2\/posts\/45565\/revisions\/45566"}],"wp:featuredmedia":[{"embeddable":true,"href":"https:\/\/radiorevelacionfm.cl\/index.php?rest_route=\/wp\/v2\/media\/45454"}],"wp:attachment":[{"href":"https:\/\/radiorevelacionfm.cl\/index.php?rest_route=%2Fwp%2Fv2%2Fmedia&parent=45565"}],"wp:term":[{"taxonomy":"category","embeddable":true,"href":"https:\/\/radiorevelacionfm.cl\/index.php?rest_route=%2Fwp%2Fv2%2Fcategories&post=45565"},{"taxonomy":"post_tag","embeddable":true,"href":"https:\/\/radiorevelacionfm.cl\/index.php?rest_route=%2Fwp%2Fv2%2Ftags&post=45565"}],"curies":[{"name":"wp","href":"https:\/\/api.w.org\/{rel}","templated":true}]}}