{"id":45563,"date":"2024-08-28T11:27:35","date_gmt":"2024-08-28T14:27:35","guid":{"rendered":"https:\/\/radiorevelacionfm.cl\/?p=45563"},"modified":"2024-08-28T11:27:35","modified_gmt":"2024-08-28T14:27:35","slug":"este-viernes-vence-plazo-de-postulacion-al-subsidio-de-arriendo-para-personas-mayores-y-con-discapacidad","status":"publish","type":"post","link":"https:\/\/radiorevelacionfm.cl\/?p=45563","title":{"rendered":"Este viernes vence plazo de postulaci\u00f3n al subsidio de arriendo para personas mayores y con discapacidad"},"content":{"rendered":"<div class=\"flex_column av_one_full  flex_column_div av-zero-column-padding first  avia-builder-el-0  el_before_av_one_full  avia-builder-el-first  \" style='border-radius:0px; '><div  class='avia-image-container  av-styling-    avia-builder-el-1  avia-builder-el-no-sibling  avia-align-center '  itemprop=\"image\" itemscope=\"itemscope\" itemtype=\"https:\/\/schema.org\/ImageObject\"  ><div class='avia-image-container-inner'><div class='avia-image-overlay-wrap'><img decoding=\"async\" class='wp-image-23323 avia-img-lazy-loading-not-23323 avia_image' src=\"https:\/\/radiorevelacionfm.cl\/wp-content\/uploads\/2022\/10\/foto-achivo-viviendas-coyhaique-1_optimized-1.jpg\" alt='' title='foto-achivo-viviendas-coyhaique-(1)_optimized (1)' height=\"600\" width=\"923\"  itemprop=\"thumbnailUrl\" srcset=\"https:\/\/radiorevelacionfm.cl\/wp-content\/uploads\/2022\/10\/foto-achivo-viviendas-coyhaique-1_optimized-1.jpg 923w, https:\/\/radiorevelacionfm.cl\/wp-content\/uploads\/2022\/10\/foto-achivo-viviendas-coyhaique-1_optimized-1-300x195.jpg 300w, https:\/\/radiorevelacionfm.cl\/wp-content\/uploads\/2022\/10\/foto-achivo-viviendas-coyhaique-1_optimized-1-768x499.jpg 768w, https:\/\/radiorevelacionfm.cl\/wp-content\/uploads\/2022\/10\/foto-achivo-viviendas-coyhaique-1_optimized-1-705x458.jpg 705w, https:\/\/radiorevelacionfm.cl\/wp-content\/uploads\/2022\/10\/foto-achivo-viviendas-coyhaique-1_optimized-1-600x390.jpg 600w\" sizes=\"(max-width: 923px) 100vw, 923px\" \/><\/div><\/div><\/div><\/div><div class=\"flex_column av_one_full  flex_column_div av-zero-column-padding first  avia-builder-el-2  el_after_av_one_full  el_before_av_one_full  column-top-margin\" style='border-radius:0px; '><section class=\"av_textblock_section \"  itemscope=\"itemscope\" itemtype=\"https:\/\/schema.org\/BlogPosting\" itemprop=\"blogPost\" ><div class='avia_textblock  '   itemprop=\"text\" ><p style=\"text-align: center;\"><strong><span style=\"font-size: 18pt;\">Este viernes vence plazo de postulaci\u00f3n al subsidio de arriendo para personas mayores y con discapacidad<\/span><\/strong><\/p>\n<div id=\"gtx-trans\" style=\"position: absolute; left: -50px; top: 4.31534px;\">\n<div class=\"gtx-trans-icon\"><\/div>\n<\/div>\n<\/div><\/section><\/div><div class=\"flex_column av_one_full  flex_column_div av-zero-column-padding first  avia-builder-el-4  el_after_av_one_full  el_before_av_hr  column-top-margin\" style='border-radius:0px; '><section class=\"av_textblock_section \"  itemscope=\"itemscope\" itemtype=\"https:\/\/schema.org\/BlogPosting\" itemprop=\"blogPost\" ><div class='avia_textblock  '   itemprop=\"text\" ><p style=\"text-align: justify;\">Este viernes 30 de agosto se cierra el llamado para postular\u00a0al \u00abSubsidio de Arriendo para Personas Mayores y Personas con Discapacidad\u201d, beneficio del\u00a0Ministerio de Vivienda\u00a0y Urbanismo (Minvu), dirigido a quienes forman parte de estos grupos y no cuentan con ingresos suficientes para el pago de un arriendo.<\/p>\n<p style=\"text-align: justify;\">La informaci\u00f3n fue entregada por la Seremi de Vivienda y Urbanismo, Paulina Ruz, quien record\u00f3 que este subsidio est\u00e1 dirigido a personas mayores de 60 a\u00f1os y a personas con discapacidad mayores de 18 a\u00f1os que no superen el 70% de la calificaci\u00f3n socioecon\u00f3mica del Registro Social de Hogares (RSH).<\/p>\n<p style=\"text-align: justify;\">Este beneficio permite cubrir entre un 90% y un 95% del valor del arriendo, seg\u00fan la clasificaci\u00f3n en el RSH, dejando al beneficiario la responsabilidad de pagar solo entre el 5% y el 10% del costo mensual. El Subsidio se otorga por un per\u00edodo de 24 meses, el cual se puede utilizar de manera continua o dividido en un plazo m\u00e1ximo de ocho a\u00f1os. Para el caso de nuestra regi\u00f3n de Ays\u00e9n, la vivienda a arrendar no debe exceder de un valor mensual de 13 Unidades de Fomento, es decir, unos 489 mil pesos, aproximadamente.<\/p>\n<p style=\"text-align: justify;\">En ese sentido, la Seremi Paulina Ruz destac\u00f3 la importancia del proceso e hizo un llamado a los vecinos y vecinas de la regi\u00f3n que est\u00e9n interesados y que cumplan con los requisitos, a aprovechar esta gran oportunidad. \u201cComo ya destacamos al inicio del proceso, este beneficio forma parte del compromiso del Presidente Gabriel Boric con las personas y familias que necesitan un apoyo del Estado. Es oportuno recordar, adem\u00e1s, que este subsidio considera desde el a\u00f1o pasado cupos espec\u00edficos para personas con discapacidad, reconociendo las dificultades que enfrentan las personas mayores para pagar sus arriendos. Tambi\u00e9n hemos introducido mejoras como el otorgamiento de puntajes m\u00e1s altos para personas de mayor edad o aquellas que tengan en su n\u00facleo familiar a personas cuidadoras inscritas en el Registro Social de Hogares\u201d, precis\u00f3.<\/p>\n<p style=\"text-align: justify;\">La autoridad regional invit\u00f3 a los interesados a aprovechar los \u00faltimos d\u00edas de postulaci\u00f3n, ya sea haciendo el tr\u00e1mite en l\u00ednea, a trav\u00e9s de la plataforma digital del Minvu <strong>(<\/strong><a href=\"http:\/\/www.minvu.cl\"><strong>www.minvu.cl<\/strong><\/a>), con Clave \u00danica, o bien postulando en forma presencial en las oficinas Serviu de Coyhaique o de las Delegaciones Provinciales de Serviu Ays\u00e9n y de Cochrane, para lo cual hay funcionarios para orientar y ayudar en el proceso si as\u00ed se requiere.<\/p>\n<p style=\"text-align: justify;\"><strong>Entre los principales requisitos para postular destacan<\/strong>: Tener m\u00e1s de 60 a\u00f1os al momento de postular o cumplirlos durante este a\u00f1o; ser mayor de 18 a\u00f1os y tener una discapacidad acreditada en el Registro Nacional de la Discapacidad; no superar el tramo del 70% de la poblaci\u00f3n m\u00e1s vulnerable seg\u00fan Registro Social de Hogares; acreditar un ingreso m\u00ednimo de 5 UF (aproximadamente $188 mil pesos).<\/p>\n<p style=\"text-align: justify;\"><strong>Entre las condiciones especiales del llamado est\u00e1n<\/strong>: No se requiere ahorro m\u00ednimo; no es necesario contar con n\u00facleo familiar; se puede postular con o sin n\u00facleo familiar, se otorga puntaje adicional por edad y discapacidad; puntaje adicional para quienes sean o tengan en su n\u00facleo familiar la calidad de \u00abpersona cuidadora\u00bb en el Registro Social de Hogares; se puede postular sin n\u00facleo familiar y no es necesario estar arrendando actualmente.<\/p>\n<\/div><\/section><\/div><div  style='height:50px' class='hr hr-invisible   avia-builder-el-6  el_after_av_one_full  el_before_av_social_share '><span class='hr-inner ' ><span class='hr-inner-style'><\/span><\/span><\/div><\/p>\n<div  class='av-social-sharing-box  avia-builder-el-7  el_after_av_hr  el_before_av_hr  '><div class='av-share-box'><h5 class='av-share-link-description av-no-toc '>Compartir esta noticia<\/h5><ul class='av-share-box-list noLightbox'><li class='av-share-link av-social-link-facebook' ><a target=\"_blank\" aria-label=\"Compartir en Facebook\" href='https:\/\/www.facebook.com\/sharer.php?u=https:\/\/radiorevelacionfm.cl\/?p=45563&#038;t=Este%20viernes%20vence%20plazo%20de%20postulaci%C3%B3n%20al%20subsidio%20de%20arriendo%20para%20personas%20mayores%20y%20con%20discapacidad' aria-hidden='false' data-av_icon='\ue8f3' data-av_iconfont='entypo-fontello' title='' data-avia-related-tooltip='Compartir en Facebook' rel=\"noopener\"><span class='avia_hidden_link_text'>Compartir en Facebook<\/span><\/a><\/li><li class='av-share-link av-social-link-twitter' ><a target=\"_blank\" aria-label=\"Compartir en Twitter\" href='https:\/\/twitter.com\/share?text=Este%20viernes%20vence%20plazo%20de%20postulaci%C3%B3n%20al%20subsidio%20de%20arriendo%20para%20personas%20mayores%20y%20con%20discapacidad&#038;url=https:\/\/radiorevelacionfm.cl\/?p=45563' aria-hidden='false' data-av_icon='\ue8f1' data-av_iconfont='entypo-fontello' title='' data-avia-related-tooltip='Compartir en Twitter' rel=\"noopener\"><span class='avia_hidden_link_text'>Compartir en Twitter<\/span><\/a><\/li><li class='av-share-link av-social-link-whatsapp' ><a target=\"_blank\" aria-label=\"Compartir en Whatsapp\" href='https:\/\/api.whatsapp.com\/send?text=https:\/\/radiorevelacionfm.cl\/?p=45563' aria-hidden='false' data-av_icon='\uf232' data-av_iconfont='entypo-fontello' title='' data-avia-related-tooltip='Compartir en Whatsapp' rel=\"noopener\"><span class='avia_hidden_link_text'>Compartir en Whatsapp<\/span><\/a><\/li><li class='av-share-link av-social-link-linkedin' ><a target=\"_blank\" aria-label=\"Compartir en LinkedIn\" href='https:\/\/linkedin.com\/shareArticle?mini=true&#038;title=Este%20viernes%20vence%20plazo%20de%20postulaci%C3%B3n%20al%20subsidio%20de%20arriendo%20para%20personas%20mayores%20y%20con%20discapacidad&#038;url=https:\/\/radiorevelacionfm.cl\/?p=45563' aria-hidden='false' data-av_icon='\ue8fc' data-av_iconfont='entypo-fontello' title='' data-avia-related-tooltip='Compartir en LinkedIn' rel=\"noopener\"><span class='avia_hidden_link_text'>Compartir en LinkedIn<\/span><\/a><\/li><li class='av-share-link av-social-link-mail' ><a  aria-label=\"Compartir por correo\" href='mailto:?subject=Este%20viernes%20vence%20plazo%20de%20postulaci%C3%B3n%20al%20subsidio%20de%20arriendo%20para%20personas%20mayores%20y%20con%20discapacidad&#038;body=https:\/\/radiorevelacionfm.cl\/?p=45563' aria-hidden='false' data-av_icon='\ue805' data-av_iconfont='entypo-fontello' title='' data-avia-related-tooltip='Compartir por correo'><span class='avia_hidden_link_text'>Compartir por correo<\/span><\/a><\/li><\/ul><\/div><\/div>\n<div  style='height:50px' class='hr hr-invisible   avia-builder-el-8  el_after_av_social_share  el_before_av_comments_list '><span class='hr-inner ' ><span class='hr-inner-style'><\/span><\/span><\/div>\n<div  class='av-buildercomment  av-blog-meta-html-info-disabled av-blog-meta-tag-disabled  '><\/div>\n","protected":false},"excerpt":{"rendered":"","protected":false},"author":1,"featured_media":23323,"comment_status":"open","ping_status":"open","sticky":false,"template":"","format":"standard","meta":{"footnotes":""},"categories":[57],"tags":[],"class_list":["post-45563","post","type-post","status-publish","format-standard","has-post-thumbnail","hentry","category-vivienda"],"jetpack_featured_media_url":"https:\/\/radiorevelacionfm.cl\/wp-content\/uploads\/2022\/10\/foto-achivo-viviendas-coyhaique-1_optimized-1.jpg","_links":{"self":[{"href":"https:\/\/radiorevelacionfm.cl\/index.php?rest_route=\/wp\/v2\/posts\/45563","targetHints":{"allow":["GET"]}}],"collection":[{"href":"https:\/\/radiorevelacionfm.cl\/index.php?rest_route=\/wp\/v2\/posts"}],"about":[{"href":"https:\/\/radiorevelacionfm.cl\/index.php?rest_route=\/wp\/v2\/types\/post"}],"author":[{"embeddable":true,"href":"https:\/\/radiorevelacionfm.cl\/index.php?rest_route=\/wp\/v2\/users\/1"}],"replies":[{"embeddable":true,"href":"https:\/\/radiorevelacionfm.cl\/index.php?rest_route=%2Fwp%2Fv2%2Fcomments&post=45563"}],"version-history":[{"count":1,"href":"https:\/\/radiorevelacionfm.cl\/index.php?rest_route=\/wp\/v2\/posts\/45563\/revisions"}],"predecessor-version":[{"id":45564,"href":"https:\/\/radiorevelacionfm.cl\/index.php?rest_route=\/wp\/v2\/posts\/45563\/revisions\/45564"}],"wp:featuredmedia":[{"embeddable":true,"href":"https:\/\/radiorevelacionfm.cl\/index.php?rest_route=\/wp\/v2\/media\/23323"}],"wp:attachment":[{"href":"https:\/\/radiorevelacionfm.cl\/index.php?rest_route=%2Fwp%2Fv2%2Fmedia&parent=45563"}],"wp:term":[{"taxonomy":"category","embeddable":true,"href":"https:\/\/radiorevelacionfm.cl\/index.php?rest_route=%2Fwp%2Fv2%2Fcategories&post=45563"},{"taxonomy":"post_tag","embeddable":true,"href":"https:\/\/radiorevelacionfm.cl\/index.php?rest_route=%2Fwp%2Fv2%2Ftags&post=45563"}],"curies":[{"name":"wp","href":"https:\/\/api.w.org\/{rel}","templated":true}]}}