{"id":45557,"date":"2024-08-28T11:55:51","date_gmt":"2024-08-28T14:55:51","guid":{"rendered":"https:\/\/radiorevelacionfm.cl\/?p=45557"},"modified":"2024-08-28T11:55:51","modified_gmt":"2024-08-28T14:55:51","slug":"seremi-laibe-destaca-cumplimiento-de-primeros-compromisos-del-ministro-marcel-en-materia-electrica","status":"publish","type":"post","link":"https:\/\/radiorevelacionfm.cl\/?p=45557","title":{"rendered":"Seremi Laibe destaca cumplimiento de primeros compromisos del Ministro Marcel en materia el\u00e9ctrica"},"content":{"rendered":"<div class=\"flex_column av_one_full  flex_column_div av-zero-column-padding first  avia-builder-el-0  el_before_av_one_full  avia-builder-el-first  \" style='border-radius:0px; '><div  class='avia-image-container  av-styling-    avia-builder-el-1  avia-builder-el-no-sibling  avia-align-center '  itemprop=\"image\" itemscope=\"itemscope\" itemtype=\"https:\/\/schema.org\/ImageObject\"  ><div class='avia-image-container-inner'><div class='avia-image-overlay-wrap'><img decoding=\"async\" class='wp-image-45558 avia-img-lazy-loading-not-45558 avia_image' src=\"https:\/\/radiorevelacionfm.cl\/wp-content\/uploads\/2024\/08\/foto-2-52-1_optimized-1.jpg\" alt='' title='foto-2-(52)-(1)_optimized (1)' height=\"600\" width=\"934\"  itemprop=\"thumbnailUrl\" srcset=\"https:\/\/radiorevelacionfm.cl\/wp-content\/uploads\/2024\/08\/foto-2-52-1_optimized-1.jpg 934w, https:\/\/radiorevelacionfm.cl\/wp-content\/uploads\/2024\/08\/foto-2-52-1_optimized-1-300x193.jpg 300w, https:\/\/radiorevelacionfm.cl\/wp-content\/uploads\/2024\/08\/foto-2-52-1_optimized-1-768x493.jpg 768w, https:\/\/radiorevelacionfm.cl\/wp-content\/uploads\/2024\/08\/foto-2-52-1_optimized-1-705x453.jpg 705w, https:\/\/radiorevelacionfm.cl\/wp-content\/uploads\/2024\/08\/foto-2-52-1_optimized-1-450x289.jpg 450w, https:\/\/radiorevelacionfm.cl\/wp-content\/uploads\/2024\/08\/foto-2-52-1_optimized-1-600x385.jpg 600w\" sizes=\"(max-width: 934px) 100vw, 934px\" \/><\/div><\/div><\/div><\/div><div class=\"flex_column av_one_full  flex_column_div av-zero-column-padding first  avia-builder-el-2  el_after_av_one_full  el_before_av_one_full  column-top-margin\" style='border-radius:0px; '><section class=\"av_textblock_section \"  itemscope=\"itemscope\" itemtype=\"https:\/\/schema.org\/BlogPosting\" itemprop=\"blogPost\" ><div class='avia_textblock  '   itemprop=\"text\" ><p style=\"text-align: center;\"><span style=\"font-size: 18pt;\"><strong>Seremi Laibe destaca cumplimiento de primeros compromisos del Ministro Marcel en materia el\u00e9ctrica<\/strong><\/span><\/p>\n<div id=\"gtx-trans\" style=\"position: absolute; left: -50px; top: 4.31534px;\">\n<div class=\"gtx-trans-icon\"><\/div>\n<\/div>\n<\/div><\/section><\/div><div class=\"flex_column av_one_full  flex_column_div av-zero-column-padding first  avia-builder-el-4  el_after_av_one_full  el_before_av_hr  column-top-margin\" style='border-radius:0px; '><section class=\"av_textblock_section \"  itemscope=\"itemscope\" itemtype=\"https:\/\/schema.org\/BlogPosting\" itemprop=\"blogPost\" ><div class='avia_textblock  '   itemprop=\"text\" ><p style=\"text-align: justify;\">El Seremi de Energ\u00eda de Ays\u00e9n Tom\u00e1s Laibe destac\u00f3 el cumplimiento de los primeros acuerdos alcanzados en la vista del Ministro de Hacienda Mario Marcel a la regi\u00f3n de Ays\u00e9n la semana pasada, instancia donde la autoridad nacional suscribi\u00f3 una hoja de ruta con las autoridades regionales para abordar las preocupaciones de la comunidad respecto del alza tarifaria y la necesidad de abordar cambios de fondo al sistema el\u00e9ctrico regional.<\/p>\n<p style=\"text-align: justify;\">Al respecto se\u00f1al\u00f3 que \u201cen un muy corto plazo se est\u00e1n concretando algunos de los compromisos suscritos por el Ministro Marcel en su visita a nuestra regi\u00f3n, a trav\u00e9s de la suma urgencia aplicada al Proyecto de Ley de Sistemas Medianos, iniciativa que permitir\u00e1 modernizar el marco normativo que rige al sistema el\u00e9ctrico en Ays\u00e9n y que contiene mecanismos que podr\u00edan impactar favorablemente en la reducci\u00f3n de la tarifa regional. Adem\u00e1s, considera reglas que destrabar\u00edan la inversi\u00f3n en energ\u00eda y mecanismos para fortalecer la participaci\u00f3n de la ciudadan\u00eda en la pol\u00edtica energ\u00e9tica regional. Esperamos que la iniciativa pueda ser aprobada por el Congreso antes de fin de a\u00f1o, tal como fue comprometida en la hoja de ruta\u201d.<\/p>\n<p style=\"text-align: justify;\">Por otra parte, la autoridad regional de Energ\u00eda explic\u00f3 que el d\u00eda de ayer ingres\u00f3 tambi\u00e9n con suma urgencia al Congreso Nacional un Proyecto de Ley que permitir\u00e1 triplicar la cobertura del subsidio el\u00e9ctrico y la extensi\u00f3n de su duraci\u00f3n al 2027. \u201cEn un trabajo coordinado entre los ministerios de Energ\u00eda y Hacienda y la mesa t\u00e9cnica surgida en la Ley de Estabilizaci\u00f3n Tarifaria, fue ingresado un proyecto que tiene como objetivo triplicar el alcance de dicho beneficio. Ello permitir\u00e1 beneficiar a casi la mitad de la poblaci\u00f3n de la regi\u00f3n de Ays\u00e9n, aumentar el monto del subsidio para nuestra regi\u00f3n y crear un nuevo apoyo a nivel nacional para empresas de menor tama\u00f1o\u201d destac\u00f3 el Seremi Laibe.<\/p>\n<p style=\"text-align: justify;\"><strong>Ejes del Proyecto de Ley <\/strong><\/p>\n<ul style=\"text-align: justify;\">\n<li>Se triplica la cobertura del beneficio para llegar al total de hogares que cumplan los requisitos y pertenezcan al 40% m\u00e1s vulnerable del Registro Social de Hogares. En la regi\u00f3n de Ays\u00e9n se aumentar\u00e1n los beneficiarios de 11.000 a 29.000 hogares, lo que se traduce en casi la mitad de la poblaci\u00f3n regional.<\/li>\n<\/ul>\n<ul style=\"text-align: justify;\">\n<li>Se aumenta en un 20% el monto del subsidio para hogares vulnerables pertenecientes a los Sistemas Medianos como los de Ays\u00e9n, reconociendo el alto costo de la tarifa y las escasas horas de luz que reciben en algunas \u00e9pocas del a\u00f1o. Lo anterior, se materializar\u00e1 en el respectivo proceso de implementaci\u00f3n del subsidio, desde el primer semestre 2025 en adelante.<\/li>\n<\/ul>\n<ul style=\"text-align: justify;\">\n<li>Se incorpora un mecanismo para ir en beneficio de las micro y peque\u00f1as empresas, las que no estaban incorporadas hasta ahora como beneficiarias del subsidio, as\u00ed como tambi\u00e9n de los Servicios Sanitarios Rurales (SSR).<\/li>\n<\/ul>\n<ul style=\"text-align: justify;\">\n<li>Se ampl\u00eda el subsidio a personas electrodependientes desde los actuales 50 kWh a 200 kWh mensuales.<\/li>\n<\/ul>\n<ul style=\"text-align: justify;\">\n<li>Se perfeccionan las facultades de la Superintendencia de Electricidad y Combustibles SEC, y se aumentan las multas y compensaciones en caso de infracciones a la normativa.<\/li>\n<\/ul>\n<p style=\"text-align: justify;\">Finalmente, el Seremi Laibe adelant\u00f3 que esta semana se dar\u00e1n a conocer los beneficiarios del primer llamado a postulaci\u00f3n del subsidio el\u00e9ctrico con el que se llegar\u00e1 a 1,6 millones de hogares en todo el pa\u00eds y se espera beneficiar a cerca de 11.000 hogares en la regi\u00f3n de Ays\u00e9n.<\/p>\n<\/div><\/section><\/div><div  style='height:50px' class='hr hr-invisible   avia-builder-el-6  el_after_av_one_full  el_before_av_social_share '><span class='hr-inner ' ><span class='hr-inner-style'><\/span><\/span><\/div><\/p>\n<div  class='av-social-sharing-box  avia-builder-el-7  el_after_av_hr  el_before_av_hr  '><div class='av-share-box'><h5 class='av-share-link-description av-no-toc '>Compartir esta noticia<\/h5><ul class='av-share-box-list noLightbox'><li class='av-share-link av-social-link-facebook' ><a target=\"_blank\" aria-label=\"Compartir en Facebook\" href='https:\/\/www.facebook.com\/sharer.php?u=https:\/\/radiorevelacionfm.cl\/?p=45557&#038;t=Seremi%20Laibe%20destaca%20cumplimiento%20de%20primeros%20compromisos%20del%20Ministro%20Marcel%20en%20materia%20el%C3%A9ctrica' aria-hidden='false' data-av_icon='\ue8f3' data-av_iconfont='entypo-fontello' title='' data-avia-related-tooltip='Compartir en Facebook' rel=\"noopener\"><span class='avia_hidden_link_text'>Compartir en Facebook<\/span><\/a><\/li><li class='av-share-link av-social-link-twitter' ><a target=\"_blank\" aria-label=\"Compartir en Twitter\" href='https:\/\/twitter.com\/share?text=Seremi%20Laibe%20destaca%20cumplimiento%20de%20primeros%20compromisos%20del%20Ministro%20Marcel%20en%20materia%20el%C3%A9ctrica&#038;url=https:\/\/radiorevelacionfm.cl\/?p=45557' aria-hidden='false' data-av_icon='\ue8f1' data-av_iconfont='entypo-fontello' title='' data-avia-related-tooltip='Compartir en Twitter' rel=\"noopener\"><span class='avia_hidden_link_text'>Compartir en Twitter<\/span><\/a><\/li><li class='av-share-link av-social-link-whatsapp' ><a target=\"_blank\" aria-label=\"Compartir en Whatsapp\" href='https:\/\/api.whatsapp.com\/send?text=https:\/\/radiorevelacionfm.cl\/?p=45557' aria-hidden='false' data-av_icon='\uf232' data-av_iconfont='entypo-fontello' title='' data-avia-related-tooltip='Compartir en Whatsapp' rel=\"noopener\"><span class='avia_hidden_link_text'>Compartir en Whatsapp<\/span><\/a><\/li><li class='av-share-link av-social-link-linkedin' ><a target=\"_blank\" aria-label=\"Compartir en LinkedIn\" href='https:\/\/linkedin.com\/shareArticle?mini=true&#038;title=Seremi%20Laibe%20destaca%20cumplimiento%20de%20primeros%20compromisos%20del%20Ministro%20Marcel%20en%20materia%20el%C3%A9ctrica&#038;url=https:\/\/radiorevelacionfm.cl\/?p=45557' aria-hidden='false' data-av_icon='\ue8fc' data-av_iconfont='entypo-fontello' title='' data-avia-related-tooltip='Compartir en LinkedIn' rel=\"noopener\"><span class='avia_hidden_link_text'>Compartir en LinkedIn<\/span><\/a><\/li><li class='av-share-link av-social-link-mail' ><a  aria-label=\"Compartir por correo\" href='mailto:?subject=Seremi%20Laibe%20destaca%20cumplimiento%20de%20primeros%20compromisos%20del%20Ministro%20Marcel%20en%20materia%20el%C3%A9ctrica&#038;body=https:\/\/radiorevelacionfm.cl\/?p=45557' aria-hidden='false' data-av_icon='\ue805' data-av_iconfont='entypo-fontello' title='' data-avia-related-tooltip='Compartir por correo'><span class='avia_hidden_link_text'>Compartir por correo<\/span><\/a><\/li><\/ul><\/div><\/div>\n<div  style='height:50px' class='hr hr-invisible   avia-builder-el-8  el_after_av_social_share  el_before_av_comments_list '><span class='hr-inner ' ><span class='hr-inner-style'><\/span><\/span><\/div>\n<div  class='av-buildercomment  av-blog-meta-html-info-disabled av-blog-meta-tag-disabled  '><\/div>\n","protected":false},"excerpt":{"rendered":"","protected":false},"author":1,"featured_media":45558,"comment_status":"open","ping_status":"open","sticky":false,"template":"","format":"standard","meta":{"footnotes":""},"categories":[38],"tags":[],"class_list":["post-45557","post","type-post","status-publish","format-standard","has-post-thumbnail","hentry","category-regional"],"jetpack_featured_media_url":"https:\/\/radiorevelacionfm.cl\/wp-content\/uploads\/2024\/08\/foto-2-52-1_optimized-1.jpg","_links":{"self":[{"href":"https:\/\/radiorevelacionfm.cl\/index.php?rest_route=\/wp\/v2\/posts\/45557","targetHints":{"allow":["GET"]}}],"collection":[{"href":"https:\/\/radiorevelacionfm.cl\/index.php?rest_route=\/wp\/v2\/posts"}],"about":[{"href":"https:\/\/radiorevelacionfm.cl\/index.php?rest_route=\/wp\/v2\/types\/post"}],"author":[{"embeddable":true,"href":"https:\/\/radiorevelacionfm.cl\/index.php?rest_route=\/wp\/v2\/users\/1"}],"replies":[{"embeddable":true,"href":"https:\/\/radiorevelacionfm.cl\/index.php?rest_route=%2Fwp%2Fv2%2Fcomments&post=45557"}],"version-history":[{"count":1,"href":"https:\/\/radiorevelacionfm.cl\/index.php?rest_route=\/wp\/v2\/posts\/45557\/revisions"}],"predecessor-version":[{"id":45559,"href":"https:\/\/radiorevelacionfm.cl\/index.php?rest_route=\/wp\/v2\/posts\/45557\/revisions\/45559"}],"wp:featuredmedia":[{"embeddable":true,"href":"https:\/\/radiorevelacionfm.cl\/index.php?rest_route=\/wp\/v2\/media\/45558"}],"wp:attachment":[{"href":"https:\/\/radiorevelacionfm.cl\/index.php?rest_route=%2Fwp%2Fv2%2Fmedia&parent=45557"}],"wp:term":[{"taxonomy":"category","embeddable":true,"href":"https:\/\/radiorevelacionfm.cl\/index.php?rest_route=%2Fwp%2Fv2%2Fcategories&post=45557"},{"taxonomy":"post_tag","embeddable":true,"href":"https:\/\/radiorevelacionfm.cl\/index.php?rest_route=%2Fwp%2Fv2%2Ftags&post=45557"}],"curies":[{"name":"wp","href":"https:\/\/api.w.org\/{rel}","templated":true}]}}