{"id":45551,"date":"2024-08-28T12:59:54","date_gmt":"2024-08-28T15:59:54","guid":{"rendered":"https:\/\/radiorevelacionfm.cl\/?p=45551"},"modified":"2024-08-28T12:59:54","modified_gmt":"2024-08-28T15:59:54","slug":"que-son-las-lagunas-previsionales-y-como-mejoraria-el-ahorro-para-pensiones-el-seguro-aprobado-ad-referendum-en-la-comision-de-trabajo-del-senado","status":"publish","type":"post","link":"https:\/\/radiorevelacionfm.cl\/?p=45551","title":{"rendered":"\u00bfQu\u00e9 son las lagunas previsionales y c\u00f3mo mejorar\u00eda el ahorro para pensiones el seguro aprobado ad refer\u00e9ndum en la Comisi\u00f3n de Trabajo del Senado?"},"content":{"rendered":"<div class=\"flex_column av_one_full  flex_column_div av-zero-column-padding first  avia-builder-el-0  el_before_av_one_full  avia-builder-el-first  \" style='border-radius:0px; '><div  class='avia-image-container  av-styling-    avia-builder-el-1  avia-builder-el-no-sibling  avia-align-center '  itemprop=\"image\" itemscope=\"itemscope\" itemtype=\"https:\/\/schema.org\/ImageObject\"  ><div class='avia-image-container-inner'><div class='avia-image-overlay-wrap'><img decoding=\"async\" class='wp-image-45552 avia-img-lazy-loading-not-45552 avia_image' src=\"https:\/\/radiorevelacionfm.cl\/wp-content\/uploads\/2024\/08\/Dialogo-Reforma-Pensiones_Ministra-Jara_Coyhaique-1-1-1.jpeg\" alt='' title='Di\u00e1logo Reforma Pensiones_Ministra Jara_Coyhaique (1) (1) (1)' height=\"600\" width=\"800\"  itemprop=\"thumbnailUrl\" srcset=\"https:\/\/radiorevelacionfm.cl\/wp-content\/uploads\/2024\/08\/Dialogo-Reforma-Pensiones_Ministra-Jara_Coyhaique-1-1-1.jpeg 800w, https:\/\/radiorevelacionfm.cl\/wp-content\/uploads\/2024\/08\/Dialogo-Reforma-Pensiones_Ministra-Jara_Coyhaique-1-1-1-300x225.jpeg 300w, https:\/\/radiorevelacionfm.cl\/wp-content\/uploads\/2024\/08\/Dialogo-Reforma-Pensiones_Ministra-Jara_Coyhaique-1-1-1-768x576.jpeg 768w, https:\/\/radiorevelacionfm.cl\/wp-content\/uploads\/2024\/08\/Dialogo-Reforma-Pensiones_Ministra-Jara_Coyhaique-1-1-1-705x529.jpeg 705w, https:\/\/radiorevelacionfm.cl\/wp-content\/uploads\/2024\/08\/Dialogo-Reforma-Pensiones_Ministra-Jara_Coyhaique-1-1-1-450x338.jpeg 450w, https:\/\/radiorevelacionfm.cl\/wp-content\/uploads\/2024\/08\/Dialogo-Reforma-Pensiones_Ministra-Jara_Coyhaique-1-1-1-600x450.jpeg 600w\" sizes=\"(max-width: 800px) 100vw, 800px\" \/><\/div><\/div><\/div><\/div><div class=\"flex_column av_one_full  flex_column_div av-zero-column-padding first  avia-builder-el-2  el_after_av_one_full  el_before_av_one_full  column-top-margin\" style='border-radius:0px; '><section class=\"av_textblock_section \"  itemscope=\"itemscope\" itemtype=\"https:\/\/schema.org\/BlogPosting\" itemprop=\"blogPost\" ><div class='avia_textblock  '   itemprop=\"text\" ><p style=\"text-align: center;\"><span style=\"font-size: 18pt;\"><b>\u00bfQu\u00e9 son las lagunas previsionales y c\u00f3mo mejorar\u00eda el ahorro para pensiones el seguro aprobado ad refer\u00e9ndum en la Comisi\u00f3n de Trabajo del Senado?<\/b><\/span><\/p>\n<div id=\"gtx-trans\" style=\"position: absolute; left: -50px; top: 4.31534px;\">\n<div class=\"gtx-trans-icon\"><\/div>\n<\/div>\n<\/div><\/section><\/div><div class=\"flex_column av_one_full  flex_column_div av-zero-column-padding first  avia-builder-el-4  el_after_av_one_full  el_before_av_hr  column-top-margin\" style='border-radius:0px; '><section class=\"av_textblock_section \"  itemscope=\"itemscope\" itemtype=\"https:\/\/schema.org\/BlogPosting\" itemprop=\"blogPost\" ><div class='avia_textblock  '   itemprop=\"text\" ><p class=\"v1gmail-MsoListParagraph\" style=\"text-align: justify;\"><span lang=\"ES\">\u00a0&#8211; <\/span><i>La propuesta del gobierno contemplada en la reforma previsional, que extiende el beneficio a quienes hacen uso del Seguro de Cesant\u00eda con cargo a las cuentas individuales, casi triplicar\u00eda su cobertura.<\/i><i><\/i><\/p>\n<p class=\"v1gmail-MsoListParagraph\" style=\"text-align: justify;\"><span lang=\"ES\">&#8211; <\/span><i><span lang=\"ES\">Como resultado, se observar\u00eda un aumento del saldo promedio al momento del retiro de 2,89% para mujeres y 2,68% para hombres. En la Regi\u00f3n de Ays\u00e9n se calculan en 5.298 los potenciales beneficiarios\/as.<\/span><\/i><i><\/i><\/p>\n<p class=\"v1MsoNormal\" style=\"text-align: justify;\">Uno de los cambios importantes que contiene el proyecto de ley de reforma previsional, y que ya fue aprobado ad refer\u00e9ndum por parte de los parlamentarios que integran la Comisi\u00f3n de Trabajo y Previsi\u00f3n Social del Senado, dice relaci\u00f3n con la ampliaci\u00f3n del Seguro de Lagunas Previsionales, una medida que apunta a elevar la densidad de cotizaciones y, de esa forma, incrementar el ahorro para pensiones.<\/p>\n<p class=\"v1MsoNormal\" style=\"text-align: justify;\">Previo a la aprobaci\u00f3n ad refer\u00e9ndum, la iniciativa tambi\u00e9n tuvo el consenso por parte de los expertos del Comit\u00e9 T\u00e9cnico que se cre\u00f3 en la misma Comisi\u00f3n de Trabajo y Previsi\u00f3n Social del Senado, donde el proyecto se encuentra en segundo tr\u00e1mite constitucional.<\/p>\n<p class=\"v1MsoNormal\" style=\"text-align: justify;\">El Seremi de Trabajo y Previsi\u00f3n Social Ays\u00e9n, Rodrigo D\u00edaz Cordaro, explica sobre las lagunas previsionales, \u00abEsta semana tuvimos la visita del Ministro Marcel con quienes estuvimos conversando sobre el proyecto de Reforma de Pensiones ya que \u00e9l junto a nuestra Ministra Jeannette Jara son quienes est\u00e1n liderando esta iniciativa, en la cual las lagunas previsionales se presentan como uno de los grandes problemas que impactan en el monto de la pensi\u00f3n. En simple, \u00bfqu\u00e9 son las lagunas previsionales? Son los per\u00edodos donde el trabajador, la trabajadora, no cotiz\u00f3 \u00bfy por qu\u00e9 no cotiz\u00f3? Porque por ejemplo est\u00e1 sin cesante, est\u00e1 sin trabajo. Esto afecta la densidad de cotizaciones y se traduce en un menor ahorro, pudiendo tener un fuerte impacto en el monto de la pensi\u00f3n que reciban al momento de la jubilaci\u00f3n\u00bb, coment\u00f3 la autoridad laboral.<\/p>\n<p class=\"v1MsoNormal\" style=\"text-align: justify;\">Seg\u00fan datos de la Superintendencia de Pensiones, el promedio de densidad de cotizaciones para para la jubilaci\u00f3n, a noviembre de 2023, fue de 53,9% para el total de afiliados activos. Por ejemplo, una persona que, pese a haber tenido una vida laboral de 40 a\u00f1os, s\u00f3lo tendr\u00eda cotizaciones por 21 a\u00f1os y 7 meses, en promedio.<\/p>\n<p class=\"v1MsoNormal\" style=\"text-align: justify;\">Esta situaci\u00f3n es m\u00e1s cr\u00edtica en el caso de las mujeres que, a la misma fecha, tuvieron una media de densidad de cotizaci\u00f3n de 49,2%. Mientras, en los hombres la cifra fue de 58,2%.<\/p>\n<p class=\"v1MsoNormal\" style=\"text-align: justify;\">\u00bfQu\u00e9 propone al respecto la reforma de pensiones presentada por el Gobierno del Presidente Gabriel Boric? Hoy, si una persona accede a la prestaci\u00f3n del Seguro de Cesant\u00eda, con cargo al Fondo de Cesant\u00eda Solidario (FCS), \u00e9ste paga la cotizaci\u00f3n para pensi\u00f3n. Es lo que se llama el Seguro de Lagunas y su objetivo es aumentar la densidad de cotizaciones de las y los trabajadores para as\u00ed obtener una mejor pensi\u00f3n. Ahora bien, el Ejecutivo propone en la reforma ampliar su cobertura a quienes hagan uso del Seguro de Cesant\u00eda con cargo a sus cuentas individuales.<\/p>\n<p class=\"v1MsoNormal\" style=\"text-align: justify;\">\u00abActualmente, cuando las personas est\u00e1n desempleadas y acceden al Seguro de Cesant\u00eda, \u00e9ste paga las cotizaciones de pensi\u00f3n cuando hacen uso del Fondo de Cesant\u00eda Solidario, pero no cuando acceden a la Cuenta Individual de Cesant\u00eda (CIC)\u00bb, explic\u00f3 la ministra del Trabajo y Previsi\u00f3n Social, Jeannette Jara.<\/p>\n<p class=\"v1MsoNormal\" style=\"text-align: justify;\">La secretaria de Estado a\u00f1adi\u00f3 que \u00abla innovaci\u00f3n que incluir\u00e1 la reforma previsional que, como gobierno del Presidente Gabriel Boric hemos presentado al pa\u00eds y al Congreso, es que este Seguro de Lagunas tambi\u00e9n pague las cotizaciones para pensi\u00f3n, con cargo al Fondo Solidario, cuando las prestaciones se pagan tambi\u00e9n s\u00f3lo con cargo a la cuenta individual, extendiendo as\u00ed su cobertura\u00bb.<\/p>\n<p class=\"v1MsoNormal\" style=\"text-align: justify;\">Por ejemplo, entre junio de 2023 y mayo de 2024, se aprobaron un total de 1.435.583 solicitudes para el Seguro de Cesant\u00eda. De este total, el 26,9% corresponde a solicitudes con cargo al FCS, las cuales se encuentran cubiertas por el Seguro de Lagunas. As\u00ed, el 73,1% restante hoy no accede a esa cobertura.<\/p>\n<p class=\"v1MsoNormal\" style=\"text-align: justify;\">Si para dicho per\u00edodo se hubiera ampliado la cobertura del Seguro de Lagunas a aquellos que financian sus prestaciones a trav\u00e9s de la CIC, 1.050.038 solicitudes adicionales habr\u00edan dado lugar al beneficio. Esto representar\u00eda un aumento en cobertura de casi tres veces en el n\u00famero de beneficios.<\/p>\n<p class=\"v1MsoNormal\" style=\"text-align: justify;\">De este modo, y seg\u00fan las estimaciones de la Superintendencia de Pensiones, para una persona con ingreso y densidad promedio, se estima que la extensi\u00f3n del Seguro de Lagunas incrementar\u00eda la densidad de cotizaci\u00f3n promedio en 2,9% en el caso de las mujeres y en 3,2% para los hombres. Esto equivale, en 10 a\u00f1os de prestaci\u00f3n del Seguro de Lagunas, a 3,5 meses y 3,8 meses adicionales para mujeres y hombres, respectivamente. Como resultado de ello, se observar\u00eda un aumento del saldo al momento del retiro de 2,89% para mujeres y 2,68% para hombres.<\/p>\n<p class=\"v1MsoNormal\" style=\"text-align: justify;\">Cabe destacar que a junio de 2024 los fondos de cesant\u00eda totalizaron US$ 12.689 millones, los que se desagregan en US$ 9.625 millones de las Cuentas Individuales de Cesant\u00eda (CIC) y US$ 3.065 millones en el Fondo de Cesant\u00eda Solidario (FCS).<\/p>\n<p class=\"v1MsoNormal\" style=\"text-align: justify;\">Adem\u00e1s, el instrumento cuenta con m\u00e1s de 11,7 millones de afiliados y casi 5,1 millones de cotizantes. Por otro lado, en mayo de este 2024 se aprobaron 126.557 solicitudes para acceder a prestaciones del Seguro de Cesant\u00eda.<\/p>\n<p class=\"v1MsoNormal\" style=\"text-align: justify;\"><b>Caracterizaci\u00f3n de potenciales beneficiarios<\/b><\/p>\n<p class=\"v1MsoNormal\" style=\"text-align: justify;\">El Seremi D\u00edaz Cordaro afirm\u00f3 sobre los potenciales beneficiarios, \u00abComo ejemplo, si hacemos un ejercicio, entre junio de 2023 y mayo de 2024, de estar ya operativo el beneficio para los usuarios de la Cuenta Individual de Cesant\u00eda habr\u00edan sido un total de 1.050.038 las solicitudes adicionales a nivel nacional que habr\u00edan sido realizadas al Seguro de Lagunas.\u00a0En este caso, en la Regi\u00f3n de Ays\u00e9n, habr\u00eda potencialmente 5.298 beneficiarios y beneficiarias, que son equivalentes al 0,5% de las solicitudes nacionales posibles. Esto sin lugar a dudas, beneficiar\u00eda a las y los trabajadores en sus pensiones, sobre todo a las mujeres, quienes son las que m\u00e1s tienen lagunas previsionales y esta propuesta se ve como una medida concreta para aumentar las pensiones. Las pensiones deben mejorar urgentemente y debemos todos buscar soluciones y acuerdos para lograrlo\u00bb, manifest\u00f3 el Seremi de Trabajo y Previsi\u00f3n Social.<\/p>\n<p class=\"v1MsoNormal\" style=\"text-align: justify;\">Del total de 1.050.038 solicitudes adicionales en el periodo mencionado anteriormente, 379.455 habr\u00edan correspondido a realizadas por mujeres, equivalente a un\u00a036,1%.<\/p>\n<p class=\"v1MsoNormal\" style=\"text-align: justify;\">Por otro lado, desde el punto de vista regional, 417.935 de las solicitudes adicionales habr\u00edan sido de la Regi\u00f3n Metropolitana, un 39,8% del total; 103.824 a la Regi\u00f3n del Biob\u00edo, un 9,9% del universo; y 101.137 a la Regi\u00f3n de Valpara\u00edso, con un 9,6%.<\/p>\n<p class=\"v1MsoNormal\" style=\"text-align: justify;\">Le siguen la Regi\u00f3n del Maule, que habr\u00eda tenido 63.510 potenciales solicitudes, correspondiente a un 6,6% del universo; la Regi\u00f3n de O&#8217;Higgins, con 58.685, un 5,6% del total; y la Regi\u00f3n de Los Lagos, con 52.191, igual a un 5%.<\/p>\n<p class=\"v1MsoNormal\" style=\"text-align: justify;\">En la Regi\u00f3n de Coquimbo habr\u00eda 45.128 solicitudes, equivalente al 4,3%. Le seguir\u00edan La Araucan\u00eda, con 44.954 requerimientos, cifra que tambi\u00e9n representa un 4,3%; y Antofagasta, con 44.599, igual a un 4,2%.\u00a0Cierran la Regi\u00f3n de \u00d1uble, con 24.807 aplicaciones potenciales, correspondiente a un 2,4%; la Regi\u00f3n de Tarapac\u00e1, con 20.900 solicitudes, un 2% del total; la Regi\u00f3n de Atacama, con 19.094, un 1,8% del universo; Los R\u00edos, con 17.467 requerimientos, equivalente a un 1,7%; Arica y Parinacota, con 13.028 requerimientos, igual a 1,2% del total; Magallanes, con 11.117, un 1,1.<\/p>\n<p class=\"v1MsoNormal\" style=\"text-align: justify;\">Adem\u00e1s, hay 6.364 de las que no se cuentan informaci\u00f3n respecto del origen de la solicitud, correspondiente a un 0,6%.<\/p>\n<\/div><\/section><\/div><div  style='height:50px' class='hr hr-invisible   avia-builder-el-6  el_after_av_one_full  el_before_av_social_share '><span class='hr-inner ' ><span class='hr-inner-style'><\/span><\/span><\/div><\/p>\n<div  class='av-social-sharing-box  avia-builder-el-7  el_after_av_hr  el_before_av_hr  '><div class='av-share-box'><h5 class='av-share-link-description av-no-toc '>Compartir esta noticia<\/h5><ul class='av-share-box-list noLightbox'><li class='av-share-link av-social-link-facebook' ><a target=\"_blank\" aria-label=\"Compartir en Facebook\" href='https:\/\/www.facebook.com\/sharer.php?u=https:\/\/radiorevelacionfm.cl\/?p=45551&#038;t=%C2%BFQu%C3%A9%20son%20las%20lagunas%20previsionales%20y%20c%C3%B3mo%20mejorar%C3%ADa%20el%20ahorro%20para%20pensiones%20el%20seguro%20aprobado%20ad%20refer%C3%A9ndum%20en%20la%20Comisi%C3%B3n%20de%20Trabajo%20del%20Senado%3F' aria-hidden='false' data-av_icon='\ue8f3' data-av_iconfont='entypo-fontello' title='' data-avia-related-tooltip='Compartir en Facebook' rel=\"noopener\"><span class='avia_hidden_link_text'>Compartir en Facebook<\/span><\/a><\/li><li class='av-share-link av-social-link-twitter' ><a target=\"_blank\" aria-label=\"Compartir en Twitter\" href='https:\/\/twitter.com\/share?text=%C2%BFQu%C3%A9%20son%20las%20lagunas%20previsionales%20y%20c%C3%B3mo%20mejorar%C3%ADa%20el%20ahorro%20para%20pensiones%20el%20seguro%20aprobado%20ad%20refer%C3%A9ndum%20en%20la%20Comisi%C3%B3n%20de%20Trabajo%20del%20Senado%3F&#038;url=https:\/\/radiorevelacionfm.cl\/?p=45551' aria-hidden='false' data-av_icon='\ue8f1' data-av_iconfont='entypo-fontello' title='' data-avia-related-tooltip='Compartir en Twitter' rel=\"noopener\"><span class='avia_hidden_link_text'>Compartir en Twitter<\/span><\/a><\/li><li class='av-share-link av-social-link-whatsapp' ><a target=\"_blank\" aria-label=\"Compartir en Whatsapp\" href='https:\/\/api.whatsapp.com\/send?text=https:\/\/radiorevelacionfm.cl\/?p=45551' aria-hidden='false' data-av_icon='\uf232' data-av_iconfont='entypo-fontello' title='' data-avia-related-tooltip='Compartir en Whatsapp' rel=\"noopener\"><span class='avia_hidden_link_text'>Compartir en Whatsapp<\/span><\/a><\/li><li class='av-share-link av-social-link-linkedin' ><a target=\"_blank\" aria-label=\"Compartir en LinkedIn\" href='https:\/\/linkedin.com\/shareArticle?mini=true&#038;title=%C2%BFQu%C3%A9%20son%20las%20lagunas%20previsionales%20y%20c%C3%B3mo%20mejorar%C3%ADa%20el%20ahorro%20para%20pensiones%20el%20seguro%20aprobado%20ad%20refer%C3%A9ndum%20en%20la%20Comisi%C3%B3n%20de%20Trabajo%20del%20Senado%3F&#038;url=https:\/\/radiorevelacionfm.cl\/?p=45551' aria-hidden='false' data-av_icon='\ue8fc' data-av_iconfont='entypo-fontello' title='' data-avia-related-tooltip='Compartir en LinkedIn' rel=\"noopener\"><span class='avia_hidden_link_text'>Compartir en LinkedIn<\/span><\/a><\/li><li class='av-share-link av-social-link-mail' ><a  aria-label=\"Compartir por correo\" href='mailto:?subject=%C2%BFQu%C3%A9%20son%20las%20lagunas%20previsionales%20y%20c%C3%B3mo%20mejorar%C3%ADa%20el%20ahorro%20para%20pensiones%20el%20seguro%20aprobado%20ad%20refer%C3%A9ndum%20en%20la%20Comisi%C3%B3n%20de%20Trabajo%20del%20Senado%3F&#038;body=https:\/\/radiorevelacionfm.cl\/?p=45551' aria-hidden='false' data-av_icon='\ue805' data-av_iconfont='entypo-fontello' title='' data-avia-related-tooltip='Compartir por correo'><span class='avia_hidden_link_text'>Compartir por correo<\/span><\/a><\/li><\/ul><\/div><\/div>\n<div  style='height:50px' class='hr hr-invisible   avia-builder-el-8  el_after_av_social_share  el_before_av_comments_list '><span class='hr-inner ' ><span class='hr-inner-style'><\/span><\/span><\/div>\n<div  class='av-buildercomment  av-blog-meta-html-info-disabled av-blog-meta-tag-disabled  '><\/div>\n","protected":false},"excerpt":{"rendered":"","protected":false},"author":1,"featured_media":45552,"comment_status":"open","ping_status":"open","sticky":false,"template":"","format":"standard","meta":{"footnotes":""},"categories":[56],"tags":[],"class_list":["post-45551","post","type-post","status-publish","format-standard","has-post-thumbnail","hentry","category-trabajo"],"jetpack_featured_media_url":"https:\/\/radiorevelacionfm.cl\/wp-content\/uploads\/2024\/08\/Dialogo-Reforma-Pensiones_Ministra-Jara_Coyhaique-1-1-1.jpeg","_links":{"self":[{"href":"https:\/\/radiorevelacionfm.cl\/index.php?rest_route=\/wp\/v2\/posts\/45551","targetHints":{"allow":["GET"]}}],"collection":[{"href":"https:\/\/radiorevelacionfm.cl\/index.php?rest_route=\/wp\/v2\/posts"}],"about":[{"href":"https:\/\/radiorevelacionfm.cl\/index.php?rest_route=\/wp\/v2\/types\/post"}],"author":[{"embeddable":true,"href":"https:\/\/radiorevelacionfm.cl\/index.php?rest_route=\/wp\/v2\/users\/1"}],"replies":[{"embeddable":true,"href":"https:\/\/radiorevelacionfm.cl\/index.php?rest_route=%2Fwp%2Fv2%2Fcomments&post=45551"}],"version-history":[{"count":1,"href":"https:\/\/radiorevelacionfm.cl\/index.php?rest_route=\/wp\/v2\/posts\/45551\/revisions"}],"predecessor-version":[{"id":45553,"href":"https:\/\/radiorevelacionfm.cl\/index.php?rest_route=\/wp\/v2\/posts\/45551\/revisions\/45553"}],"wp:featuredmedia":[{"embeddable":true,"href":"https:\/\/radiorevelacionfm.cl\/index.php?rest_route=\/wp\/v2\/media\/45552"}],"wp:attachment":[{"href":"https:\/\/radiorevelacionfm.cl\/index.php?rest_route=%2Fwp%2Fv2%2Fmedia&parent=45551"}],"wp:term":[{"taxonomy":"category","embeddable":true,"href":"https:\/\/radiorevelacionfm.cl\/index.php?rest_route=%2Fwp%2Fv2%2Fcategories&post=45551"},{"taxonomy":"post_tag","embeddable":true,"href":"https:\/\/radiorevelacionfm.cl\/index.php?rest_route=%2Fwp%2Fv2%2Ftags&post=45551"}],"curies":[{"name":"wp","href":"https:\/\/api.w.org\/{rel}","templated":true}]}}