{"id":4555,"date":"2021-05-26T18:13:48","date_gmt":"2021-05-26T21:13:48","guid":{"rendered":"https:\/\/radiorevelacionfm.cl\/?p=4555"},"modified":"2021-05-26T18:13:48","modified_gmt":"2021-05-26T21:13:48","slug":"dirigentes-y-funcionarios-municipales-de-aysen-participaron-en-talleres-sobre-violencia-de-genero","status":"publish","type":"post","link":"https:\/\/radiorevelacionfm.cl\/?p=4555","title":{"rendered":"Dirigentes y funcionarios municipales de Ays\u00e9n participaron en talleres sobre Violencia de G\u00e9nero"},"content":{"rendered":"<div class=\"flex_column av_one_full  flex_column_div av-zero-column-padding first  avia-builder-el-0  el_before_av_one_full  avia-builder-el-first  \" style='border-radius:0px; '><div  class='avia-image-container  av-styling-    avia-builder-el-1  avia-builder-el-no-sibling  avia-align-center '  itemprop=\"image\" itemscope=\"itemscope\" itemtype=\"https:\/\/schema.org\/ImageObject\"  ><div class='avia-image-container-inner'><div class='avia-image-overlay-wrap'><img decoding=\"async\" class='wp-image-0 avia-img-lazy-loading-not-0 avia_image' src=\"https:\/\/radiorevelacionfm.cl\/wp-content\/uploads\/2021\/05\/taller-violencia-genero-muni-aysen_optimized.jpg\" alt='' title=''   itemprop=\"thumbnailUrl\"  \/><\/div><\/div><\/div><\/div><div class=\"flex_column av_one_full  flex_column_div av-zero-column-padding first  avia-builder-el-2  el_after_av_one_full  el_before_av_one_full  column-top-margin\" style='border-radius:0px; '><section class=\"av_textblock_section \"  itemscope=\"itemscope\" itemtype=\"https:\/\/schema.org\/BlogPosting\" itemprop=\"blogPost\" ><div class='avia_textblock  '   itemprop=\"text\" ><p style=\"text-align: center;\"><strong><span style=\"font-size: 18pt;\">Dirigentes y funcionarios municipales de Ays\u00e9n participaron en talleres sobre Violencia de G\u00e9nero\u00a0<\/span><\/strong><\/p>\n<div id=\"gtx-trans\" style=\"position: absolute; left: -50px; top: 4.31534px;\">\n<div class=\"gtx-trans-icon\"><\/div>\n<\/div>\n<\/div><\/section><\/div><div class=\"flex_column av_one_full  flex_column_div av-zero-column-padding first  avia-builder-el-4  el_after_av_one_full  el_before_av_hr  column-top-margin\" style='border-radius:0px; '><section class=\"av_textblock_section \"  itemscope=\"itemscope\" itemtype=\"https:\/\/schema.org\/BlogPosting\" itemprop=\"blogPost\" ><div class='avia_textblock  '   itemprop=\"text\" ><p style=\"font-weight: 400; text-align: justify;\">Una serie de talleres virtuales destinados a sensibilizar sobre la violencia contra las mujeres realiz\u00f3 el Servicio Nacional de la Mujer y la Equidad de G\u00e9nero, SernamEG, focalizados en funcionarias\/os de la Municipalidad de Ays\u00e9n y a dirigentas\/es sociales que trabajan en forma colaborativa con el Programa Plan de Seguridad P\u00fablica Comunal.<\/p>\n<p style=\"font-weight: 400; text-align: justify;\">La Directora Regional de SernamEG, Elizabeth Guti\u00e9rrez Eggers, junto con resaltar la invitaci\u00f3n realizada por el Municipio, precis\u00f3 que \u201cpara el Servicio es una labor permanente lograr que haya una sensibilidad especial a la hora entender esta problem\u00e1tica sociocultural en todas las instituciones; y en especial, respecto a las municipalidades porque son las entidades m\u00e1s cercanas a la comunidad. Si tenemos gente que tiene incorporado el enfoque de g\u00e9nero en su quehacer significar\u00e1 que la incorporar\u00e1 en las atenciones que realizan, lo que contribuye a nuestro llamado permanente de que todas las personas estamos llamadas a involucrarnos en erradicar la violencia contra las mujeres\u201d.<\/p>\n<p style=\"font-weight: 400; text-align: justify;\">De acuerdo, a los datos contemplados en el\u00a0Plan Comunal de Seguridad P\u00fablica de Ays\u00e9n 2021 \u2013 2024\u00a0recopilados por la Subsecretar\u00eda de la Prevenci\u00f3n del Delito del a\u00f1o 2019, la Violencia Intrafamiliar detalla que respecto a casos policiales que afecta a las mujeres aument\u00f3 de 142 a 164, entre 2018 y 2019. Por lo anterior, uno de los \u00e1mbitos del Plan Comunal es la Prevenci\u00f3n de la Violencia Intrafamiliar y Violencia contra la Mujer.<\/p>\n<p style=\"font-weight: 400; text-align: justify;\">La Encargada de Seguridad P\u00fablica del municipio aysenino, Jordana Hinostroza, explic\u00f3 que, si bien SernamEG no es una de las instituciones que conforman el Consejo de Seguridad P\u00fablica Comunal, s\u00ed es parte de las redes de trabajo intersectorial. \u201cEn el taller de SernamEG dirigido a las dirigentas\/es vecinales se les entregaron tips para identificar se\u00f1ales tempranas. La seguridad es un concepto amplio que abarca desde un da\u00f1o f\u00edsico, como por ejemplo un robo, hasta otras acciones como la l\u00ednea de violencia que abarca m\u00e1s all\u00e1 del \u00e1mbito intrafamiliar; las que, en su conjunto, forman parte del Plan Comunal de Seguridad P\u00fablica que apuntan a trabajar en forma directa. Sobre todo, con las juntas de vecinas\/os que a larga tienen una atenci\u00f3n directa en su sector\u201d, puntualiz\u00f3.<\/p>\n<p style=\"font-weight: 400; text-align: justify;\">En los talleres se dieron a conocer los distintos tipos de manifestaciones de violencia que ocurren tanto en el \u00e1mbito p\u00fablico como privado, los\u00a0 Chat Web 1455 y el WhatsApp Mujer (+569 97007000), herramientas para pedir orientaci\u00f3n y ayuda en caso de ser v\u00edctima o testigo de violencia. Asimismo, los canales para realizar denuncias por violencia intrafamiliar tales como Carabineros (Fono Familia 149), Polic\u00eda de Investigaciones (134) y en Fiscal\u00eda de Chile; en esta \u00faltima instituci\u00f3n este tr\u00e1mite se puede hacer en l\u00ednea a trav\u00e9s de la p\u00e1gina web\u00a0<a href=\"http:\/\/www.fiscaliadechile.cl\/\" data-saferedirecturl=\"https:\/\/www.google.com\/url?q=http:\/\/www.fiscaliadechile.cl&amp;source=gmail&amp;ust=1622147665102000&amp;usg=AFQjCNFvdv2QLWtdFL9oxqb9bLSIqcHAfA\">www.fiscaliadechile.cl<\/a>.<\/p>\n<p style=\"font-weight: 400; text-align: justify;\">Finalmente, la oferta disponible del SernamEG en el territorio comunal corresponde al Centro de la Mujer Naa Alver\u00e9, Tel\u00e9fono: 67 \u2013233 4855, Email:\u00a0<a href=\"mailto:centrodelamujer@puertoaysen.cl\">centrodelamujer@puertoaysen.cl<\/a>. Cabe mencionar que a los dispositivos pueden concurrir tanto personas que viven o vivieron alg\u00fan tipo de violencia, como aquellas que requieren informaci\u00f3n para apoyar a las mujeres.<\/p>\n<\/div><\/section><\/div><div  style='height:50px' class='hr hr-invisible   avia-builder-el-6  el_after_av_one_full  el_before_av_social_share '><span class='hr-inner ' ><span class='hr-inner-style'><\/span><\/span><\/div><\/p>\n<div  class='av-social-sharing-box  avia-builder-el-7  el_after_av_hr  el_before_av_hr  '><div class='av-share-box'><h5 class='av-share-link-description av-no-toc '>Compartir esta noticia<\/h5><ul class='av-share-box-list noLightbox'><li class='av-share-link av-social-link-facebook' ><a target=\"_blank\" aria-label=\"Compartir en Facebook\" href='https:\/\/www.facebook.com\/sharer.php?u=https:\/\/radiorevelacionfm.cl\/?p=4555&#038;t=Dirigentes%20y%20funcionarios%20municipales%20de%20Ays%C3%A9n%20participaron%20en%20talleres%20sobre%20Violencia%20de%20G%C3%A9nero' aria-hidden='false' data-av_icon='\ue8f3' data-av_iconfont='entypo-fontello' title='' data-avia-related-tooltip='Compartir en Facebook' rel=\"noopener\"><span class='avia_hidden_link_text'>Compartir en Facebook<\/span><\/a><\/li><li class='av-share-link av-social-link-twitter' ><a target=\"_blank\" aria-label=\"Compartir en Twitter\" href='https:\/\/twitter.com\/share?text=Dirigentes%20y%20funcionarios%20municipales%20de%20Ays%C3%A9n%20participaron%20en%20talleres%20sobre%20Violencia%20de%20G%C3%A9nero&#038;url=https:\/\/radiorevelacionfm.cl\/?p=4555' aria-hidden='false' data-av_icon='\ue8f1' data-av_iconfont='entypo-fontello' title='' data-avia-related-tooltip='Compartir en Twitter' rel=\"noopener\"><span class='avia_hidden_link_text'>Compartir en Twitter<\/span><\/a><\/li><li class='av-share-link av-social-link-whatsapp' ><a target=\"_blank\" aria-label=\"Compartir en Whatsapp\" href='https:\/\/api.whatsapp.com\/send?text=https:\/\/radiorevelacionfm.cl\/?p=4555' aria-hidden='false' data-av_icon='\uf232' data-av_iconfont='entypo-fontello' title='' data-avia-related-tooltip='Compartir en Whatsapp' rel=\"noopener\"><span class='avia_hidden_link_text'>Compartir en Whatsapp<\/span><\/a><\/li><li class='av-share-link av-social-link-linkedin' ><a target=\"_blank\" aria-label=\"Compartir en LinkedIn\" href='https:\/\/linkedin.com\/shareArticle?mini=true&#038;title=Dirigentes%20y%20funcionarios%20municipales%20de%20Ays%C3%A9n%20participaron%20en%20talleres%20sobre%20Violencia%20de%20G%C3%A9nero&#038;url=https:\/\/radiorevelacionfm.cl\/?p=4555' aria-hidden='false' data-av_icon='\ue8fc' data-av_iconfont='entypo-fontello' title='' data-avia-related-tooltip='Compartir en LinkedIn' rel=\"noopener\"><span class='avia_hidden_link_text'>Compartir en LinkedIn<\/span><\/a><\/li><li class='av-share-link av-social-link-mail' ><a  aria-label=\"Compartir por correo\" href='mailto:?subject=Dirigentes%20y%20funcionarios%20municipales%20de%20Ays%C3%A9n%20participaron%20en%20talleres%20sobre%20Violencia%20de%20G%C3%A9nero&#038;body=https:\/\/radiorevelacionfm.cl\/?p=4555' aria-hidden='false' data-av_icon='\ue805' data-av_iconfont='entypo-fontello' title='' data-avia-related-tooltip='Compartir por correo'><span class='avia_hidden_link_text'>Compartir por correo<\/span><\/a><\/li><\/ul><\/div><\/div>\n<div  style='height:50px' class='hr hr-invisible   avia-builder-el-8  el_after_av_social_share  el_before_av_comments_list '><span class='hr-inner ' ><span class='hr-inner-style'><\/span><\/span><\/div>\n<div  class='av-buildercomment  av-blog-meta-html-info-disabled av-blog-meta-tag-disabled  '><\/div>\n","protected":false},"excerpt":{"rendered":"","protected":false},"author":1,"featured_media":0,"comment_status":"open","ping_status":"open","sticky":false,"template":"","format":"standard","meta":{"footnotes":""},"categories":[38],"tags":[],"class_list":["post-4555","post","type-post","status-publish","format-standard","hentry","category-regional"],"jetpack_featured_media_url":"","_links":{"self":[{"href":"https:\/\/radiorevelacionfm.cl\/index.php?rest_route=\/wp\/v2\/posts\/4555","targetHints":{"allow":["GET"]}}],"collection":[{"href":"https:\/\/radiorevelacionfm.cl\/index.php?rest_route=\/wp\/v2\/posts"}],"about":[{"href":"https:\/\/radiorevelacionfm.cl\/index.php?rest_route=\/wp\/v2\/types\/post"}],"author":[{"embeddable":true,"href":"https:\/\/radiorevelacionfm.cl\/index.php?rest_route=\/wp\/v2\/users\/1"}],"replies":[{"embeddable":true,"href":"https:\/\/radiorevelacionfm.cl\/index.php?rest_route=%2Fwp%2Fv2%2Fcomments&post=4555"}],"version-history":[{"count":1,"href":"https:\/\/radiorevelacionfm.cl\/index.php?rest_route=\/wp\/v2\/posts\/4555\/revisions"}],"predecessor-version":[{"id":4557,"href":"https:\/\/radiorevelacionfm.cl\/index.php?rest_route=\/wp\/v2\/posts\/4555\/revisions\/4557"}],"wp:attachment":[{"href":"https:\/\/radiorevelacionfm.cl\/index.php?rest_route=%2Fwp%2Fv2%2Fmedia&parent=4555"}],"wp:term":[{"taxonomy":"category","embeddable":true,"href":"https:\/\/radiorevelacionfm.cl\/index.php?rest_route=%2Fwp%2Fv2%2Fcategories&post=4555"},{"taxonomy":"post_tag","embeddable":true,"href":"https:\/\/radiorevelacionfm.cl\/index.php?rest_route=%2Fwp%2Fv2%2Ftags&post=4555"}],"curies":[{"name":"wp","href":"https:\/\/api.w.org\/{rel}","templated":true}]}}