{"id":45548,"date":"2024-08-27T17:32:46","date_gmt":"2024-08-27T20:32:46","guid":{"rendered":"https:\/\/radiorevelacionfm.cl\/?p=45548"},"modified":"2024-08-27T17:32:46","modified_gmt":"2024-08-27T20:32:46","slug":"ind-entrego-implementacion-para-taller-de-tiro-con-arco-que-se-ejecuta-en-instituto-teleton","status":"publish","type":"post","link":"https:\/\/radiorevelacionfm.cl\/?p=45548","title":{"rendered":"IND entreg\u00f3 implementaci\u00f3n para taller de tiro con arco que se ejecuta en Instituto Telet\u00f3n"},"content":{"rendered":"<div class=\"flex_column av_one_full  flex_column_div av-zero-column-padding first  avia-builder-el-0  el_before_av_one_full  avia-builder-el-first  \" style='border-radius:0px; '><div  class='avia-image-container  av-styling-    avia-builder-el-1  avia-builder-el-no-sibling  avia-align-center '  itemprop=\"image\" itemscope=\"itemscope\" itemtype=\"https:\/\/schema.org\/ImageObject\"  ><div class='avia-image-container-inner'><div class='avia-image-overlay-wrap'><img decoding=\"async\" class='wp-image-45549 avia-img-lazy-loading-not-45549 avia_image' src=\"https:\/\/radiorevelacionfm.cl\/wp-content\/uploads\/2024\/08\/whatsapp-image-2024-08-27-at-11_optimized.50.21-am-1.jpeg\" alt='' title='whatsapp-image-2024-08-27-at-11_optimized.50.21-am-(1)' height=\"600\" width=\"800\"  itemprop=\"thumbnailUrl\" srcset=\"https:\/\/radiorevelacionfm.cl\/wp-content\/uploads\/2024\/08\/whatsapp-image-2024-08-27-at-11_optimized.50.21-am-1.jpeg 800w, https:\/\/radiorevelacionfm.cl\/wp-content\/uploads\/2024\/08\/whatsapp-image-2024-08-27-at-11_optimized.50.21-am-1-300x225.jpeg 300w, https:\/\/radiorevelacionfm.cl\/wp-content\/uploads\/2024\/08\/whatsapp-image-2024-08-27-at-11_optimized.50.21-am-1-768x576.jpeg 768w, https:\/\/radiorevelacionfm.cl\/wp-content\/uploads\/2024\/08\/whatsapp-image-2024-08-27-at-11_optimized.50.21-am-1-705x529.jpeg 705w, https:\/\/radiorevelacionfm.cl\/wp-content\/uploads\/2024\/08\/whatsapp-image-2024-08-27-at-11_optimized.50.21-am-1-450x338.jpeg 450w, https:\/\/radiorevelacionfm.cl\/wp-content\/uploads\/2024\/08\/whatsapp-image-2024-08-27-at-11_optimized.50.21-am-1-600x450.jpeg 600w\" sizes=\"(max-width: 800px) 100vw, 800px\" \/><\/div><\/div><\/div><\/div><div class=\"flex_column av_one_full  flex_column_div av-zero-column-padding first  avia-builder-el-2  el_after_av_one_full  el_before_av_one_full  column-top-margin\" style='border-radius:0px; '><section class=\"av_textblock_section \"  itemscope=\"itemscope\" itemtype=\"https:\/\/schema.org\/BlogPosting\" itemprop=\"blogPost\" ><div class='avia_textblock  '   itemprop=\"text\" ><p style=\"text-align: center;\"><span style=\"font-size: 18pt;\"><b>IND entreg\u00f3 implementaci\u00f3n para taller de tiro con arco que se ejecuta en Instituto Telet\u00f3n<\/b><\/span><\/p>\n<div id=\"gtx-trans\" style=\"position: absolute; left: -50px; top: 4.31534px;\">\n<div class=\"gtx-trans-icon\"><\/div>\n<\/div>\n<\/div><\/section><\/div><div class=\"flex_column av_one_full  flex_column_div av-zero-column-padding first  avia-builder-el-4  el_after_av_one_full  el_before_av_hr  column-top-margin\" style='border-radius:0px; '><section class=\"av_textblock_section \"  itemscope=\"itemscope\" itemtype=\"https:\/\/schema.org\/BlogPosting\" itemprop=\"blogPost\" ><div class='avia_textblock  '   itemprop=\"text\" ><div><em style=\"text-align: justify;\">La inversi\u00f3n que supera el mill\u00f3n de pesos, contempla arcos, flechas y cuerdas para arcos recurvos.<\/em><\/div>\n<div>\n<p style=\"text-align: justify;\">Usuarios del taller de tiro con arco paral\u00edmpico recibieron este material deportivo, adquirido por el Instituto Nacional de Deporte Regi\u00f3n de Ays\u00e9n, implementaci\u00f3n que les permitir\u00e1 seguir avanzando en este deporte.<\/p>\n<p style=\"text-align: justify;\">Con la presencia de la Coordinadora Administrativa de Instituto Telet\u00f3n Ays\u00e9n, Daniela Jim\u00e9nez, Javier Medina Mella, Director Regional (s) de IND, Daniel Pedreros, Coordinador Regional de la Unidad de ejercicio y deporte adaptado, de Telet\u00f3n Coyhaique y apoderados, se hizo entrega de esta nueva implementaci\u00f3n, la que finaliz\u00f3 con una demostraci\u00f3n por parte de los usuarios y monitores del taller.<\/p>\n<p style=\"text-align: justify;\">Durante la entrega, el Director Regional (s) del IND, Javier Medina Mella destac\u00f3 que: \u00abSiempre es un agradado visitar los talleres que IND imparte en la regi\u00f3n y especialmente los dos talleres que ejecutamos en el Instituto Telet\u00f3n; en esta ocasi\u00f3n visitamos el taller de tiro con arco para entregarles este nuevo material que consiste en 05 arcos, 100 flechas y 25 cuerdas para arcos recurvos, con una inversi\u00f3n que supera el mill\u00f3n de pesos, sumado a la contrataci\u00f3n de 2 profesores de talleres, por un monto de 6 millones en gastos de personal\u00bb, precis\u00f3.<\/p>\n<p style=\"text-align: justify;\">Asimismo, \u00a0Ana C\u00e1ceres, apoderada y usuaria del taller coment\u00f3: \u00abMi hija y yo llevamos tres a\u00f1os asistiendo al Instituto Telet\u00f3n y este a\u00f1o nos incorporamos ambas al taller de tiro con arco, hemos aprendido mucho sobre este deporte y mi hija cada vez est\u00e1 m\u00e1s interesada en realizar esta actividad deportiva que la tiene muy motivada\u00bb.<\/p>\n<p style=\"text-align: justify;\">Por su parte, la Seremi del Deporte de la Regi\u00f3n de Ays\u00e9n, Mar\u00eda Eugenia Dur\u00e1n Jara se\u00f1al\u00f3: \u00abComo gobierno del Presidente Boric, estamos comprometidos con la promoci\u00f3n de una cultura del movimiento para todos y todas; muestra de ello es este taller deportivo de Tiro con Arco, que forma parte del convenio de colaboraci\u00f3n entre IND y el Instituto Telet\u00f3n y que hoy se fortalece con esta nueva inversi\u00f3n en implementaci\u00f3n deportiva, que viene a potenciar, a\u00fan m\u00e1s, el desarrollo de esta disciplina en ni\u00f1as, ni\u00f1os y j\u00f3venes con discapacidad, complementando sus procesos de rehabilitaci\u00f3n a trav\u00e9s del deporte\u00bb.<\/p>\n<p style=\"text-align: justify;\">\n<\/div>\n<\/div><\/section><\/div><div  style='height:50px' class='hr hr-invisible   avia-builder-el-6  el_after_av_one_full  el_before_av_social_share '><span class='hr-inner ' ><span class='hr-inner-style'><\/span><\/span><\/div><\/p>\n<div  class='av-social-sharing-box  avia-builder-el-7  el_after_av_hr  el_before_av_hr  '><div class='av-share-box'><h5 class='av-share-link-description av-no-toc '>Compartir esta noticia<\/h5><ul class='av-share-box-list noLightbox'><li class='av-share-link av-social-link-facebook' ><a target=\"_blank\" aria-label=\"Compartir en Facebook\" href='https:\/\/www.facebook.com\/sharer.php?u=https:\/\/radiorevelacionfm.cl\/?p=45548&#038;t=IND%20entreg%C3%B3%20implementaci%C3%B3n%20para%20taller%20de%20tiro%20con%20arco%20que%20se%20ejecuta%20en%20Instituto%20Telet%C3%B3n' aria-hidden='false' data-av_icon='\ue8f3' data-av_iconfont='entypo-fontello' title='' data-avia-related-tooltip='Compartir en Facebook' rel=\"noopener\"><span class='avia_hidden_link_text'>Compartir en Facebook<\/span><\/a><\/li><li class='av-share-link av-social-link-twitter' ><a target=\"_blank\" aria-label=\"Compartir en Twitter\" href='https:\/\/twitter.com\/share?text=IND%20entreg%C3%B3%20implementaci%C3%B3n%20para%20taller%20de%20tiro%20con%20arco%20que%20se%20ejecuta%20en%20Instituto%20Telet%C3%B3n&#038;url=https:\/\/radiorevelacionfm.cl\/?p=45548' aria-hidden='false' data-av_icon='\ue8f1' data-av_iconfont='entypo-fontello' title='' data-avia-related-tooltip='Compartir en Twitter' rel=\"noopener\"><span class='avia_hidden_link_text'>Compartir en Twitter<\/span><\/a><\/li><li class='av-share-link av-social-link-whatsapp' ><a target=\"_blank\" aria-label=\"Compartir en Whatsapp\" href='https:\/\/api.whatsapp.com\/send?text=https:\/\/radiorevelacionfm.cl\/?p=45548' aria-hidden='false' data-av_icon='\uf232' data-av_iconfont='entypo-fontello' title='' data-avia-related-tooltip='Compartir en Whatsapp' rel=\"noopener\"><span class='avia_hidden_link_text'>Compartir en Whatsapp<\/span><\/a><\/li><li class='av-share-link av-social-link-linkedin' ><a target=\"_blank\" aria-label=\"Compartir en LinkedIn\" href='https:\/\/linkedin.com\/shareArticle?mini=true&#038;title=IND%20entreg%C3%B3%20implementaci%C3%B3n%20para%20taller%20de%20tiro%20con%20arco%20que%20se%20ejecuta%20en%20Instituto%20Telet%C3%B3n&#038;url=https:\/\/radiorevelacionfm.cl\/?p=45548' aria-hidden='false' data-av_icon='\ue8fc' data-av_iconfont='entypo-fontello' title='' data-avia-related-tooltip='Compartir en LinkedIn' rel=\"noopener\"><span class='avia_hidden_link_text'>Compartir en LinkedIn<\/span><\/a><\/li><li class='av-share-link av-social-link-mail' ><a  aria-label=\"Compartir por correo\" href='mailto:?subject=IND%20entreg%C3%B3%20implementaci%C3%B3n%20para%20taller%20de%20tiro%20con%20arco%20que%20se%20ejecuta%20en%20Instituto%20Telet%C3%B3n&#038;body=https:\/\/radiorevelacionfm.cl\/?p=45548' aria-hidden='false' data-av_icon='\ue805' data-av_iconfont='entypo-fontello' title='' data-avia-related-tooltip='Compartir por correo'><span class='avia_hidden_link_text'>Compartir por correo<\/span><\/a><\/li><\/ul><\/div><\/div>\n<div  style='height:50px' class='hr hr-invisible   avia-builder-el-8  el_after_av_social_share  el_before_av_comments_list '><span class='hr-inner ' ><span class='hr-inner-style'><\/span><\/span><\/div>\n<div  class='av-buildercomment  av-blog-meta-html-info-disabled av-blog-meta-tag-disabled  '><\/div>\n","protected":false},"excerpt":{"rendered":"","protected":false},"author":1,"featured_media":45549,"comment_status":"open","ping_status":"open","sticky":false,"template":"","format":"standard","meta":{"footnotes":""},"categories":[40],"tags":[],"class_list":["post-45548","post","type-post","status-publish","format-standard","has-post-thumbnail","hentry","category-deportes"],"jetpack_featured_media_url":"https:\/\/radiorevelacionfm.cl\/wp-content\/uploads\/2024\/08\/whatsapp-image-2024-08-27-at-11_optimized.50.21-am-1.jpeg","_links":{"self":[{"href":"https:\/\/radiorevelacionfm.cl\/index.php?rest_route=\/wp\/v2\/posts\/45548","targetHints":{"allow":["GET"]}}],"collection":[{"href":"https:\/\/radiorevelacionfm.cl\/index.php?rest_route=\/wp\/v2\/posts"}],"about":[{"href":"https:\/\/radiorevelacionfm.cl\/index.php?rest_route=\/wp\/v2\/types\/post"}],"author":[{"embeddable":true,"href":"https:\/\/radiorevelacionfm.cl\/index.php?rest_route=\/wp\/v2\/users\/1"}],"replies":[{"embeddable":true,"href":"https:\/\/radiorevelacionfm.cl\/index.php?rest_route=%2Fwp%2Fv2%2Fcomments&post=45548"}],"version-history":[{"count":1,"href":"https:\/\/radiorevelacionfm.cl\/index.php?rest_route=\/wp\/v2\/posts\/45548\/revisions"}],"predecessor-version":[{"id":45550,"href":"https:\/\/radiorevelacionfm.cl\/index.php?rest_route=\/wp\/v2\/posts\/45548\/revisions\/45550"}],"wp:featuredmedia":[{"embeddable":true,"href":"https:\/\/radiorevelacionfm.cl\/index.php?rest_route=\/wp\/v2\/media\/45549"}],"wp:attachment":[{"href":"https:\/\/radiorevelacionfm.cl\/index.php?rest_route=%2Fwp%2Fv2%2Fmedia&parent=45548"}],"wp:term":[{"taxonomy":"category","embeddable":true,"href":"https:\/\/radiorevelacionfm.cl\/index.php?rest_route=%2Fwp%2Fv2%2Fcategories&post=45548"},{"taxonomy":"post_tag","embeddable":true,"href":"https:\/\/radiorevelacionfm.cl\/index.php?rest_route=%2Fwp%2Fv2%2Ftags&post=45548"}],"curies":[{"name":"wp","href":"https:\/\/api.w.org\/{rel}","templated":true}]}}