{"id":45545,"date":"2024-08-27T19:15:39","date_gmt":"2024-08-27T22:15:39","guid":{"rendered":"https:\/\/radiorevelacionfm.cl\/?p=45545"},"modified":"2024-08-27T19:22:14","modified_gmt":"2024-08-27T22:22:14","slug":"robo-con-intimidacion-en-puerto-aysen-fiscalia-logra-la-prision-preventiva-para-2-imputados","status":"publish","type":"post","link":"https:\/\/radiorevelacionfm.cl\/?p=45545","title":{"rendered":"Robo con intimidaci\u00f3n en Puerto Ays\u00e9n: Fiscal\u00eda logra la prisi\u00f3n preventiva para 2 imputados"},"content":{"rendered":"<div class=\"flex_column av_one_full  flex_column_div av-zero-column-padding first  avia-builder-el-0  el_before_av_one_full  avia-builder-el-first  \" style='border-radius:0px; '><div  class='avia-image-container  av-styling-    avia-builder-el-1  avia-builder-el-no-sibling  avia-align-center '  itemprop=\"image\" itemscope=\"itemscope\" itemtype=\"https:\/\/schema.org\/ImageObject\"  ><div class='avia-image-container-inner'><div class='avia-image-overlay-wrap'><img decoding=\"async\" class='wp-image-45555 avia-img-lazy-loading-not-45555 avia_image' src=\"https:\/\/radiorevelacionfm.cl\/wp-content\/uploads\/2024\/08\/fiscalia_aysen_2-1-1-e1724788188724-1_optimized.jpg\" alt='' title='fiscalia_aysen_2-1-1-e1724788188724-(1)_optimized' height=\"600\" width=\"805\"  itemprop=\"thumbnailUrl\" srcset=\"https:\/\/radiorevelacionfm.cl\/wp-content\/uploads\/2024\/08\/fiscalia_aysen_2-1-1-e1724788188724-1_optimized.jpg 805w, https:\/\/radiorevelacionfm.cl\/wp-content\/uploads\/2024\/08\/fiscalia_aysen_2-1-1-e1724788188724-1_optimized-300x224.jpg 300w, https:\/\/radiorevelacionfm.cl\/wp-content\/uploads\/2024\/08\/fiscalia_aysen_2-1-1-e1724788188724-1_optimized-768x572.jpg 768w, https:\/\/radiorevelacionfm.cl\/wp-content\/uploads\/2024\/08\/fiscalia_aysen_2-1-1-e1724788188724-1_optimized-705x525.jpg 705w, https:\/\/radiorevelacionfm.cl\/wp-content\/uploads\/2024\/08\/fiscalia_aysen_2-1-1-e1724788188724-1_optimized-450x335.jpg 450w, https:\/\/radiorevelacionfm.cl\/wp-content\/uploads\/2024\/08\/fiscalia_aysen_2-1-1-e1724788188724-1_optimized-600x447.jpg 600w\" sizes=\"(max-width: 805px) 100vw, 805px\" \/><\/div><\/div><\/div><\/div><div class=\"flex_column av_one_full  flex_column_div av-zero-column-padding first  avia-builder-el-2  el_after_av_one_full  el_before_av_one_full  column-top-margin\" style='border-radius:0px; '><section class=\"av_textblock_section \"  itemscope=\"itemscope\" itemtype=\"https:\/\/schema.org\/BlogPosting\" itemprop=\"blogPost\" ><div class='avia_textblock  '   itemprop=\"text\" ><p style=\"text-align: center;\"><span style=\"font-size: 18pt;\"><b>Robo con intimidaci\u00f3n en Puerto Ays\u00e9n: Fiscal\u00eda logra la prisi\u00f3n preventiva para 2 imputados<\/b><\/span><\/p>\n<div id=\"gtx-trans\" style=\"position: absolute; left: -50px; top: 4.31534px;\">\n<div class=\"gtx-trans-icon\"><\/div>\n<\/div>\n<\/div><\/section><\/div><\/p>\n<div class=\"flex_column av_one_full  flex_column_div av-zero-column-padding first  avia-builder-el-4  el_after_av_one_full  el_before_av_hr  column-top-margin\" style='border-radius:0px; '><section class=\"av_textblock_section \"  itemscope=\"itemscope\" itemtype=\"https:\/\/schema.org\/BlogPosting\" itemprop=\"blogPost\" ><div class='avia_textblock  '   itemprop=\"text\" ><p><em>Uno de los detenidos tiene antecedentes penales anteriores.<\/em><\/p>\n<p style=\"font-weight: 400; text-align: justify;\">La Fiscal\u00eda Local de Ays\u00e9n logr\u00f3 que dos imputados de 29 y 21 a\u00f1os fueran puestos en prisi\u00f3n preventiva por el delito de robo con intimidaci\u00f3n en grado de tentativa, el cual afect\u00f3 a una v\u00edctima de 17 a\u00f1os la noche del mi\u00e9rcoles reci\u00e9n pasado.<\/p>\n<p style=\"font-weight: 400; text-align: justify;\">Seg\u00fan explic\u00f3 el fiscal Alex Olivero, \u201cefectivamente, Carabineros recibe un llamado alrededor de las 22:19 horas, en que unas personas dan cuenta que un joven, v\u00edctima de 17 a\u00f1os, sal\u00eda del polideportivo en direcci\u00f3n a su domicilio y dos personas j\u00f3venes, hombres, mayores de edad, lo abordan y realizan acciones con el efecto de intimidarlo para sustraerle especies\u201d.<\/p>\n<p style=\"font-weight: 400; text-align: justify;\">El fiscal Olivero a\u00f1adi\u00f3 que \u201c\u00e9l huye del lugar hasta su domicilio cercano, le da cuenta a su familia, salen con su pap\u00e1, ubican a las personas y las retienen. Concurre Carabineros, proceden a la detenci\u00f3n\u201d.<\/p>\n<p style=\"font-weight: 400; text-align: justify;\">El persecutor penal agreg\u00f3 que al d\u00eda siguiente se llev\u00f3 a efecto la audiencia de control de detenci\u00f3n, la cual fue declarada legal, donde se formaliz\u00f3 a los dos imputados por el delito de robo con intimidaci\u00f3n. En dicha audiencia, \u201cse solicita la medida cautelar de prisi\u00f3n preventiva, se decreta la prisi\u00f3n preventiva respecto de uno de ellos, el cual ten\u00eda antecedentes anteriores y respecto del otro no se da lugar a la prisi\u00f3n preventiva, solamente arresto domiciliario, por lo cual apelamos a la Ilustr\u00edsima Corte de Apelaciones, la cual el d\u00eda siguiente ve este recurso y decide revocar la resoluci\u00f3n y disponer en definitiva la prisi\u00f3n preventiva\u201d. La apelaci\u00f3n de esta causa fue alegada ante la Ilustr\u00edsima Corte de Apelaciones por la Unidad de Asesor\u00eda Jur\u00eddica de la Fiscal\u00eda.<\/p>\n<p style=\"font-weight: 400; text-align: justify;\">Ambos imputados, concluy\u00f3 el fiscal Olivero, \u201cquedaron con la medida cautelar de prisi\u00f3n preventiva mientras dure la investigaci\u00f3n, fij\u00e1ndose un plazo de 45 d\u00edas\u201d.<\/p>\n<\/div><\/section><\/div><div  style='height:50px' class='hr hr-invisible   avia-builder-el-6  el_after_av_one_full  el_before_av_social_share '><span class='hr-inner ' ><span class='hr-inner-style'><\/span><\/span><\/div><\/p>\n<div  class='av-social-sharing-box  avia-builder-el-7  el_after_av_hr  el_before_av_hr  '><div class='av-share-box'><h5 class='av-share-link-description av-no-toc '>Compartir esta noticia<\/h5><ul class='av-share-box-list noLightbox'><li class='av-share-link av-social-link-facebook' ><a target=\"_blank\" aria-label=\"Compartir en Facebook\" href='https:\/\/www.facebook.com\/sharer.php?u=https:\/\/radiorevelacionfm.cl\/?p=45545&#038;t=Robo%20con%20intimidaci%C3%B3n%20en%20Puerto%20Ays%C3%A9n%3A%20Fiscal%C3%ADa%20logra%20la%20prisi%C3%B3n%20preventiva%20para%202%20imputados' aria-hidden='false' data-av_icon='\ue8f3' data-av_iconfont='entypo-fontello' title='' data-avia-related-tooltip='Compartir en Facebook' rel=\"noopener\"><span class='avia_hidden_link_text'>Compartir en Facebook<\/span><\/a><\/li><li class='av-share-link av-social-link-twitter' ><a target=\"_blank\" aria-label=\"Compartir en Twitter\" href='https:\/\/twitter.com\/share?text=Robo%20con%20intimidaci%C3%B3n%20en%20Puerto%20Ays%C3%A9n%3A%20Fiscal%C3%ADa%20logra%20la%20prisi%C3%B3n%20preventiva%20para%202%20imputados&#038;url=https:\/\/radiorevelacionfm.cl\/?p=45545' aria-hidden='false' data-av_icon='\ue8f1' data-av_iconfont='entypo-fontello' title='' data-avia-related-tooltip='Compartir en Twitter' rel=\"noopener\"><span class='avia_hidden_link_text'>Compartir en Twitter<\/span><\/a><\/li><li class='av-share-link av-social-link-whatsapp' ><a target=\"_blank\" aria-label=\"Compartir en Whatsapp\" href='https:\/\/api.whatsapp.com\/send?text=https:\/\/radiorevelacionfm.cl\/?p=45545' aria-hidden='false' data-av_icon='\uf232' data-av_iconfont='entypo-fontello' title='' data-avia-related-tooltip='Compartir en Whatsapp' rel=\"noopener\"><span class='avia_hidden_link_text'>Compartir en Whatsapp<\/span><\/a><\/li><li class='av-share-link av-social-link-linkedin' ><a target=\"_blank\" aria-label=\"Compartir en LinkedIn\" href='https:\/\/linkedin.com\/shareArticle?mini=true&#038;title=Robo%20con%20intimidaci%C3%B3n%20en%20Puerto%20Ays%C3%A9n%3A%20Fiscal%C3%ADa%20logra%20la%20prisi%C3%B3n%20preventiva%20para%202%20imputados&#038;url=https:\/\/radiorevelacionfm.cl\/?p=45545' aria-hidden='false' data-av_icon='\ue8fc' data-av_iconfont='entypo-fontello' title='' data-avia-related-tooltip='Compartir en LinkedIn' rel=\"noopener\"><span class='avia_hidden_link_text'>Compartir en LinkedIn<\/span><\/a><\/li><li class='av-share-link av-social-link-mail' ><a  aria-label=\"Compartir por correo\" href='mailto:?subject=Robo%20con%20intimidaci%C3%B3n%20en%20Puerto%20Ays%C3%A9n%3A%20Fiscal%C3%ADa%20logra%20la%20prisi%C3%B3n%20preventiva%20para%202%20imputados&#038;body=https:\/\/radiorevelacionfm.cl\/?p=45545' aria-hidden='false' data-av_icon='\ue805' data-av_iconfont='entypo-fontello' title='' data-avia-related-tooltip='Compartir por correo'><span class='avia_hidden_link_text'>Compartir por correo<\/span><\/a><\/li><\/ul><\/div><\/div>\n<div  style='height:50px' class='hr hr-invisible   avia-builder-el-8  el_after_av_social_share  el_before_av_comments_list '><span class='hr-inner ' ><span class='hr-inner-style'><\/span><\/span><\/div>\n<div  class='av-buildercomment  av-blog-meta-html-info-disabled av-blog-meta-tag-disabled  '><\/div>\n","protected":false},"excerpt":{"rendered":"","protected":false},"author":1,"featured_media":45555,"comment_status":"open","ping_status":"open","sticky":false,"template":"","format":"standard","meta":{"footnotes":""},"categories":[55],"tags":[],"class_list":["post-45545","post","type-post","status-publish","format-standard","has-post-thumbnail","hentry","category-justicia"],"jetpack_featured_media_url":"https:\/\/radiorevelacionfm.cl\/wp-content\/uploads\/2024\/08\/fiscalia_aysen_2-1-1-e1724788188724-1_optimized.jpg","_links":{"self":[{"href":"https:\/\/radiorevelacionfm.cl\/index.php?rest_route=\/wp\/v2\/posts\/45545","targetHints":{"allow":["GET"]}}],"collection":[{"href":"https:\/\/radiorevelacionfm.cl\/index.php?rest_route=\/wp\/v2\/posts"}],"about":[{"href":"https:\/\/radiorevelacionfm.cl\/index.php?rest_route=\/wp\/v2\/types\/post"}],"author":[{"embeddable":true,"href":"https:\/\/radiorevelacionfm.cl\/index.php?rest_route=\/wp\/v2\/users\/1"}],"replies":[{"embeddable":true,"href":"https:\/\/radiorevelacionfm.cl\/index.php?rest_route=%2Fwp%2Fv2%2Fcomments&post=45545"}],"version-history":[{"count":3,"href":"https:\/\/radiorevelacionfm.cl\/index.php?rest_route=\/wp\/v2\/posts\/45545\/revisions"}],"predecessor-version":[{"id":45556,"href":"https:\/\/radiorevelacionfm.cl\/index.php?rest_route=\/wp\/v2\/posts\/45545\/revisions\/45556"}],"wp:featuredmedia":[{"embeddable":true,"href":"https:\/\/radiorevelacionfm.cl\/index.php?rest_route=\/wp\/v2\/media\/45555"}],"wp:attachment":[{"href":"https:\/\/radiorevelacionfm.cl\/index.php?rest_route=%2Fwp%2Fv2%2Fmedia&parent=45545"}],"wp:term":[{"taxonomy":"category","embeddable":true,"href":"https:\/\/radiorevelacionfm.cl\/index.php?rest_route=%2Fwp%2Fv2%2Fcategories&post=45545"},{"taxonomy":"post_tag","embeddable":true,"href":"https:\/\/radiorevelacionfm.cl\/index.php?rest_route=%2Fwp%2Fv2%2Ftags&post=45545"}],"curies":[{"name":"wp","href":"https:\/\/api.w.org\/{rel}","templated":true}]}}