{"id":45542,"date":"2024-08-28T11:05:44","date_gmt":"2024-08-28T14:05:44","guid":{"rendered":"https:\/\/radiorevelacionfm.cl\/?p=45542"},"modified":"2024-08-28T16:00:24","modified_gmt":"2024-08-28T19:00:24","slug":"proyecto-mi-energia-revoluciona-el-acceso-a-la-energia-solar-en-aysen","status":"publish","type":"post","link":"https:\/\/radiorevelacionfm.cl\/?p=45542","title":{"rendered":"Proyecto \u00abMi Energ\u00eda\u00bb revoluciona el acceso a la Energ\u00eda Solar en Ays\u00e9n"},"content":{"rendered":"<div class=\"flex_column av_one_full  flex_column_div av-zero-column-padding first  avia-builder-el-0  el_before_av_one_full  avia-builder-el-first  \" style='border-radius:0px; '><div  class='avia-image-container  av-styling-    avia-builder-el-1  avia-builder-el-no-sibling  avia-align-center '  itemprop=\"image\" itemscope=\"itemscope\" itemtype=\"https:\/\/schema.org\/ImageObject\"  ><div class='avia-image-container-inner'><div class='avia-image-overlay-wrap'><img decoding=\"async\" class='wp-image-45567 avia-img-lazy-loading-not-45567 avia_image' src=\"https:\/\/radiorevelacionfm.cl\/wp-content\/uploads\/2024\/08\/457321521_1045659747559919_686076637441596160_n-1-1_optimized-1.jpg\" alt='' title='457321521_1045659747559919_686076637441596160_n-(1)-(1)_optimized (1)' height=\"600\" width=\"1067\"  itemprop=\"thumbnailUrl\" srcset=\"https:\/\/radiorevelacionfm.cl\/wp-content\/uploads\/2024\/08\/457321521_1045659747559919_686076637441596160_n-1-1_optimized-1.jpg 1067w, https:\/\/radiorevelacionfm.cl\/wp-content\/uploads\/2024\/08\/457321521_1045659747559919_686076637441596160_n-1-1_optimized-1-300x169.jpg 300w, https:\/\/radiorevelacionfm.cl\/wp-content\/uploads\/2024\/08\/457321521_1045659747559919_686076637441596160_n-1-1_optimized-1-1030x579.jpg 1030w, https:\/\/radiorevelacionfm.cl\/wp-content\/uploads\/2024\/08\/457321521_1045659747559919_686076637441596160_n-1-1_optimized-1-768x432.jpg 768w, https:\/\/radiorevelacionfm.cl\/wp-content\/uploads\/2024\/08\/457321521_1045659747559919_686076637441596160_n-1-1_optimized-1-705x396.jpg 705w, https:\/\/radiorevelacionfm.cl\/wp-content\/uploads\/2024\/08\/457321521_1045659747559919_686076637441596160_n-1-1_optimized-1-450x253.jpg 450w, https:\/\/radiorevelacionfm.cl\/wp-content\/uploads\/2024\/08\/457321521_1045659747559919_686076637441596160_n-1-1_optimized-1-600x337.jpg 600w\" sizes=\"(max-width: 1067px) 100vw, 1067px\" \/><\/div><\/div><\/div><\/div><div class=\"flex_column av_one_full  flex_column_div av-zero-column-padding first  avia-builder-el-2  el_after_av_one_full  el_before_av_one_full  column-top-margin\" style='border-radius:0px; '><section class=\"av_textblock_section \"  itemscope=\"itemscope\" itemtype=\"https:\/\/schema.org\/BlogPosting\" itemprop=\"blogPost\" ><div class='avia_textblock  '   itemprop=\"text\" ><p style=\"text-align: center;\"><strong><span style=\"font-size: 18pt;\">Proyecto \u00abMi Energ\u00eda\u00bb revoluciona el acceso a la Energ\u00eda Solar en Ays\u00e9n<\/span><\/strong><\/p>\n<div id=\"gtx-trans\" style=\"position: absolute; left: -50px; top: 4.31534px;\">\n<div class=\"gtx-trans-icon\"><\/div>\n<\/div>\n<\/div><\/section><\/div><\/p>\n<div class=\"flex_column av_one_full  flex_column_div av-zero-column-padding first  avia-builder-el-4  el_after_av_one_full  el_before_av_hr  column-top-margin\" style='border-radius:0px; '><section class=\"av_textblock_section \"  itemscope=\"itemscope\" itemtype=\"https:\/\/schema.org\/BlogPosting\" itemprop=\"blogPost\" ><div class='avia_textblock  '   itemprop=\"text\" ><p style=\"font-weight: 400; text-align: justify;\"><em>La iniciativa apoyada por Corfo Ays\u00e9n permite a los hogares invertir en paneles solares virtuales democratizando el acceso a energ\u00eda limpia.<\/em><\/p>\n<p style=\"font-weight: 400; text-align: justify;\">Las recientes modificaciones en la Ley de Energ\u00eda Renovable han abierto un abanico de posibilidades para la generaci\u00f3n y el uso de energ\u00eda limpia en Chile. Estas innovaciones est\u00e1n dise\u00f1adas para democratizar el acceso a la energ\u00eda solar, permitiendo que cualquier persona pueda beneficiarse de inversiones compartidas en grandes proyectos fotovoltaicos, incluso si no poseen un espacio adecuado en su residencia.<\/p>\n<p style=\"font-weight: 400; text-align: justify;\">En este contexto la empresa\u00a0<a href=\"https:\/\/www.youtube.com\/@antuenergia8810\/featured\" data-saferedirecturl=\"https:\/\/www.google.com\/url?q=https:\/\/www.youtube.com\/@antuenergia8810\/featured&amp;source=gmail&amp;ust=1724873972364000&amp;usg=AOvVaw1S-D6eZLR2bgr4gCYrGMuZ\">Ant\u00fc Energ\u00eda<\/a>\u00a0lanz\u00f3 el proyecto\u00a0<em>Mi Energ\u00eda, Paneles Solares Virtuales (PSV)<\/em>, apoyado por Corfo a trav\u00e9s del programa Semilla Inicia Sostenible. Esta iniciativa busca hacer la energ\u00eda solar accesible a m\u00e1s personas, digitalizando y automatizando el proceso de adquisici\u00f3n de paneles solares (token). Este modelo innovador permite a hogares y pymes participar en la generaci\u00f3n de energ\u00eda limpia sin la necesidad de espacio f\u00edsico para los paneles, permitiendo generar energ\u00eda solar con un costo inicial reducido, eliminando las barreras de emplazamiento y fomentando la asociatividad en proyectos de hasta 300 kW.<\/p>\n<p style=\"font-weight: 400; text-align: justify;\">\u201cLa modificaci\u00f3n de la Ley Netbilling 21.118 ha reducido significativamente el costo inicial de inversi\u00f3n en sistemas de energ\u00eda renovable, facilitando un acceso m\u00e1s amplio a tecnolog\u00edas limpias en todo Chile\u201d, explic\u00f3 Humberto Mar\u00edn Leiva, director de Corfo Ays\u00e9n. Este avance legislativo, que favorece la asociatividad en proyectos de hasta 300 kW, permite a los usuarios unir esfuerzos para\u00a0disminuir la intensidad de capital\u00a0y maximizar beneficios. \u201cEste proyecto representa una forma innovadora de gestionar la energ\u00eda a peque\u00f1a escala en la regi\u00f3n de Ays\u00e9n. No solo impulsa la transici\u00f3n hacia energ\u00edas limpias, sino que tambi\u00e9n fortalece nuestro compromiso con la mitigaci\u00f3n del cambio clim\u00e1tico y el desarrollo sostenible en Chile. Al apoyar los objetivos de carbono neutralidad para 2050, damos un paso significativo hacia un futuro m\u00e1s sostenible y eficiente para todos\u201d.<\/p>\n<p style=\"font-weight: 400; text-align: justify;\">Las recientes modificaciones legales han introducido mecanismos innovadores para impulsar la energ\u00eda renovable y distribuida. Manuel Mata Mata, de la empresa\u00a0<a href=\"https:\/\/www.instagram.com\/antu.energia\/\" data-saferedirecturl=\"https:\/\/www.google.com\/url?q=https:\/\/www.instagram.com\/antu.energia\/&amp;source=gmail&amp;ust=1724873972364000&amp;usg=AOvVaw12Zhn0hIy3foRVGfp1bk-x\">Ant\u00fc Energ\u00eda<\/a>, destac\u00f3 que \u00abestas modificaciones facilitan la creaci\u00f3n de grandes plantas fotovoltaicas con participaciones compartidas y permiten gestionar las inyecciones de energ\u00eda a trav\u00e9s de la distribuidora el\u00e9ctrica\u00bb. Entre las novedades est\u00e1n el\u00a0<strong>Descuento Remoto,<\/strong>\u00a0que permite a cualquier persona instalar paneles solares en un lugar diferente a su residencia y descontar la producci\u00f3n de energ\u00eda de su boleta de electricidad, y la\u00a0<strong>Propiedad Compartida<\/strong>, que permite a varios usuarios colaborar en un proyecto de generaci\u00f3n de energ\u00eda, asignando los beneficios de la producci\u00f3n seg\u00fan el porcentaje de participaci\u00f3n.<\/p>\n<p style=\"font-weight: 400; text-align: justify;\">Mata agreg\u00f3 que \u00abeste proyecto busca unir a la comunidad en torno a las energ\u00edas sostenibles y limpias. Es un paso hacia la creaci\u00f3n, durante este semestre, de una planta fotovoltaica de propiedad compartida que ayudar\u00e1 a reducir las alzas en las cuentas de luz de quienes participen en la convocatoria\u00bb.<\/p>\n<p style=\"font-weight: 400; text-align: justify;\"><strong>INNOVACI\u00d3N<\/strong><\/p>\n<p style=\"font-weight: 400; text-align: justify;\">El proyecto\u00a0<em>Mi Energ\u00eda<\/em>\u00a0permite a los usuarios adquirir Paneles Fotovoltaicos Virtuales (PSV) sin necesidad de poseer los paneles f\u00edsicamente. Cada PSV representa una fracci\u00f3n de la capacidad de generaci\u00f3n de una planta solar real, y los poseedores se benefician de descuentos en sus facturas el\u00e9ctricas proporcionales a su participaci\u00f3n. Gracias a la digitalizaci\u00f3n y automatizaci\u00f3n del proceso de adquisici\u00f3n, se eliminan las barreras f\u00edsicas y econ\u00f3micas, facilitando el acceso a la energ\u00eda solar y generando descuentos mensuales en las facturas el\u00e9ctricas.<\/p>\n<p style=\"font-weight: 400; text-align: justify;\">Adem\u00e1s de reducir el costo de la energ\u00eda para los hogares, el proyecto contribuye al desarrollo sostenible y a la descarbonizaci\u00f3n de la matriz energ\u00e9tica chilena. El piloto se realizar\u00e1 en el Liceo San Felipe Benicio, que instalar\u00e1 paneles solares en el techo del liceo, evaluar\u00e1 este modelo con PYMES y particulares. La energ\u00eda generada se dividir\u00e1 entre el liceo y los participantes del modelo de negocio. Los inversionistas recibir\u00e1n descuentos en sus boletas de electricidad, todo bajo un modelo simplificado inspirado en cooperativas, que elimina la necesidad de asambleas o votaciones.<\/p>\n<\/div><\/section><\/div>\n<div  style='height:50px' class='hr hr-invisible   avia-builder-el-6  el_after_av_one_full  el_before_av_social_share '><span class='hr-inner ' ><span class='hr-inner-style'><\/span><\/span><\/div>\n<div  class='av-social-sharing-box  avia-builder-el-7  el_after_av_hr  el_before_av_hr  '><div class='av-share-box'><h5 class='av-share-link-description av-no-toc '>Compartir esta noticia<\/h5><ul class='av-share-box-list noLightbox'><li class='av-share-link av-social-link-facebook' ><a target=\"_blank\" aria-label=\"Compartir en Facebook\" href='https:\/\/www.facebook.com\/sharer.php?u=https:\/\/radiorevelacionfm.cl\/?p=45542&#038;t=Proyecto%20%C2%ABMi%20Energ%C3%ADa%C2%BB%20revoluciona%20el%20acceso%20a%20la%20Energ%C3%ADa%20Solar%20en%20Ays%C3%A9n' aria-hidden='false' data-av_icon='\ue8f3' data-av_iconfont='entypo-fontello' title='' data-avia-related-tooltip='Compartir en Facebook' rel=\"noopener\"><span class='avia_hidden_link_text'>Compartir en Facebook<\/span><\/a><\/li><li class='av-share-link av-social-link-twitter' ><a target=\"_blank\" aria-label=\"Compartir en Twitter\" href='https:\/\/twitter.com\/share?text=Proyecto%20%C2%ABMi%20Energ%C3%ADa%C2%BB%20revoluciona%20el%20acceso%20a%20la%20Energ%C3%ADa%20Solar%20en%20Ays%C3%A9n&#038;url=https:\/\/radiorevelacionfm.cl\/?p=45542' aria-hidden='false' data-av_icon='\ue8f1' data-av_iconfont='entypo-fontello' title='' data-avia-related-tooltip='Compartir en Twitter' rel=\"noopener\"><span class='avia_hidden_link_text'>Compartir en Twitter<\/span><\/a><\/li><li class='av-share-link av-social-link-whatsapp' ><a target=\"_blank\" aria-label=\"Compartir en Whatsapp\" href='https:\/\/api.whatsapp.com\/send?text=https:\/\/radiorevelacionfm.cl\/?p=45542' aria-hidden='false' data-av_icon='\uf232' data-av_iconfont='entypo-fontello' title='' data-avia-related-tooltip='Compartir en Whatsapp' rel=\"noopener\"><span class='avia_hidden_link_text'>Compartir en Whatsapp<\/span><\/a><\/li><li class='av-share-link av-social-link-linkedin' ><a target=\"_blank\" aria-label=\"Compartir en LinkedIn\" href='https:\/\/linkedin.com\/shareArticle?mini=true&#038;title=Proyecto%20%C2%ABMi%20Energ%C3%ADa%C2%BB%20revoluciona%20el%20acceso%20a%20la%20Energ%C3%ADa%20Solar%20en%20Ays%C3%A9n&#038;url=https:\/\/radiorevelacionfm.cl\/?p=45542' aria-hidden='false' data-av_icon='\ue8fc' data-av_iconfont='entypo-fontello' title='' data-avia-related-tooltip='Compartir en LinkedIn' rel=\"noopener\"><span class='avia_hidden_link_text'>Compartir en LinkedIn<\/span><\/a><\/li><li class='av-share-link av-social-link-mail' ><a  aria-label=\"Compartir por correo\" href='mailto:?subject=Proyecto%20%C2%ABMi%20Energ%C3%ADa%C2%BB%20revoluciona%20el%20acceso%20a%20la%20Energ%C3%ADa%20Solar%20en%20Ays%C3%A9n&#038;body=https:\/\/radiorevelacionfm.cl\/?p=45542' aria-hidden='false' data-av_icon='\ue805' data-av_iconfont='entypo-fontello' title='' data-avia-related-tooltip='Compartir por correo'><span class='avia_hidden_link_text'>Compartir por correo<\/span><\/a><\/li><\/ul><\/div><\/div>\n<div  style='height:50px' class='hr hr-invisible   avia-builder-el-8  el_after_av_social_share  el_before_av_comments_list '><span class='hr-inner ' ><span class='hr-inner-style'><\/span><\/span><\/div>\n<div  class='av-buildercomment  av-blog-meta-html-info-disabled av-blog-meta-tag-disabled  '><\/div>\n","protected":false},"excerpt":{"rendered":"","protected":false},"author":1,"featured_media":45567,"comment_status":"open","ping_status":"open","sticky":false,"template":"","format":"standard","meta":{"footnotes":""},"categories":[38],"tags":[],"class_list":["post-45542","post","type-post","status-publish","format-standard","has-post-thumbnail","hentry","category-regional"],"jetpack_featured_media_url":"https:\/\/radiorevelacionfm.cl\/wp-content\/uploads\/2024\/08\/457321521_1045659747559919_686076637441596160_n-1-1_optimized-1.jpg","_links":{"self":[{"href":"https:\/\/radiorevelacionfm.cl\/index.php?rest_route=\/wp\/v2\/posts\/45542","targetHints":{"allow":["GET"]}}],"collection":[{"href":"https:\/\/radiorevelacionfm.cl\/index.php?rest_route=\/wp\/v2\/posts"}],"about":[{"href":"https:\/\/radiorevelacionfm.cl\/index.php?rest_route=\/wp\/v2\/types\/post"}],"author":[{"embeddable":true,"href":"https:\/\/radiorevelacionfm.cl\/index.php?rest_route=\/wp\/v2\/users\/1"}],"replies":[{"embeddable":true,"href":"https:\/\/radiorevelacionfm.cl\/index.php?rest_route=%2Fwp%2Fv2%2Fcomments&post=45542"}],"version-history":[{"count":2,"href":"https:\/\/radiorevelacionfm.cl\/index.php?rest_route=\/wp\/v2\/posts\/45542\/revisions"}],"predecessor-version":[{"id":45568,"href":"https:\/\/radiorevelacionfm.cl\/index.php?rest_route=\/wp\/v2\/posts\/45542\/revisions\/45568"}],"wp:featuredmedia":[{"embeddable":true,"href":"https:\/\/radiorevelacionfm.cl\/index.php?rest_route=\/wp\/v2\/media\/45567"}],"wp:attachment":[{"href":"https:\/\/radiorevelacionfm.cl\/index.php?rest_route=%2Fwp%2Fv2%2Fmedia&parent=45542"}],"wp:term":[{"taxonomy":"category","embeddable":true,"href":"https:\/\/radiorevelacionfm.cl\/index.php?rest_route=%2Fwp%2Fv2%2Fcategories&post=45542"},{"taxonomy":"post_tag","embeddable":true,"href":"https:\/\/radiorevelacionfm.cl\/index.php?rest_route=%2Fwp%2Fv2%2Ftags&post=45542"}],"curies":[{"name":"wp","href":"https:\/\/api.w.org\/{rel}","templated":true}]}}