{"id":45536,"date":"2024-08-27T21:13:47","date_gmt":"2024-08-28T00:13:47","guid":{"rendered":"https:\/\/radiorevelacionfm.cl\/?p=45536"},"modified":"2024-08-27T21:13:47","modified_gmt":"2024-08-28T00:13:47","slug":"diputados-de-aysen-le-piden-al-presidente-boric-interceder-por-alto-costo-de-las-tarifas-electricas","status":"publish","type":"post","link":"https:\/\/radiorevelacionfm.cl\/?p=45536","title":{"rendered":"Diputados de Ays\u00e9n le piden al Presidente Boric interceder por alto costo de las tarifas el\u00e9ctricas"},"content":{"rendered":"<div class=\"flex_column av_one_full  flex_column_div av-zero-column-padding first  avia-builder-el-0  el_before_av_one_full  avia-builder-el-first  \" style='border-radius:0px; '><div  class='avia-image-container  av-styling-    avia-builder-el-1  avia-builder-el-no-sibling  avia-align-center '  itemprop=\"image\" itemscope=\"itemscope\" itemtype=\"https:\/\/schema.org\/ImageObject\"  ><div class='avia-image-container-inner'><div class='avia-image-overlay-wrap'><img decoding=\"async\" class='wp-image-45539 avia-img-lazy-loading-not-45539 avia_image' src=\"https:\/\/radiorevelacionfm.cl\/wp-content\/uploads\/2024\/08\/FOTO-CONVERSA-CON-BORIC-1-1.jpg\" alt='' title='FOTO CONVERSA CON BORIC (1) (1)' height=\"600\" width=\"1062\"  itemprop=\"thumbnailUrl\" srcset=\"https:\/\/radiorevelacionfm.cl\/wp-content\/uploads\/2024\/08\/FOTO-CONVERSA-CON-BORIC-1-1.jpg 1062w, https:\/\/radiorevelacionfm.cl\/wp-content\/uploads\/2024\/08\/FOTO-CONVERSA-CON-BORIC-1-1-300x169.jpg 300w, https:\/\/radiorevelacionfm.cl\/wp-content\/uploads\/2024\/08\/FOTO-CONVERSA-CON-BORIC-1-1-1030x582.jpg 1030w, https:\/\/radiorevelacionfm.cl\/wp-content\/uploads\/2024\/08\/FOTO-CONVERSA-CON-BORIC-1-1-768x434.jpg 768w, https:\/\/radiorevelacionfm.cl\/wp-content\/uploads\/2024\/08\/FOTO-CONVERSA-CON-BORIC-1-1-705x398.jpg 705w, https:\/\/radiorevelacionfm.cl\/wp-content\/uploads\/2024\/08\/FOTO-CONVERSA-CON-BORIC-1-1-450x254.jpg 450w, https:\/\/radiorevelacionfm.cl\/wp-content\/uploads\/2024\/08\/FOTO-CONVERSA-CON-BORIC-1-1-600x339.jpg 600w\" sizes=\"(max-width: 1062px) 100vw, 1062px\" \/><\/div><\/div><\/div><\/div><div class=\"flex_column av_one_full  flex_column_div av-zero-column-padding first  avia-builder-el-2  el_after_av_one_full  el_before_av_one_full  column-top-margin\" style='border-radius:0px; '><section class=\"av_textblock_section \"  itemscope=\"itemscope\" itemtype=\"https:\/\/schema.org\/BlogPosting\" itemprop=\"blogPost\" ><div class='avia_textblock  '   itemprop=\"text\" ><p style=\"text-align: center;\"><b><span style=\"font-size: 18pt;\">Diputados de Ays\u00e9n le piden al Presidente Boric interceder por alto costo de las tarifas el\u00e9ctricas<\/span> \u00a0<\/b><\/p>\n<div id=\"gtx-trans\" style=\"position: absolute; left: -50px; top: 4.31534px;\">\n<div class=\"gtx-trans-icon\"><\/div>\n<\/div>\n<\/div><\/section><\/div><div class=\"flex_column av_one_full  flex_column_div av-zero-column-padding first  avia-builder-el-4  el_after_av_one_full  el_before_av_hr  column-top-margin\" style='border-radius:0px; '><section class=\"av_textblock_section \"  itemscope=\"itemscope\" itemtype=\"https:\/\/schema.org\/BlogPosting\" itemprop=\"blogPost\" ><div class='avia_textblock  '   itemprop=\"text\" ><p style=\"font-weight: 400; text-align: justify;\">Conscientes del alto precio de las tarifas el\u00e9ctricas en la regi\u00f3n y del problema que esto genera para el bolsilla de las familias, los tres diputados de la regi\u00f3n, Miguel \u00c1ngel Calisto, Marcia Raphael y Ren\u00e9 Alinco, conversaron con el Presidente Gabriel Boric y le solicitaron que interceda para buscar alguna alternativa que permita disminuir este costo.<\/p>\n<p style=\"font-weight: 400; text-align: justify;\">Seg\u00fan el diputado Calisto, \u201cfrente a la negativa por parte del Ministro de Energ\u00eda de entregar apoyo a las familias respecto del alza de la tarifa el\u00e9ctrica, la \u00fanica alternativa que nos queda es el Presidente. Para que la gente lo sepa, los parlamentarios no tenemos atribuci\u00f3n legal para inmiscuirnos en temas de regulaci\u00f3n tarifaria, dependemos del gobierno de turno\u201d.<\/p>\n<p style=\"font-weight: 400; text-align: justify;\">\u201cPor eso es que es tan importante que el Presidente Boric se meta en la discusi\u00f3n y nos ayude a bajar la tarifa el\u00e9ctrica. El problema es de fondo, la desigualdad territorial. El Gobierno debe entender que tiene que entregar algunos elementos de apoyo y que nos iguale la tarifa a trav\u00e9s del acople tarifario, que es lo que estamos pidiendo con el sistema interconectado central, pero eso tiene que ser ahora, no para el otro a\u00f1o\u201d.<\/p>\n<p style=\"font-weight: 400; text-align: justify;\">\u201cLa gente est\u00e1 cansada de esta actitud del Gobierno y no nos quedan m\u00e1s alternativas que el presidente resuelva, de lo contrario la presi\u00f3n ciudadana ser\u00e1 muy grande\u201d, indic\u00f3.<\/p>\n<p style=\"font-weight: 400; text-align: justify;\">Por su parte, el diputado Ren\u00e9 Alinco se\u00f1al\u00f3 que \u201cle estamos pidiendo audiencia hace m\u00e1s de una semana al presidente para tratar el alza de la energ\u00eda el\u00e9ctrica en Ays\u00e9n, y la verdad es que no hemos tenido ninguna respuesta. Ahora se comprometi\u00f3 a respondernos en los pr\u00f3ximos d\u00edas. Nuestra preocupaci\u00f3n sobre la energ\u00eda el\u00e9ctrica es real, la gente ya se est\u00e1 desesperando. Eso le solicitamos los tres diputados, merecemos una atenci\u00f3n de parte de la primera autoridad nacional\u201d.<\/p>\n<p style=\"font-weight: 400; text-align: justify;\">Seg\u00fan Marcia Raphael, \u201cnecesitamos que las autoridades nacionales entiendan que el efecto de las alzas en las tarifas el\u00e9ctricas para la regi\u00f3n de Ays\u00e9n no es la misma que para el resto del pa\u00eds. El proyecto de ley corta de subsidio estatal a los m\u00e1s vulnerables, y sobre todo las medidas \u00abextra\u00bb para Ays\u00e9n, en cuanto a Pymes por ejemplo, no sirven para nada ac\u00e1\u201d.<\/p>\n<p style=\"font-weight: 400; text-align: justify;\">Finalmente, la diputada se\u00f1al\u00f3 que \u00abde qu\u00e9 subsidio hablamos cuando lo que realmente estamos viviendo en Ays\u00e9n son enormes alzas y el beneficio del subsidio ser\u00e1 marginal. Necesitamos que se den cuenta que lo \u00fanico que sirve para Ays\u00e9n y de manera transversal, son las 2 medidas propuestas, Acople Tarifario y equidad tarifaria, ese es el verdadero subsidio para los ayseninos y que m\u00e1s encima no significa desembolso para el Estado\u201d.<\/p>\n<\/div><\/section><\/div><div  style='height:50px' class='hr hr-invisible   avia-builder-el-6  el_after_av_one_full  el_before_av_social_share '><span class='hr-inner ' ><span class='hr-inner-style'><\/span><\/span><\/div><\/p>\n<div  class='av-social-sharing-box  avia-builder-el-7  el_after_av_hr  el_before_av_hr  '><div class='av-share-box'><h5 class='av-share-link-description av-no-toc '>Compartir esta noticia<\/h5><ul class='av-share-box-list noLightbox'><li class='av-share-link av-social-link-facebook' ><a target=\"_blank\" aria-label=\"Compartir en Facebook\" href='https:\/\/www.facebook.com\/sharer.php?u=https:\/\/radiorevelacionfm.cl\/?p=45536&#038;t=Diputados%20de%20Ays%C3%A9n%20le%20piden%20al%20Presidente%20Boric%20interceder%20por%20alto%20costo%20de%20las%20tarifas%20el%C3%A9ctricas' aria-hidden='false' data-av_icon='\ue8f3' data-av_iconfont='entypo-fontello' title='' data-avia-related-tooltip='Compartir en Facebook' rel=\"noopener\"><span class='avia_hidden_link_text'>Compartir en Facebook<\/span><\/a><\/li><li class='av-share-link av-social-link-twitter' ><a target=\"_blank\" aria-label=\"Compartir en Twitter\" href='https:\/\/twitter.com\/share?text=Diputados%20de%20Ays%C3%A9n%20le%20piden%20al%20Presidente%20Boric%20interceder%20por%20alto%20costo%20de%20las%20tarifas%20el%C3%A9ctricas&#038;url=https:\/\/radiorevelacionfm.cl\/?p=45536' aria-hidden='false' data-av_icon='\ue8f1' data-av_iconfont='entypo-fontello' title='' data-avia-related-tooltip='Compartir en Twitter' rel=\"noopener\"><span class='avia_hidden_link_text'>Compartir en Twitter<\/span><\/a><\/li><li class='av-share-link av-social-link-whatsapp' ><a target=\"_blank\" aria-label=\"Compartir en Whatsapp\" href='https:\/\/api.whatsapp.com\/send?text=https:\/\/radiorevelacionfm.cl\/?p=45536' aria-hidden='false' data-av_icon='\uf232' data-av_iconfont='entypo-fontello' title='' data-avia-related-tooltip='Compartir en Whatsapp' rel=\"noopener\"><span class='avia_hidden_link_text'>Compartir en Whatsapp<\/span><\/a><\/li><li class='av-share-link av-social-link-linkedin' ><a target=\"_blank\" aria-label=\"Compartir en LinkedIn\" href='https:\/\/linkedin.com\/shareArticle?mini=true&#038;title=Diputados%20de%20Ays%C3%A9n%20le%20piden%20al%20Presidente%20Boric%20interceder%20por%20alto%20costo%20de%20las%20tarifas%20el%C3%A9ctricas&#038;url=https:\/\/radiorevelacionfm.cl\/?p=45536' aria-hidden='false' data-av_icon='\ue8fc' data-av_iconfont='entypo-fontello' title='' data-avia-related-tooltip='Compartir en LinkedIn' rel=\"noopener\"><span class='avia_hidden_link_text'>Compartir en LinkedIn<\/span><\/a><\/li><li class='av-share-link av-social-link-mail' ><a  aria-label=\"Compartir por correo\" href='mailto:?subject=Diputados%20de%20Ays%C3%A9n%20le%20piden%20al%20Presidente%20Boric%20interceder%20por%20alto%20costo%20de%20las%20tarifas%20el%C3%A9ctricas&#038;body=https:\/\/radiorevelacionfm.cl\/?p=45536' aria-hidden='false' data-av_icon='\ue805' data-av_iconfont='entypo-fontello' title='' data-avia-related-tooltip='Compartir por correo'><span class='avia_hidden_link_text'>Compartir por correo<\/span><\/a><\/li><\/ul><\/div><\/div>\n<div  style='height:50px' class='hr hr-invisible   avia-builder-el-8  el_after_av_social_share  el_before_av_comments_list '><span class='hr-inner ' ><span class='hr-inner-style'><\/span><\/span><\/div>\n<div  class='av-buildercomment  av-blog-meta-html-info-disabled av-blog-meta-tag-disabled  '><\/div>\n","protected":false},"excerpt":{"rendered":"","protected":false},"author":1,"featured_media":45539,"comment_status":"open","ping_status":"open","sticky":false,"template":"","format":"standard","meta":{"footnotes":""},"categories":[35],"tags":[],"class_list":["post-45536","post","type-post","status-publish","format-standard","has-post-thumbnail","hentry","category-politica"],"jetpack_featured_media_url":"https:\/\/radiorevelacionfm.cl\/wp-content\/uploads\/2024\/08\/FOTO-CONVERSA-CON-BORIC-1-1.jpg","_links":{"self":[{"href":"https:\/\/radiorevelacionfm.cl\/index.php?rest_route=\/wp\/v2\/posts\/45536","targetHints":{"allow":["GET"]}}],"collection":[{"href":"https:\/\/radiorevelacionfm.cl\/index.php?rest_route=\/wp\/v2\/posts"}],"about":[{"href":"https:\/\/radiorevelacionfm.cl\/index.php?rest_route=\/wp\/v2\/types\/post"}],"author":[{"embeddable":true,"href":"https:\/\/radiorevelacionfm.cl\/index.php?rest_route=\/wp\/v2\/users\/1"}],"replies":[{"embeddable":true,"href":"https:\/\/radiorevelacionfm.cl\/index.php?rest_route=%2Fwp%2Fv2%2Fcomments&post=45536"}],"version-history":[{"count":1,"href":"https:\/\/radiorevelacionfm.cl\/index.php?rest_route=\/wp\/v2\/posts\/45536\/revisions"}],"predecessor-version":[{"id":45540,"href":"https:\/\/radiorevelacionfm.cl\/index.php?rest_route=\/wp\/v2\/posts\/45536\/revisions\/45540"}],"wp:featuredmedia":[{"embeddable":true,"href":"https:\/\/radiorevelacionfm.cl\/index.php?rest_route=\/wp\/v2\/media\/45539"}],"wp:attachment":[{"href":"https:\/\/radiorevelacionfm.cl\/index.php?rest_route=%2Fwp%2Fv2%2Fmedia&parent=45536"}],"wp:term":[{"taxonomy":"category","embeddable":true,"href":"https:\/\/radiorevelacionfm.cl\/index.php?rest_route=%2Fwp%2Fv2%2Fcategories&post=45536"},{"taxonomy":"post_tag","embeddable":true,"href":"https:\/\/radiorevelacionfm.cl\/index.php?rest_route=%2Fwp%2Fv2%2Ftags&post=45536"}],"curies":[{"name":"wp","href":"https:\/\/api.w.org\/{rel}","templated":true}]}}