{"id":45533,"date":"2024-08-27T16:05:13","date_gmt":"2024-08-27T19:05:13","guid":{"rendered":"https:\/\/radiorevelacionfm.cl\/?p=45533"},"modified":"2024-08-27T16:08:37","modified_gmt":"2024-08-27T19:08:37","slug":"comenzo-construccion-de-la-sonada-sede-de-la-agrupacion-de-artesanas-raices-de-manihuales","status":"publish","type":"post","link":"https:\/\/radiorevelacionfm.cl\/?p=45533","title":{"rendered":"Comenz\u00f3 construcci\u00f3n de la so\u00f1ada sede de la Agrupaci\u00f3n de Artesanas \u201cRa\u00edces\u201d de Villa Ma\u00f1ihuales"},"content":{"rendered":"<div class=\"flex_column av_one_full  flex_column_div av-zero-column-padding first  avia-builder-el-0  el_before_av_one_full  avia-builder-el-first  \" style='border-radius:0px; '><div  class='avia-image-container  av-styling-    avia-builder-el-1  avia-builder-el-no-sibling  avia-align-center '  itemprop=\"image\" itemscope=\"itemscope\" itemtype=\"https:\/\/schema.org\/ImageObject\"  ><div class='avia-image-container-inner'><div class='avia-image-overlay-wrap'><img decoding=\"async\" class='wp-image-45534 avia-img-lazy-loading-not-45534 avia_image' src=\"https:\/\/radiorevelacionfm.cl\/wp-content\/uploads\/2024\/08\/obras-raices-1-1_optimized-1.jpg\" alt='' title='obras-raices-1-(1)_optimized (1)' height=\"600\" width=\"1067\"  itemprop=\"thumbnailUrl\" srcset=\"https:\/\/radiorevelacionfm.cl\/wp-content\/uploads\/2024\/08\/obras-raices-1-1_optimized-1.jpg 1067w, https:\/\/radiorevelacionfm.cl\/wp-content\/uploads\/2024\/08\/obras-raices-1-1_optimized-1-300x169.jpg 300w, https:\/\/radiorevelacionfm.cl\/wp-content\/uploads\/2024\/08\/obras-raices-1-1_optimized-1-1030x579.jpg 1030w, https:\/\/radiorevelacionfm.cl\/wp-content\/uploads\/2024\/08\/obras-raices-1-1_optimized-1-768x432.jpg 768w, https:\/\/radiorevelacionfm.cl\/wp-content\/uploads\/2024\/08\/obras-raices-1-1_optimized-1-705x396.jpg 705w, https:\/\/radiorevelacionfm.cl\/wp-content\/uploads\/2024\/08\/obras-raices-1-1_optimized-1-450x253.jpg 450w, https:\/\/radiorevelacionfm.cl\/wp-content\/uploads\/2024\/08\/obras-raices-1-1_optimized-1-600x337.jpg 600w\" sizes=\"(max-width: 1067px) 100vw, 1067px\" \/><\/div><\/div><\/div><\/div>\n<div class=\"flex_column av_one_full  flex_column_div av-zero-column-padding first  avia-builder-el-2  el_after_av_one_full  el_before_av_one_full  column-top-margin\" style='border-radius:0px; '><section class=\"av_textblock_section \"  itemscope=\"itemscope\" itemtype=\"https:\/\/schema.org\/BlogPosting\" itemprop=\"blogPost\" ><div class='avia_textblock  '   itemprop=\"text\" ><p style=\"text-align: center;\"><strong><span style=\"font-size: 18pt;\">Comenz\u00f3 construcci\u00f3n de la so\u00f1ada sede de la Agrupaci\u00f3n de Artesanas \u201cRa\u00edces\u201d de Villa Ma\u00f1ihuales<\/span><\/strong><\/p>\n<div id=\"gtx-trans\" style=\"position: absolute; left: -50px; top: 4.31534px;\">\n<div class=\"gtx-trans-icon\"><\/div>\n<\/div>\n<\/div><\/section><\/div><div class=\"flex_column av_one_full  flex_column_div av-zero-column-padding first  avia-builder-el-4  el_after_av_one_full  el_before_av_hr  column-top-margin\" style='border-radius:0px; '><section class=\"av_textblock_section \"  itemscope=\"itemscope\" itemtype=\"https:\/\/schema.org\/BlogPosting\" itemprop=\"blogPost\" ><div class='avia_textblock  '   itemprop=\"text\" ><p style=\"text-align: justify;\">Con la instalaci\u00f3n de faenas y los primeros trabajos comenzaron las obras de construcci\u00f3n de la sede social de la Agrupaci\u00f3n de Artesanas \u201cRa\u00edces\u201d de Villa Ma\u00f1ihuales. Un espacio muy requerido por las mujeres que integran esta organizaci\u00f3n que lleva d\u00e9cadas trabajando para mostrar y ofrecer sus productos a la comunidad y a quienes visitan este bello lugar de la comuna de Ays\u00e9n.<\/p>\n<p style=\"text-align: justify;\">El alcalde Julio Uribe Alvarado, constat\u00f3 en terreno que la empresa a cargo de ejecutar las obras ya se encuentra instalada y que adem\u00e1s ha cumplido al contratar los primeros trabajadores de la zona.<\/p>\n<p style=\"text-align: justify;\">\u201cAqu\u00ed en Ma\u00f1ihuales visitamos a los vecinos, tenemos reuniones con algunas organizaciones y podemos ver los avances de los diferentes proyectos que estamos llevando adelante como Municipio. Es as\u00ed como hoy d\u00eda estuvimos presente en la construcci\u00f3n de la sede de la agrupaci\u00f3n Ra\u00edces, est\u00e1n en toda la etapa de moldaje, todo lo que va a ser la infraestructura base. Estamos muy contentos, se ve una empresa seria, lo mejor es que, se est\u00e1 contratando personal de Ma\u00f1ihuales para la ejecuci\u00f3n de esta obra\u201d.<\/p>\n<p style=\"text-align: justify;\">Recientemente junto con compartir con autoridades, la presidenta de la Agrupaci\u00f3n de Artesanas \u201cRa\u00edces\u201d de Villa Ma\u00f1ihuales, Alicia Lagos, enfatiz\u00f3 en la importancia de que se les haya tomado en cuenta y como resultado de aquello, se inicie la construcci\u00f3n de su so\u00f1ada sede social.<\/p>\n<p style=\"text-align: justify;\">\u201cA nosotros nos hace much\u00edsima falta esa sede, porque la sede no solo va a ser para nosotros, sino que tambi\u00e9n, para el bien de la comunidad. Esperamos realizar muchas cosas, no tan solo lana, tambi\u00e9n vamos a vender verduras, feria hort\u00edcola, nosotras como artesanas siempre invitamos a m\u00e1s personas a que compartan con nosotros lo que hacemos. Hay que decir que, estuvimos diez a\u00f1os tocando puertas y jam\u00e1s me hab\u00edan acogido as\u00ed, respecto al planteamiento que yo ten\u00eda, pero gracias a Dios que el Alcalde me dijo que si se puede hacer y cumpli\u00f3 con su palabra. As\u00ed es que, yo estoy muy agradecida del Alcalde, porque no tan solo nos ayuda con la sede, sino que, en otras cosas tambi\u00e9n\u201d.<\/p>\n<p style=\"text-align: justify;\">Son m\u00e1s de 180 millones de pesos que financia el Gobierno Regional de Ays\u00e9n y que permiten realizar las obras de construcci\u00f3n de la sede de la Agrupaci\u00f3n Ra\u00edces de Ma\u00f1ihuales, que se espera est\u00e9 finalizada en febrero de 2025.<\/p>\n<\/div><\/section><\/div><\/p>\n<div  style='height:50px' class='hr hr-invisible   avia-builder-el-6  el_after_av_one_full  el_before_av_social_share '><span class='hr-inner ' ><span class='hr-inner-style'><\/span><\/span><\/div>\n<div  class='av-social-sharing-box  avia-builder-el-7  el_after_av_hr  el_before_av_hr  '><div class='av-share-box'><h5 class='av-share-link-description av-no-toc '>Compartir esta noticia<\/h5><ul class='av-share-box-list noLightbox'><li class='av-share-link av-social-link-facebook' ><a target=\"_blank\" aria-label=\"Compartir en Facebook\" href='https:\/\/www.facebook.com\/sharer.php?u=https:\/\/radiorevelacionfm.cl\/?p=45533&#038;t=Comenz%C3%B3%20construcci%C3%B3n%20de%20la%20so%C3%B1ada%20sede%20de%20la%20Agrupaci%C3%B3n%20de%20Artesanas%20%E2%80%9CRa%C3%ADces%E2%80%9D%20de%20Villa%20Ma%C3%B1ihuales' aria-hidden='false' data-av_icon='\ue8f3' data-av_iconfont='entypo-fontello' title='' data-avia-related-tooltip='Compartir en Facebook' rel=\"noopener\"><span class='avia_hidden_link_text'>Compartir en Facebook<\/span><\/a><\/li><li class='av-share-link av-social-link-twitter' ><a target=\"_blank\" aria-label=\"Compartir en Twitter\" href='https:\/\/twitter.com\/share?text=Comenz%C3%B3%20construcci%C3%B3n%20de%20la%20so%C3%B1ada%20sede%20de%20la%20Agrupaci%C3%B3n%20de%20Artesanas%20%E2%80%9CRa%C3%ADces%E2%80%9D%20de%20Villa%20Ma%C3%B1ihuales&#038;url=https:\/\/radiorevelacionfm.cl\/?p=45533' aria-hidden='false' data-av_icon='\ue8f1' data-av_iconfont='entypo-fontello' title='' data-avia-related-tooltip='Compartir en Twitter' rel=\"noopener\"><span class='avia_hidden_link_text'>Compartir en Twitter<\/span><\/a><\/li><li class='av-share-link av-social-link-whatsapp' ><a target=\"_blank\" aria-label=\"Compartir en Whatsapp\" href='https:\/\/api.whatsapp.com\/send?text=https:\/\/radiorevelacionfm.cl\/?p=45533' aria-hidden='false' data-av_icon='\uf232' data-av_iconfont='entypo-fontello' title='' data-avia-related-tooltip='Compartir en Whatsapp' rel=\"noopener\"><span class='avia_hidden_link_text'>Compartir en Whatsapp<\/span><\/a><\/li><li class='av-share-link av-social-link-linkedin' ><a target=\"_blank\" aria-label=\"Compartir en LinkedIn\" href='https:\/\/linkedin.com\/shareArticle?mini=true&#038;title=Comenz%C3%B3%20construcci%C3%B3n%20de%20la%20so%C3%B1ada%20sede%20de%20la%20Agrupaci%C3%B3n%20de%20Artesanas%20%E2%80%9CRa%C3%ADces%E2%80%9D%20de%20Villa%20Ma%C3%B1ihuales&#038;url=https:\/\/radiorevelacionfm.cl\/?p=45533' aria-hidden='false' data-av_icon='\ue8fc' data-av_iconfont='entypo-fontello' title='' data-avia-related-tooltip='Compartir en LinkedIn' rel=\"noopener\"><span class='avia_hidden_link_text'>Compartir en LinkedIn<\/span><\/a><\/li><li class='av-share-link av-social-link-mail' ><a  aria-label=\"Compartir por correo\" href='mailto:?subject=Comenz%C3%B3%20construcci%C3%B3n%20de%20la%20so%C3%B1ada%20sede%20de%20la%20Agrupaci%C3%B3n%20de%20Artesanas%20%E2%80%9CRa%C3%ADces%E2%80%9D%20de%20Villa%20Ma%C3%B1ihuales&#038;body=https:\/\/radiorevelacionfm.cl\/?p=45533' aria-hidden='false' data-av_icon='\ue805' data-av_iconfont='entypo-fontello' title='' data-avia-related-tooltip='Compartir por correo'><span class='avia_hidden_link_text'>Compartir por correo<\/span><\/a><\/li><\/ul><\/div><\/div>\n<div  style='height:50px' class='hr hr-invisible   avia-builder-el-8  el_after_av_social_share  el_before_av_comments_list '><span class='hr-inner ' ><span class='hr-inner-style'><\/span><\/span><\/div>\n<div  class='av-buildercomment  av-blog-meta-html-info-disabled av-blog-meta-tag-disabled  '><\/div>\n","protected":false},"excerpt":{"rendered":"","protected":false},"author":1,"featured_media":45534,"comment_status":"open","ping_status":"open","sticky":false,"template":"","format":"standard","meta":{"footnotes":""},"categories":[38],"tags":[],"class_list":["post-45533","post","type-post","status-publish","format-standard","has-post-thumbnail","hentry","category-regional"],"jetpack_featured_media_url":"https:\/\/radiorevelacionfm.cl\/wp-content\/uploads\/2024\/08\/obras-raices-1-1_optimized-1.jpg","_links":{"self":[{"href":"https:\/\/radiorevelacionfm.cl\/index.php?rest_route=\/wp\/v2\/posts\/45533","targetHints":{"allow":["GET"]}}],"collection":[{"href":"https:\/\/radiorevelacionfm.cl\/index.php?rest_route=\/wp\/v2\/posts"}],"about":[{"href":"https:\/\/radiorevelacionfm.cl\/index.php?rest_route=\/wp\/v2\/types\/post"}],"author":[{"embeddable":true,"href":"https:\/\/radiorevelacionfm.cl\/index.php?rest_route=\/wp\/v2\/users\/1"}],"replies":[{"embeddable":true,"href":"https:\/\/radiorevelacionfm.cl\/index.php?rest_route=%2Fwp%2Fv2%2Fcomments&post=45533"}],"version-history":[{"count":2,"href":"https:\/\/radiorevelacionfm.cl\/index.php?rest_route=\/wp\/v2\/posts\/45533\/revisions"}],"predecessor-version":[{"id":45541,"href":"https:\/\/radiorevelacionfm.cl\/index.php?rest_route=\/wp\/v2\/posts\/45533\/revisions\/45541"}],"wp:featuredmedia":[{"embeddable":true,"href":"https:\/\/radiorevelacionfm.cl\/index.php?rest_route=\/wp\/v2\/media\/45534"}],"wp:attachment":[{"href":"https:\/\/radiorevelacionfm.cl\/index.php?rest_route=%2Fwp%2Fv2%2Fmedia&parent=45533"}],"wp:term":[{"taxonomy":"category","embeddable":true,"href":"https:\/\/radiorevelacionfm.cl\/index.php?rest_route=%2Fwp%2Fv2%2Fcategories&post=45533"},{"taxonomy":"post_tag","embeddable":true,"href":"https:\/\/radiorevelacionfm.cl\/index.php?rest_route=%2Fwp%2Fv2%2Ftags&post=45533"}],"curies":[{"name":"wp","href":"https:\/\/api.w.org\/{rel}","templated":true}]}}