{"id":45530,"date":"2024-08-27T22:29:49","date_gmt":"2024-08-28T01:29:49","guid":{"rendered":"https:\/\/radiorevelacionfm.cl\/?p=45530"},"modified":"2024-08-27T22:29:49","modified_gmt":"2024-08-28T01:29:49","slug":"mop-convoca-a-jornada-presencial-para-conocer-borrador-de-su-plan-de-cambio-climatico-para-la-infraestructura-y-realizar-aportes","status":"publish","type":"post","link":"https:\/\/radiorevelacionfm.cl\/?p=45530","title":{"rendered":"MOP convoca a jornada presencial para conocer borrador de su plan de cambio clim\u00e1tico para la infraestructura y realizar aportes"},"content":{"rendered":"<div class=\"flex_column av_one_full  flex_column_div av-zero-column-padding first  avia-builder-el-0  el_before_av_one_full  avia-builder-el-first  \" style='border-radius:0px; '><div  class='avia-image-container  av-styling-    avia-builder-el-1  avia-builder-el-no-sibling  avia-align-center '  itemprop=\"image\" itemscope=\"itemscope\" itemtype=\"https:\/\/schema.org\/ImageObject\"  ><div class='avia-image-container-inner'><div class='avia-image-overlay-wrap'><img decoding=\"async\" class='wp-image-45531 avia-img-lazy-loading-not-45531 avia_image' src=\"https:\/\/radiorevelacionfm.cl\/wp-content\/uploads\/2024\/08\/pcc_coyhaique-1-1_optimized-1_optimized-1.jpg\" alt='' title='pcc_coyhaique-(1)-(1)_optimized-(1)_optimized (1)' height=\"1000\" width=\"800\"  itemprop=\"thumbnailUrl\" srcset=\"https:\/\/radiorevelacionfm.cl\/wp-content\/uploads\/2024\/08\/pcc_coyhaique-1-1_optimized-1_optimized-1.jpg 800w, https:\/\/radiorevelacionfm.cl\/wp-content\/uploads\/2024\/08\/pcc_coyhaique-1-1_optimized-1_optimized-1-240x300.jpg 240w, https:\/\/radiorevelacionfm.cl\/wp-content\/uploads\/2024\/08\/pcc_coyhaique-1-1_optimized-1_optimized-1-768x960.jpg 768w, https:\/\/radiorevelacionfm.cl\/wp-content\/uploads\/2024\/08\/pcc_coyhaique-1-1_optimized-1_optimized-1-564x705.jpg 564w, https:\/\/radiorevelacionfm.cl\/wp-content\/uploads\/2024\/08\/pcc_coyhaique-1-1_optimized-1_optimized-1-450x563.jpg 450w, https:\/\/radiorevelacionfm.cl\/wp-content\/uploads\/2024\/08\/pcc_coyhaique-1-1_optimized-1_optimized-1-600x750.jpg 600w\" sizes=\"(max-width: 800px) 100vw, 800px\" \/><\/div><\/div><\/div><\/div><div class=\"flex_column av_one_full  flex_column_div av-zero-column-padding first  avia-builder-el-2  el_after_av_one_full  el_before_av_one_full  column-top-margin\" style='border-radius:0px; '><section class=\"av_textblock_section \"  itemscope=\"itemscope\" itemtype=\"https:\/\/schema.org\/BlogPosting\" itemprop=\"blogPost\" ><div class='avia_textblock  '   itemprop=\"text\" ><p style=\"text-align: center;\"><strong><span style=\"font-size: 18pt;\">MOP convoca a jornada presencial para conocer borrador de su plan de cambio clim\u00e1tico para la infraestructura y realizar aportes<\/span><\/strong><\/p>\n<div id=\"gtx-trans\" style=\"position: absolute; left: -50px; top: 4.31534px;\">\n<div class=\"gtx-trans-icon\"><\/div>\n<\/div>\n<\/div><\/section><\/div><div class=\"flex_column av_one_full  flex_column_div av-zero-column-padding first  avia-builder-el-4  el_after_av_one_full  el_before_av_hr  column-top-margin\" style='border-radius:0px; '><section class=\"av_textblock_section \"  itemscope=\"itemscope\" itemtype=\"https:\/\/schema.org\/BlogPosting\" itemprop=\"blogPost\" ><div class='avia_textblock  '   itemprop=\"text\" ><p style=\"text-align: justify;\">El Ministerio de Obras P\u00fablicas convoca al mundo de la construcci\u00f3n, la academia, las organizaciones no gubernamentales y el sector p\u00fablico a una jornada presencial a realizarse el jueves 29 de agosto, de 9:30 a 12:30 horas, en el edificio del MOP, ubicado en la calle Riquelme 465 en la capital regional,\u00a0 con el objetivo de dar a conocer la propuesta preliminar del \u201cPlan de Cambio Clim\u00e1tico para la Infraestructura\u201d y aportar sugerencias para mejorarlo.<\/p>\n<p style=\"text-align: justify;\">Sobre esta materia, la Secretaria Regional Ministerial de Obras P\u00fablicas, Paloma Jara Vald\u00e9s relev\u00f3 como una parte \u00a0central del quehacer del gobierno del presidente Boric, hablar del cambio clim\u00e1tico, posesionarlo como un tema, y salir del negacionismo. \u201cEfectivamente nosotros vemos que los episodios de cambio clim\u00e1tico se acent\u00faan cada vez m\u00e1s, lo vemos tambi\u00e9n en nuestra regi\u00f3n en donde han aumentado los per\u00edodos m\u00e1s secos, vemos tambi\u00e9n que neva menos y que en nuestra cordillera hay un poquito menos de nieve a\u00f1o a a\u00f1o. Es importante afrontar el cambio clim\u00e1tico llevando a cabo por ejemplo estas reuniones que est\u00e1n en concordancia con la Ley marco que pone plazos claros, cuando las Instituciones P\u00fablicas hacen valer los Planes de Cambio Clim\u00e1tico para enfrentar los desaf\u00edos en este mismo \u00e1mbito\u201d, asegur\u00f3 Paloma Jara Vald\u00e9s.<\/p>\n<p style=\"text-align: justify;\">Se trata de la tercera etapa de cinco que establece la Ley Marco de Cambio Clim\u00e1tico para modernizar las estrategias ministeriales en este \u00e1mbito. Previamente, el MOP concret\u00f3 una participaci\u00f3n temprana, que sum\u00f3 contribuciones de los diversos actores interesados, y la elaboraci\u00f3n del anteproyecto del plan, el que ahora est\u00e1 siendo socializado.<\/p>\n<p style=\"text-align: justify;\">Esta misma instancia de consulta ciudadana est\u00e1 siendo replicada en todas las regiones del pa\u00eds y concluye a fines de agosto.<\/p>\n<p style=\"text-align: justify;\">En esta misma l\u00ednea, la Seremi del MOP agreg\u00f3 que este trabajo se desarrolla a prop\u00f3sito de la Ley marco de Cambio Clim\u00e1tico. \u201cEl Ministerio de Obras P\u00fablicas da a conocer el borrador de su Plan de Cambio Clim\u00e1tico para la infraestructura \u00a0-lo que est\u00e1 a cargo de la Divisi\u00f3n de Infraestructura sustentable que corresponde a la Direcci\u00f3n General de Obras P\u00fablicas- y busca reunir en esta instancia a distintos actores que conforman el mundo de las Obras P\u00fablicas en la regi\u00f3n de Ays\u00e9n, para hablar de la infraestructura que se enmarca en los nuevos desaf\u00edos del Cambio Clim\u00e1tico. Infraestructura que nosotros esperamos sea resiliente al cambio del clima -tanto las condiciones actuales como las futuras- y que tambi\u00e9n vaya bajando de sus procesos constructivos la emisi\u00f3n de gases que calientan la atm\u00f3sfera para llegar as\u00ed a la meta de carbono neutralidad que tiene Chile para el a\u00f1o 2050. En particular, nuestro Ministerio tiene compromisos que van ligados al cambio clim\u00e1tico y su infraestructura, como son el abastecimiento con agua potable a las comunidades rurales con respuestas acordes a su territorio; tener una red vial resistente a la crecida de los r\u00edos; tambi\u00e9n que los aeropuertos se vuelvan cada vez m\u00e1s eficientes energ\u00e9ticamente; la protecci\u00f3n de nuestros bordes costeros ante marejadas y tambi\u00e9n que la edificaci\u00f3n p\u00fablica que se construya est\u00e9 certificada en sustentabilidad. Todos estos ejes son importantes, pero tambi\u00e9n lo es saber la opini\u00f3n de nuestros socios estrat\u00e9gicos como son las empresas que trabajan con nosotros y otros servicios que nos puedan acompa\u00f1ar en esta reuni\u00f3n, que se realizar\u00e1 el pr\u00f3ximo jueves 29 de agosto, en nuestro auditorio\u201d.<\/p>\n<p style=\"text-align: justify;\">Una vez consolidados los aportes, el equipo de la Divisi\u00f3n de Infraestructura Sostenible de la Direcci\u00f3n General de Obras P\u00fablicas elaborar\u00e1 el plan definitivo, el que deber\u00e1 ser aprobado por el Consejo de Ministros para la Sustentabilidad.<\/p>\n<\/div><\/section><\/div><div  style='height:50px' class='hr hr-invisible   avia-builder-el-6  el_after_av_one_full  el_before_av_social_share '><span class='hr-inner ' ><span class='hr-inner-style'><\/span><\/span><\/div><\/p>\n<div  class='av-social-sharing-box  avia-builder-el-7  el_after_av_hr  el_before_av_hr  '><div class='av-share-box'><h5 class='av-share-link-description av-no-toc '>Compartir esta noticia<\/h5><ul class='av-share-box-list noLightbox'><li class='av-share-link av-social-link-facebook' ><a target=\"_blank\" aria-label=\"Compartir en Facebook\" href='https:\/\/www.facebook.com\/sharer.php?u=https:\/\/radiorevelacionfm.cl\/?p=45530&#038;t=MOP%20convoca%20a%20jornada%20presencial%20para%20conocer%20borrador%20de%20su%20plan%20de%20cambio%20clim%C3%A1tico%20para%20la%20infraestructura%20y%20realizar%20aportes' aria-hidden='false' data-av_icon='\ue8f3' data-av_iconfont='entypo-fontello' title='' data-avia-related-tooltip='Compartir en Facebook' rel=\"noopener\"><span class='avia_hidden_link_text'>Compartir en Facebook<\/span><\/a><\/li><li class='av-share-link av-social-link-twitter' ><a target=\"_blank\" aria-label=\"Compartir en Twitter\" href='https:\/\/twitter.com\/share?text=MOP%20convoca%20a%20jornada%20presencial%20para%20conocer%20borrador%20de%20su%20plan%20de%20cambio%20clim%C3%A1tico%20para%20la%20infraestructura%20y%20realizar%20aportes&#038;url=https:\/\/radiorevelacionfm.cl\/?p=45530' aria-hidden='false' data-av_icon='\ue8f1' data-av_iconfont='entypo-fontello' title='' data-avia-related-tooltip='Compartir en Twitter' rel=\"noopener\"><span class='avia_hidden_link_text'>Compartir en Twitter<\/span><\/a><\/li><li class='av-share-link av-social-link-whatsapp' ><a target=\"_blank\" aria-label=\"Compartir en Whatsapp\" href='https:\/\/api.whatsapp.com\/send?text=https:\/\/radiorevelacionfm.cl\/?p=45530' aria-hidden='false' data-av_icon='\uf232' data-av_iconfont='entypo-fontello' title='' data-avia-related-tooltip='Compartir en Whatsapp' rel=\"noopener\"><span class='avia_hidden_link_text'>Compartir en Whatsapp<\/span><\/a><\/li><li class='av-share-link av-social-link-linkedin' ><a target=\"_blank\" aria-label=\"Compartir en LinkedIn\" href='https:\/\/linkedin.com\/shareArticle?mini=true&#038;title=MOP%20convoca%20a%20jornada%20presencial%20para%20conocer%20borrador%20de%20su%20plan%20de%20cambio%20clim%C3%A1tico%20para%20la%20infraestructura%20y%20realizar%20aportes&#038;url=https:\/\/radiorevelacionfm.cl\/?p=45530' aria-hidden='false' data-av_icon='\ue8fc' data-av_iconfont='entypo-fontello' title='' data-avia-related-tooltip='Compartir en LinkedIn' rel=\"noopener\"><span class='avia_hidden_link_text'>Compartir en LinkedIn<\/span><\/a><\/li><li class='av-share-link av-social-link-mail' ><a  aria-label=\"Compartir por correo\" href='mailto:?subject=MOP%20convoca%20a%20jornada%20presencial%20para%20conocer%20borrador%20de%20su%20plan%20de%20cambio%20clim%C3%A1tico%20para%20la%20infraestructura%20y%20realizar%20aportes&#038;body=https:\/\/radiorevelacionfm.cl\/?p=45530' aria-hidden='false' data-av_icon='\ue805' data-av_iconfont='entypo-fontello' title='' data-avia-related-tooltip='Compartir por correo'><span class='avia_hidden_link_text'>Compartir por correo<\/span><\/a><\/li><\/ul><\/div><\/div>\n<div  style='height:50px' class='hr hr-invisible   avia-builder-el-8  el_after_av_social_share  el_before_av_comments_list '><span class='hr-inner ' ><span class='hr-inner-style'><\/span><\/span><\/div>\n<div  class='av-buildercomment  av-blog-meta-html-info-disabled av-blog-meta-tag-disabled  '><\/div>\n","protected":false},"excerpt":{"rendered":"","protected":false},"author":1,"featured_media":45531,"comment_status":"open","ping_status":"open","sticky":false,"template":"","format":"standard","meta":{"footnotes":""},"categories":[38],"tags":[],"class_list":["post-45530","post","type-post","status-publish","format-standard","has-post-thumbnail","hentry","category-regional"],"jetpack_featured_media_url":"https:\/\/radiorevelacionfm.cl\/wp-content\/uploads\/2024\/08\/pcc_coyhaique-1-1_optimized-1_optimized-1.jpg","_links":{"self":[{"href":"https:\/\/radiorevelacionfm.cl\/index.php?rest_route=\/wp\/v2\/posts\/45530","targetHints":{"allow":["GET"]}}],"collection":[{"href":"https:\/\/radiorevelacionfm.cl\/index.php?rest_route=\/wp\/v2\/posts"}],"about":[{"href":"https:\/\/radiorevelacionfm.cl\/index.php?rest_route=\/wp\/v2\/types\/post"}],"author":[{"embeddable":true,"href":"https:\/\/radiorevelacionfm.cl\/index.php?rest_route=\/wp\/v2\/users\/1"}],"replies":[{"embeddable":true,"href":"https:\/\/radiorevelacionfm.cl\/index.php?rest_route=%2Fwp%2Fv2%2Fcomments&post=45530"}],"version-history":[{"count":1,"href":"https:\/\/radiorevelacionfm.cl\/index.php?rest_route=\/wp\/v2\/posts\/45530\/revisions"}],"predecessor-version":[{"id":45532,"href":"https:\/\/radiorevelacionfm.cl\/index.php?rest_route=\/wp\/v2\/posts\/45530\/revisions\/45532"}],"wp:featuredmedia":[{"embeddable":true,"href":"https:\/\/radiorevelacionfm.cl\/index.php?rest_route=\/wp\/v2\/media\/45531"}],"wp:attachment":[{"href":"https:\/\/radiorevelacionfm.cl\/index.php?rest_route=%2Fwp%2Fv2%2Fmedia&parent=45530"}],"wp:term":[{"taxonomy":"category","embeddable":true,"href":"https:\/\/radiorevelacionfm.cl\/index.php?rest_route=%2Fwp%2Fv2%2Fcategories&post=45530"},{"taxonomy":"post_tag","embeddable":true,"href":"https:\/\/radiorevelacionfm.cl\/index.php?rest_route=%2Fwp%2Fv2%2Ftags&post=45530"}],"curies":[{"name":"wp","href":"https:\/\/api.w.org\/{rel}","templated":true}]}}