{"id":45527,"date":"2024-08-27T13:35:57","date_gmt":"2024-08-27T16:35:57","guid":{"rendered":"https:\/\/radiorevelacionfm.cl\/?p=45527"},"modified":"2024-08-27T13:35:57","modified_gmt":"2024-08-27T16:35:57","slug":"de-coyhaique-a-la-nasa-estudiante-viajara-a-estados-unidos-premiado-por-su-buena-asistencia-a-educacion-parvularia","status":"publish","type":"post","link":"https:\/\/radiorevelacionfm.cl\/?p=45527","title":{"rendered":"\u00a1De Coyhaique a la NASA!: Estudiante viajar\u00e1 a Estados Unidos premiado por su buena asistencia a educaci\u00f3n parvularia"},"content":{"rendered":"<div class=\"flex_column av_one_full  flex_column_div av-zero-column-padding first  avia-builder-el-0  el_before_av_one_full  avia-builder-el-first  \" style='border-radius:0px; '><div  class='avia-image-container  av-styling-    avia-builder-el-1  avia-builder-el-no-sibling  avia-align-center '  itemprop=\"image\" itemscope=\"itemscope\" itemtype=\"https:\/\/schema.org\/ImageObject\"  ><div class='avia-image-container-inner'><div class='avia-image-overlay-wrap'><img decoding=\"async\" class='wp-image-45528 avia-img-lazy-loading-not-45528 avia_image' src=\"https:\/\/radiorevelacionfm.cl\/wp-content\/uploads\/2024\/08\/Maximilianoy-mama-2-1-1.jpeg\" alt='' title='Maximilianoy mama 2 (1) (1)' height=\"660\" width=\"800\"  itemprop=\"thumbnailUrl\" srcset=\"https:\/\/radiorevelacionfm.cl\/wp-content\/uploads\/2024\/08\/Maximilianoy-mama-2-1-1.jpeg 800w, https:\/\/radiorevelacionfm.cl\/wp-content\/uploads\/2024\/08\/Maximilianoy-mama-2-1-1-300x248.jpeg 300w, https:\/\/radiorevelacionfm.cl\/wp-content\/uploads\/2024\/08\/Maximilianoy-mama-2-1-1-768x634.jpeg 768w, https:\/\/radiorevelacionfm.cl\/wp-content\/uploads\/2024\/08\/Maximilianoy-mama-2-1-1-705x582.jpeg 705w, https:\/\/radiorevelacionfm.cl\/wp-content\/uploads\/2024\/08\/Maximilianoy-mama-2-1-1-450x371.jpeg 450w, https:\/\/radiorevelacionfm.cl\/wp-content\/uploads\/2024\/08\/Maximilianoy-mama-2-1-1-600x495.jpeg 600w\" sizes=\"(max-width: 800px) 100vw, 800px\" \/><\/div><\/div><\/div><\/div><div class=\"flex_column av_one_full  flex_column_div av-zero-column-padding first  avia-builder-el-2  el_after_av_one_full  el_before_av_one_full  column-top-margin\" style='border-radius:0px; '><section class=\"av_textblock_section \"  itemscope=\"itemscope\" itemtype=\"https:\/\/schema.org\/BlogPosting\" itemprop=\"blogPost\" ><div class='avia_textblock  '   itemprop=\"text\" ><p style=\"text-align: center;\"><span style=\"font-size: 18pt;\"><strong>\u00a1De Coyhaique a la NASA!: Estudiante viajar\u00e1 a Estados Unidos premiado por su buena asistencia a educaci\u00f3n parvularia<\/strong><\/span><\/p>\n<div id=\"gtx-trans\" style=\"position: absolute; left: -50px; top: 4.31534px;\">\n<div class=\"gtx-trans-icon\"><\/div>\n<\/div>\n<\/div><\/section><\/div><div class=\"flex_column av_one_full  flex_column_div av-zero-column-padding first  avia-builder-el-4  el_after_av_one_full  el_before_av_hr  column-top-margin\" style='border-radius:0px; '><section class=\"av_textblock_section \"  itemscope=\"itemscope\" itemtype=\"https:\/\/schema.org\/BlogPosting\" itemprop=\"blogPost\" ><div class='avia_textblock  '   itemprop=\"text\" ><p style=\"text-align: justify;\"><em>Maximiliano Jara Molina del Liceo Francisco Xavier Buti\u00f1\u00e1 result\u00f3 ganador del concurso \u201cHaz que Despeguen\u201d y -en enero de 2025- conocer\u00e1 el emblem\u00e1tico Centro Espacial Kennedy representando a la regi\u00f3n de Ays\u00e9n.<\/em><\/p>\n<p style=\"text-align: justify;\">16 ni\u00f1as y ni\u00f1os -uno por cada regi\u00f3n- preparan su despegue a Estados Unidos donde conocer\u00e1n el Centro Espacial Kennedy de la NASA, ubicado en Florida. Esto porque, gracias a su buena asistencia a educaci\u00f3n parvularia, fueron premiados por Fundaci\u00f3n Educacional Oportunidad a trav\u00e9s de su concurso \u201cHaz que Despeguen\u201d.<\/p>\n<p style=\"text-align: justify;\">En el caso de la regi\u00f3n de Ays\u00e9n, el ganador fue Maximiliano Jara Molina de 6 a\u00f1os. Gracias a su 95% de asistencia a k\u00ednder en el Liceo Xavier Buti\u00f1\u00e1 de Coyhaique, tendr\u00e1 la oportunidad de viajar junto a su apoderada en un viaje de 4 d\u00edas y 3 noches con todos los gastos pagados.<\/p>\n<p style=\"text-align: justify;\">El viaje se realizar\u00e1 la tercera semana de enero del pr\u00f3ximo a\u00f1o y contempla la visita al centro espacial como gran atractivo donde las ni\u00f1as y ni\u00f1os podr\u00e1n conocer el transbordador espacial Atlantis, el jard\u00edn de cohetes y disfrutar de simuladores espaciales y del Planet Play, zona de juegos de exploraci\u00f3n espacial inmersiva.<\/p>\n<p style=\"text-align: justify;\">Moira Molina, mam\u00e1 de Maximiliano, coment\u00f3 que el a\u00f1o pasado vio en las noticias a los ni\u00f1os que ganaron el premio y viajaron al centro espacial. \u201cMe interes\u00f3 mucho el concurso porque mi hijo tiene buena asistencia y tambi\u00e9n por el viaje maravilloso. Por eso estuve esperando a que se abrieran las inscripciones para inscribirlo y pens\u00e9: \u2018si llegara a salir, ser\u00eda incre\u00edble\u201d, dijo.<\/p>\n<p style=\"text-align: justify;\">Maximiliano asiste al mismo liceo donde estudi\u00f3 su mam\u00e1, al que ahora va su t\u00eda en segundo medio y en el que trabaja su abuela, como auxiliar de aseo. \u201cTuve a mi hijo muy joven, ahora soy \u2018tens\u2019, pero todav\u00eda hay muchos profesores del liceo que me hicieron clases. Por ello, siento que Maximiliano recibe mucho cari\u00f1o en ese lugar\u201d, dijo Moira, quien acompa\u00f1ar\u00e1 a su hijo a la NASA en enero de 2025.<\/p>\n<p style=\"text-align: justify;\">Por su parte, la jefa del programa de Asistencia de Fundaci\u00f3n Educacional Oportunidad, Yanira Al\u00e9e, se\u00f1al\u00f3 que \u201cFelicitamos a Maximiliano y a toda su familia por la excelente asistencia a clases que le permiti\u00f3 ser el ganador de este viaje que sabemos disfrutar\u00e1n mucho\u201d.<\/p>\n<p style=\"text-align: justify;\">Al\u00e9e agreg\u00f3 que \u201cya vivimos la experiencia con el viaje que realizamos en la primera versi\u00f3n de Haz que Despeguen y sabemos lo maravilloso y significativo que es para las ni\u00f1as, ni\u00f1os y sus familias, ya que adem\u00e1s del recorrido por el Centro Espacial Kennedy, podr\u00e1n disfrutar de otros atractivos tur\u00edsticos con los que esperamos sorprenderlos\u201d.<\/p>\n<\/div><\/section><\/div><div  style='height:50px' class='hr hr-invisible   avia-builder-el-6  el_after_av_one_full  el_before_av_social_share '><span class='hr-inner ' ><span class='hr-inner-style'><\/span><\/span><\/div><\/p>\n<div  class='av-social-sharing-box  avia-builder-el-7  el_after_av_hr  el_before_av_hr  '><div class='av-share-box'><h5 class='av-share-link-description av-no-toc '>Compartir esta noticia<\/h5><ul class='av-share-box-list noLightbox'><li class='av-share-link av-social-link-facebook' ><a target=\"_blank\" aria-label=\"Compartir en Facebook\" href='https:\/\/www.facebook.com\/sharer.php?u=https:\/\/radiorevelacionfm.cl\/?p=45527&#038;t=%C2%A1De%20Coyhaique%20a%20la%20NASA%21%3A%20Estudiante%20viajar%C3%A1%20a%20Estados%20Unidos%20premiado%20por%20su%20buena%20asistencia%20a%20educaci%C3%B3n%20parvularia' aria-hidden='false' data-av_icon='\ue8f3' data-av_iconfont='entypo-fontello' title='' data-avia-related-tooltip='Compartir en Facebook' rel=\"noopener\"><span class='avia_hidden_link_text'>Compartir en Facebook<\/span><\/a><\/li><li class='av-share-link av-social-link-twitter' ><a target=\"_blank\" aria-label=\"Compartir en Twitter\" href='https:\/\/twitter.com\/share?text=%C2%A1De%20Coyhaique%20a%20la%20NASA%21%3A%20Estudiante%20viajar%C3%A1%20a%20Estados%20Unidos%20premiado%20por%20su%20buena%20asistencia%20a%20educaci%C3%B3n%20parvularia&#038;url=https:\/\/radiorevelacionfm.cl\/?p=45527' aria-hidden='false' data-av_icon='\ue8f1' data-av_iconfont='entypo-fontello' title='' data-avia-related-tooltip='Compartir en Twitter' rel=\"noopener\"><span class='avia_hidden_link_text'>Compartir en Twitter<\/span><\/a><\/li><li class='av-share-link av-social-link-whatsapp' ><a target=\"_blank\" aria-label=\"Compartir en Whatsapp\" href='https:\/\/api.whatsapp.com\/send?text=https:\/\/radiorevelacionfm.cl\/?p=45527' aria-hidden='false' data-av_icon='\uf232' data-av_iconfont='entypo-fontello' title='' data-avia-related-tooltip='Compartir en Whatsapp' rel=\"noopener\"><span class='avia_hidden_link_text'>Compartir en Whatsapp<\/span><\/a><\/li><li class='av-share-link av-social-link-linkedin' ><a target=\"_blank\" aria-label=\"Compartir en LinkedIn\" href='https:\/\/linkedin.com\/shareArticle?mini=true&#038;title=%C2%A1De%20Coyhaique%20a%20la%20NASA%21%3A%20Estudiante%20viajar%C3%A1%20a%20Estados%20Unidos%20premiado%20por%20su%20buena%20asistencia%20a%20educaci%C3%B3n%20parvularia&#038;url=https:\/\/radiorevelacionfm.cl\/?p=45527' aria-hidden='false' data-av_icon='\ue8fc' data-av_iconfont='entypo-fontello' title='' data-avia-related-tooltip='Compartir en LinkedIn' rel=\"noopener\"><span class='avia_hidden_link_text'>Compartir en LinkedIn<\/span><\/a><\/li><li class='av-share-link av-social-link-mail' ><a  aria-label=\"Compartir por correo\" href='mailto:?subject=%C2%A1De%20Coyhaique%20a%20la%20NASA%21%3A%20Estudiante%20viajar%C3%A1%20a%20Estados%20Unidos%20premiado%20por%20su%20buena%20asistencia%20a%20educaci%C3%B3n%20parvularia&#038;body=https:\/\/radiorevelacionfm.cl\/?p=45527' aria-hidden='false' data-av_icon='\ue805' data-av_iconfont='entypo-fontello' title='' data-avia-related-tooltip='Compartir por correo'><span class='avia_hidden_link_text'>Compartir por correo<\/span><\/a><\/li><\/ul><\/div><\/div>\n<div  style='height:50px' class='hr hr-invisible   avia-builder-el-8  el_after_av_social_share  el_before_av_comments_list '><span class='hr-inner ' ><span class='hr-inner-style'><\/span><\/span><\/div>\n<div  class='av-buildercomment  av-blog-meta-html-info-disabled av-blog-meta-tag-disabled  '><\/div>\n","protected":false},"excerpt":{"rendered":"","protected":false},"author":1,"featured_media":45528,"comment_status":"open","ping_status":"open","sticky":false,"template":"","format":"standard","meta":{"footnotes":""},"categories":[38],"tags":[],"class_list":["post-45527","post","type-post","status-publish","format-standard","has-post-thumbnail","hentry","category-regional"],"jetpack_featured_media_url":"https:\/\/radiorevelacionfm.cl\/wp-content\/uploads\/2024\/08\/Maximilianoy-mama-2-1-1.jpeg","_links":{"self":[{"href":"https:\/\/radiorevelacionfm.cl\/index.php?rest_route=\/wp\/v2\/posts\/45527","targetHints":{"allow":["GET"]}}],"collection":[{"href":"https:\/\/radiorevelacionfm.cl\/index.php?rest_route=\/wp\/v2\/posts"}],"about":[{"href":"https:\/\/radiorevelacionfm.cl\/index.php?rest_route=\/wp\/v2\/types\/post"}],"author":[{"embeddable":true,"href":"https:\/\/radiorevelacionfm.cl\/index.php?rest_route=\/wp\/v2\/users\/1"}],"replies":[{"embeddable":true,"href":"https:\/\/radiorevelacionfm.cl\/index.php?rest_route=%2Fwp%2Fv2%2Fcomments&post=45527"}],"version-history":[{"count":1,"href":"https:\/\/radiorevelacionfm.cl\/index.php?rest_route=\/wp\/v2\/posts\/45527\/revisions"}],"predecessor-version":[{"id":45529,"href":"https:\/\/radiorevelacionfm.cl\/index.php?rest_route=\/wp\/v2\/posts\/45527\/revisions\/45529"}],"wp:featuredmedia":[{"embeddable":true,"href":"https:\/\/radiorevelacionfm.cl\/index.php?rest_route=\/wp\/v2\/media\/45528"}],"wp:attachment":[{"href":"https:\/\/radiorevelacionfm.cl\/index.php?rest_route=%2Fwp%2Fv2%2Fmedia&parent=45527"}],"wp:term":[{"taxonomy":"category","embeddable":true,"href":"https:\/\/radiorevelacionfm.cl\/index.php?rest_route=%2Fwp%2Fv2%2Fcategories&post=45527"},{"taxonomy":"post_tag","embeddable":true,"href":"https:\/\/radiorevelacionfm.cl\/index.php?rest_route=%2Fwp%2Fv2%2Ftags&post=45527"}],"curies":[{"name":"wp","href":"https:\/\/api.w.org\/{rel}","templated":true}]}}