{"id":45521,"date":"2024-08-27T12:59:11","date_gmt":"2024-08-27T15:59:11","guid":{"rendered":"https:\/\/radiorevelacionfm.cl\/?p=45521"},"modified":"2024-08-27T12:59:11","modified_gmt":"2024-08-27T15:59:11","slug":"organizaciones-de-bahia-murta-celebran-junto-a-bienes-nacionales-la-recuperacion-historica-de-terrenos-fiscales","status":"publish","type":"post","link":"https:\/\/radiorevelacionfm.cl\/?p=45521","title":{"rendered":"Organizaciones de Bah\u00eda Murta celebran junto a Bienes Nacionales la recuperaci\u00f3n hist\u00f3rica de terrenos fiscales"},"content":{"rendered":"<div class=\"flex_column av_one_full  flex_column_div av-zero-column-padding first  avia-builder-el-0  el_before_av_one_full  avia-builder-el-first  \" style='border-radius:0px; '><div  class='avia-image-container  av-styling-    avia-builder-el-1  avia-builder-el-no-sibling  avia-align-center '  itemprop=\"image\" itemscope=\"itemscope\" itemtype=\"https:\/\/schema.org\/ImageObject\"  ><div class='avia-image-container-inner'><div class='avia-image-overlay-wrap'><img decoding=\"async\" class='wp-image-45522 avia-img-lazy-loading-not-45522 avia_image' src=\"https:\/\/radiorevelacionfm.cl\/wp-content\/uploads\/2024\/08\/img_0042-1_optimized-1.jpeg\" alt='' title='img_0042-(1)_optimized (1)' height=\"600\" width=\"1067\"  itemprop=\"thumbnailUrl\" srcset=\"https:\/\/radiorevelacionfm.cl\/wp-content\/uploads\/2024\/08\/img_0042-1_optimized-1.jpeg 1067w, https:\/\/radiorevelacionfm.cl\/wp-content\/uploads\/2024\/08\/img_0042-1_optimized-1-300x169.jpeg 300w, https:\/\/radiorevelacionfm.cl\/wp-content\/uploads\/2024\/08\/img_0042-1_optimized-1-1030x579.jpeg 1030w, https:\/\/radiorevelacionfm.cl\/wp-content\/uploads\/2024\/08\/img_0042-1_optimized-1-768x432.jpeg 768w, https:\/\/radiorevelacionfm.cl\/wp-content\/uploads\/2024\/08\/img_0042-1_optimized-1-705x396.jpeg 705w, https:\/\/radiorevelacionfm.cl\/wp-content\/uploads\/2024\/08\/img_0042-1_optimized-1-450x253.jpeg 450w, https:\/\/radiorevelacionfm.cl\/wp-content\/uploads\/2024\/08\/img_0042-1_optimized-1-600x337.jpeg 600w\" sizes=\"(max-width: 1067px) 100vw, 1067px\" \/><\/div><\/div><\/div><\/div><div class=\"flex_column av_one_full  flex_column_div av-zero-column-padding first  avia-builder-el-2  el_after_av_one_full  el_before_av_one_full  column-top-margin\" style='border-radius:0px; '><section class=\"av_textblock_section \"  itemscope=\"itemscope\" itemtype=\"https:\/\/schema.org\/BlogPosting\" itemprop=\"blogPost\" ><div class='avia_textblock  '   itemprop=\"text\" ><p style=\"text-align: center;\"><span style=\"font-size: 18pt;\"><strong>Organizaciones de Bah\u00eda Murta celebran junto a Bienes Nacionales la recuperaci\u00f3n hist\u00f3rica de terrenos fiscales<\/strong><\/span><\/p>\n<div id=\"gtx-trans\" style=\"position: absolute; left: -50px; top: 4.31534px;\">\n<div class=\"gtx-trans-icon\"><\/div>\n<\/div>\n<\/div><\/section><\/div><div class=\"flex_column av_one_full  flex_column_div av-zero-column-padding first  avia-builder-el-4  el_after_av_one_full  el_before_av_hr  column-top-margin\" style='border-radius:0px; '><section class=\"av_textblock_section \"  itemscope=\"itemscope\" itemtype=\"https:\/\/schema.org\/BlogPosting\" itemprop=\"blogPost\" ><div class='avia_textblock  '   itemprop=\"text\" ><p style=\"text-align: justify;\"><em>En ese contexto, el Club H\u00edpico de la localidad podr\u00e1 desarrollar actividades t\u00edpicas en fiestas patrias gracias a permiso otorgado por la Seremi de Bienes Nacionales.<\/em><\/p>\n<p style=\"text-align: justify;\">Un hito de celebraci\u00f3n encabezado por la autoridad de la cartera de Bienes Nacionales, Irina Morend Valdebenito, se desarroll\u00f3 en Bah\u00eda Murta junto a las organizaciones sociales de la localidad, quienes relevaron la recuperaci\u00f3n de 22 hect\u00e1reas de terrenos fiscales tras un largo proceso judicial, resaltando la gran oportunidad que significa para la comunidad organizada el poder postular a concesiones o arriendos para ejecutar sus proyectos sociales y productivos.<\/p>\n<p style=\"text-align: justify;\">En ese contexto, las y los vecinos de Bah\u00eda Murta participaron de una esperada actividad siendo testigos de la entrega de un Permiso de Ocupaci\u00f3n Anticipada otorgado por la Seremi de Bienes Nacionales de Ays\u00e9n en el marco de una tramitaci\u00f3n de concesi\u00f3n de uso gratuito de inmueble fiscal al Club H\u00edpico, quienes podr\u00e1n realizar actividades como carreras t\u00edpicas a la chilena y otras asociadas a las fiestas patrias que se aproximan.<\/p>\n<p style=\"text-align: justify;\">\u201cEste es un hito s\u00faper importante para el Ministerio de Bienes Nacionales\u201d, destac\u00f3 Morend Valdebenito, a\u00f1adiendo que \u201ceste es un predio fiscal que estaba ocupado por particulares y que fue recuperado por el Fisco y lo estamos poniendo a disposici\u00f3n para fines comunitarios y sociales, porque entendemos que esa es una de las prioridades, dentro de otras, de esta comunidad, por lo que estamos muy contentos de poder entregar este permiso de ocupaci\u00f3n anticipada para que el Club H\u00edpico pueda realizar las actividades en septiembre\u201d, refiri\u00f3 la Seremi de Bienes Nacionales de Ays\u00e9n.<\/p>\n<p style=\"text-align: justify;\">En la ceremonia, don Vitalicio Reyes, presidente del Club H\u00edpico de Bah\u00eda Murta, fue quien recibi\u00f3 de manos de la Seremi la resoluci\u00f3n que les permitir\u00e1 hacer uso anticipado del inmueble que se convertir\u00e1 en un atractivo que traer\u00e1 beneficios econ\u00f3micos a los habitantes de la localidad perteneciente a la comuna de R\u00edo Ib\u00e1\u00f1ez. \u201cAntes ocup\u00e1bamos este terreno peri\u00f3dicamente, pero despu\u00e9s se le empez\u00f3 a poner llave y ya nunca m\u00e1s pudimos entrar a hacer nuestras actividades, as\u00ed que ahora vamos a poder hacer actividades para el 18 de septiembre, por lo que estamos muy contentos por este logro\u201d, dijo el dirigente refiri\u00e9ndose a la ocupaci\u00f3n del inmueble actualmente recuperado.<\/p>\n<p style=\"text-align: justify;\">En la actividad tambi\u00e9n particip\u00f3 el alcalde de R\u00edo Ib\u00e1\u00f1ez, Juan Saldivia, quien destac\u00f3 este hito, \u201cestamos muy contentos, este ha sido un proceso largo que es parte de los procesos administrativos, pero el haberlos hecho de manera responsable permite hoy esta concreci\u00f3n. Nos llevamos tambi\u00e9n tarea por parte del Club H\u00edpico que nos ha solicitado mejorar este espacio, por lo tanto, asumimos desde ya este compromiso, porque la idea es que ya en septiembre se puedan desarrollar las actividades\u201d, expres\u00f3 la autoridad comunal.<\/p>\n<p style=\"text-align: justify;\">Finalmente, la concejala Ver\u00f3nica Rojas se mostr\u00f3 \u201cmuy contenta por la comunidad. Gracias por demostrar con su presencia lo importante que es esta actividad para nosotros. As\u00ed que contentos porque en septiembre podremos realizar estas actividades tan anheladas en nuestra localidad de Bah\u00eda Murta\u201d, refiri\u00f3.<\/p>\n<\/div><\/section><\/div><div  style='height:50px' class='hr hr-invisible   avia-builder-el-6  el_after_av_one_full  el_before_av_social_share '><span class='hr-inner ' ><span class='hr-inner-style'><\/span><\/span><\/div><\/p>\n<div  class='av-social-sharing-box  avia-builder-el-7  el_after_av_hr  el_before_av_hr  '><div class='av-share-box'><h5 class='av-share-link-description av-no-toc '>Compartir esta noticia<\/h5><ul class='av-share-box-list noLightbox'><li class='av-share-link av-social-link-facebook' ><a target=\"_blank\" aria-label=\"Compartir en Facebook\" href='https:\/\/www.facebook.com\/sharer.php?u=https:\/\/radiorevelacionfm.cl\/?p=45521&#038;t=Organizaciones%20de%20Bah%C3%ADa%20Murta%20celebran%20junto%20a%20Bienes%20Nacionales%20la%20recuperaci%C3%B3n%20hist%C3%B3rica%20de%20terrenos%20fiscales' aria-hidden='false' data-av_icon='\ue8f3' data-av_iconfont='entypo-fontello' title='' data-avia-related-tooltip='Compartir en Facebook' rel=\"noopener\"><span class='avia_hidden_link_text'>Compartir en Facebook<\/span><\/a><\/li><li class='av-share-link av-social-link-twitter' ><a target=\"_blank\" aria-label=\"Compartir en Twitter\" href='https:\/\/twitter.com\/share?text=Organizaciones%20de%20Bah%C3%ADa%20Murta%20celebran%20junto%20a%20Bienes%20Nacionales%20la%20recuperaci%C3%B3n%20hist%C3%B3rica%20de%20terrenos%20fiscales&#038;url=https:\/\/radiorevelacionfm.cl\/?p=45521' aria-hidden='false' data-av_icon='\ue8f1' data-av_iconfont='entypo-fontello' title='' data-avia-related-tooltip='Compartir en Twitter' rel=\"noopener\"><span class='avia_hidden_link_text'>Compartir en Twitter<\/span><\/a><\/li><li class='av-share-link av-social-link-whatsapp' ><a target=\"_blank\" aria-label=\"Compartir en Whatsapp\" href='https:\/\/api.whatsapp.com\/send?text=https:\/\/radiorevelacionfm.cl\/?p=45521' aria-hidden='false' data-av_icon='\uf232' data-av_iconfont='entypo-fontello' title='' data-avia-related-tooltip='Compartir en Whatsapp' rel=\"noopener\"><span class='avia_hidden_link_text'>Compartir en Whatsapp<\/span><\/a><\/li><li class='av-share-link av-social-link-linkedin' ><a target=\"_blank\" aria-label=\"Compartir en LinkedIn\" href='https:\/\/linkedin.com\/shareArticle?mini=true&#038;title=Organizaciones%20de%20Bah%C3%ADa%20Murta%20celebran%20junto%20a%20Bienes%20Nacionales%20la%20recuperaci%C3%B3n%20hist%C3%B3rica%20de%20terrenos%20fiscales&#038;url=https:\/\/radiorevelacionfm.cl\/?p=45521' aria-hidden='false' data-av_icon='\ue8fc' data-av_iconfont='entypo-fontello' title='' data-avia-related-tooltip='Compartir en LinkedIn' rel=\"noopener\"><span class='avia_hidden_link_text'>Compartir en LinkedIn<\/span><\/a><\/li><li class='av-share-link av-social-link-mail' ><a  aria-label=\"Compartir por correo\" href='mailto:?subject=Organizaciones%20de%20Bah%C3%ADa%20Murta%20celebran%20junto%20a%20Bienes%20Nacionales%20la%20recuperaci%C3%B3n%20hist%C3%B3rica%20de%20terrenos%20fiscales&#038;body=https:\/\/radiorevelacionfm.cl\/?p=45521' aria-hidden='false' data-av_icon='\ue805' data-av_iconfont='entypo-fontello' title='' data-avia-related-tooltip='Compartir por correo'><span class='avia_hidden_link_text'>Compartir por correo<\/span><\/a><\/li><\/ul><\/div><\/div>\n<div  style='height:50px' class='hr hr-invisible   avia-builder-el-8  el_after_av_social_share  el_before_av_comments_list '><span class='hr-inner ' ><span class='hr-inner-style'><\/span><\/span><\/div>\n<div  class='av-buildercomment  av-blog-meta-html-info-disabled av-blog-meta-tag-disabled  '><\/div>\n","protected":false},"excerpt":{"rendered":"","protected":false},"author":1,"featured_media":45522,"comment_status":"open","ping_status":"open","sticky":false,"template":"","format":"standard","meta":{"footnotes":""},"categories":[38],"tags":[],"class_list":["post-45521","post","type-post","status-publish","format-standard","has-post-thumbnail","hentry","category-regional"],"jetpack_featured_media_url":"https:\/\/radiorevelacionfm.cl\/wp-content\/uploads\/2024\/08\/img_0042-1_optimized-1.jpeg","_links":{"self":[{"href":"https:\/\/radiorevelacionfm.cl\/index.php?rest_route=\/wp\/v2\/posts\/45521","targetHints":{"allow":["GET"]}}],"collection":[{"href":"https:\/\/radiorevelacionfm.cl\/index.php?rest_route=\/wp\/v2\/posts"}],"about":[{"href":"https:\/\/radiorevelacionfm.cl\/index.php?rest_route=\/wp\/v2\/types\/post"}],"author":[{"embeddable":true,"href":"https:\/\/radiorevelacionfm.cl\/index.php?rest_route=\/wp\/v2\/users\/1"}],"replies":[{"embeddable":true,"href":"https:\/\/radiorevelacionfm.cl\/index.php?rest_route=%2Fwp%2Fv2%2Fcomments&post=45521"}],"version-history":[{"count":1,"href":"https:\/\/radiorevelacionfm.cl\/index.php?rest_route=\/wp\/v2\/posts\/45521\/revisions"}],"predecessor-version":[{"id":45523,"href":"https:\/\/radiorevelacionfm.cl\/index.php?rest_route=\/wp\/v2\/posts\/45521\/revisions\/45523"}],"wp:featuredmedia":[{"embeddable":true,"href":"https:\/\/radiorevelacionfm.cl\/index.php?rest_route=\/wp\/v2\/media\/45522"}],"wp:attachment":[{"href":"https:\/\/radiorevelacionfm.cl\/index.php?rest_route=%2Fwp%2Fv2%2Fmedia&parent=45521"}],"wp:term":[{"taxonomy":"category","embeddable":true,"href":"https:\/\/radiorevelacionfm.cl\/index.php?rest_route=%2Fwp%2Fv2%2Fcategories&post=45521"},{"taxonomy":"post_tag","embeddable":true,"href":"https:\/\/radiorevelacionfm.cl\/index.php?rest_route=%2Fwp%2Fv2%2Ftags&post=45521"}],"curies":[{"name":"wp","href":"https:\/\/api.w.org\/{rel}","templated":true}]}}