{"id":4552,"date":"2021-05-26T17:41:13","date_gmt":"2021-05-26T20:41:13","guid":{"rendered":"https:\/\/radiorevelacionfm.cl\/?p=4552"},"modified":"2021-05-26T17:41:13","modified_gmt":"2021-05-26T20:41:13","slug":"rene-alinco-nos-equivocamos-con-el-voto-voluntario-en-democracia-tambien-deben-existir-obligaciones-como-el-ir-a-sufragar","status":"publish","type":"post","link":"https:\/\/radiorevelacionfm.cl\/?p=4552","title":{"rendered":"Ren\u00e9 Alinco: \u201cNos equivocamos con el voto voluntario en democracia tambi\u00e9n deben existir obligaciones como el ir a sufragar\u201d"},"content":{"rendered":"<div class=\"flex_column av_one_full  flex_column_div av-zero-column-padding first  avia-builder-el-0  el_before_av_one_full  avia-builder-el-first  \" style='border-radius:0px; '><div  class='avia-image-container  av-styling-    avia-builder-el-1  avia-builder-el-no-sibling  avia-align-center '  itemprop=\"image\" itemscope=\"itemscope\" itemtype=\"https:\/\/schema.org\/ImageObject\"  ><div class='avia-image-container-inner'><div class='avia-image-overlay-wrap'><img decoding=\"async\" class='wp-image-4553 avia-img-lazy-loading-not-4553 avia_image' src=\"https:\/\/radiorevelacionfm.cl\/wp-content\/uploads\/2021\/05\/Alinco-02-1.jpeg\" alt='' title='Alinco 02 (1)' height=\"669\" width=\"1021\"  itemprop=\"thumbnailUrl\" srcset=\"https:\/\/radiorevelacionfm.cl\/wp-content\/uploads\/2021\/05\/Alinco-02-1.jpeg 1021w, https:\/\/radiorevelacionfm.cl\/wp-content\/uploads\/2021\/05\/Alinco-02-1-300x197.jpeg 300w, https:\/\/radiorevelacionfm.cl\/wp-content\/uploads\/2021\/05\/Alinco-02-1-768x503.jpeg 768w, https:\/\/radiorevelacionfm.cl\/wp-content\/uploads\/2021\/05\/Alinco-02-1-705x462.jpeg 705w, https:\/\/radiorevelacionfm.cl\/wp-content\/uploads\/2021\/05\/Alinco-02-1-600x393.jpeg 600w\" sizes=\"(max-width: 1021px) 100vw, 1021px\" \/><\/div><\/div><\/div><\/div><div class=\"flex_column av_one_full  flex_column_div av-zero-column-padding first  avia-builder-el-2  el_after_av_one_full  el_before_av_one_full  column-top-margin\" style='border-radius:0px; '><section class=\"av_textblock_section \"  itemscope=\"itemscope\" itemtype=\"https:\/\/schema.org\/BlogPosting\" itemprop=\"blogPost\" ><div class='avia_textblock  '   itemprop=\"text\" ><p style=\"text-align: center;\"><strong><span style=\"font-size: 18pt;\">Ren\u00e9 Alinco: \u201cNos equivocamos con el voto voluntario en democracia tambi\u00e9n deben existir obligaciones como el ir a sufragar\u201d<\/span><\/strong><\/p>\n<div id=\"gtx-trans\" style=\"position: absolute; left: -50px; top: 4.31534px;\">\n<div class=\"gtx-trans-icon\"><\/div>\n<\/div>\n<\/div><\/section><\/div><div class=\"flex_column av_one_full  flex_column_div av-zero-column-padding first  avia-builder-el-4  el_after_av_one_full  el_before_av_hr  column-top-margin\" style='border-radius:0px; '><section class=\"av_textblock_section \"  itemscope=\"itemscope\" itemtype=\"https:\/\/schema.org\/BlogPosting\" itemprop=\"blogPost\" ><div class='avia_textblock  '   itemprop=\"text\" ><p style=\"text-align: justify;\">Tras un extenso debate en Sala de la C\u00e1mara de Diputadas y Diputados, se aprob\u00f3 por 107 votos a favor, 16 en contra y 23 abstenciones, el retorno del voto obligatorio en el pa\u00eds. La propuesta de mociones refundidas, entre estas la presentada por el diputado Ren\u00e9 Alinco Bustos, fue aprobada en general recibiendo indicaciones por lo que deber\u00e1 retornar a la comisi\u00f3n de Gobierno.<\/p>\n<p style=\"text-align: justify;\">De acuerdo al informe de la Comisi\u00f3n de Gobierno Interior, rendido por la diputada\u00a0<a href=\"https:\/\/www.camara.cl\/diputados\/detalle\/mociones.aspx?prmID=1062\">Joanna P\u00e9rez<\/a>, la iniciativa modifica el art\u00edculo 15 de la Constituci\u00f3n Pol\u00edtica que define la forma en que se realizar\u00e1n las votaciones populares. Hoy, la norma expresa que el sufragio ser\u00e1 personal, igualitario, secreto y voluntario. Por efecto de la presente reforma,\u00a0se cambia el t\u00e9rmino \u201cvoluntario\u201d por \u201cobligatorio\u201d. El proyecto, adem\u00e1s, determina como excepci\u00f3n que la obligatoriedad no ser\u00e1 aplicable a los mayores de 75 a\u00f1os, as\u00ed como tampoco a las personas en situaci\u00f3n de discapacidad o dependencia. Tambi\u00e9n estar\u00e1n excluidos de dicha obligaci\u00f3n los ciudadanos chilenos con residencia en el extranjero y los ciudadanos extranjeros avecindados en Chile que estuviesen habilitados para sufragar.<\/p>\n<p style=\"text-align: justify;\">En ese sentido, el diputado por la regi\u00f3n de Ays\u00e9n coment\u00f3 \u201cyo fui uno de los que vot\u00f3 a favor, en su momento, del voto voluntario porque el clamor popular ped\u00eda a gritos que el voto fuese voluntario\u201d, sostuvo, a\u00f1adiendo que tras varios episodios electorales y al ver la baja participaci\u00f3n ciudadana en esto procesos transcendentales para el pa\u00eds, \u201creconozco que nos equivocamos. Los representantes pol\u00edticos v\u00eda elecci\u00f3n popular necesitan del respaldo ciudadano\u201d, mencion\u00f3.<\/p>\n<p style=\"text-align: justify;\">Alinco Bustos, tambi\u00e9n indic\u00f3 que \u201cno es lo mismo tener autoridades elegidas mediante el voto popular que tengan un 10 % de apoyo, que alguien que tenga un 30 o 40 % y no estoy hablando de que gan\u00f3 o no a contendores, sino que el respaldo popular es muy importante por lo que voto a favor del voto obligatorio\u201d, afirm\u00f3 el parlamentario.<\/p>\n<p style=\"text-align: justify;\">En el proyecto se se\u00f1ala que el sufragio en elecciones primarias convocadas en virtud de la ley org\u00e1nica constitucional que las regule ser\u00e1 siempre de car\u00e1cter voluntario y determina que el Estado arbitrar\u00e1 las acciones necesarias para informar, facilitar e incentivar el ejercicio del derecho a sufragio. Por \u00faltimo, la reforma agrega un nuevo art\u00edculo transitorio que especifica que la citada obligatoriedad del voto regir\u00e1 al momento de modificarse la ley org\u00e1nica constitucional respectiva.<\/p>\n<p style=\"text-align: justify;\">Finalmente, el diputado aysenino coment\u00f3 \u201cen una democracia hay deberes, hay libertades pero tambi\u00e9n tienen que existir obligaciones y una de las obligaciones ciudadanas es ir a sufragar. Uno puede votar a favor, en contra, abstenerse o hasta anular el voto, pero el hecho pr\u00e1ctico y f\u00edsico de ir a sufragar creo que tiene que ser obligatorio\u201d.<\/p>\n<\/div><\/section><\/div><div  style='height:50px' class='hr hr-invisible   avia-builder-el-6  el_after_av_one_full  el_before_av_social_share '><span class='hr-inner ' ><span class='hr-inner-style'><\/span><\/span><\/div><\/p>\n<div  class='av-social-sharing-box  avia-builder-el-7  el_after_av_hr  el_before_av_hr  '><div class='av-share-box'><h5 class='av-share-link-description av-no-toc '>Compartir esta noticia<\/h5><ul class='av-share-box-list noLightbox'><li class='av-share-link av-social-link-facebook' ><a target=\"_blank\" aria-label=\"Compartir en Facebook\" href='https:\/\/www.facebook.com\/sharer.php?u=https:\/\/radiorevelacionfm.cl\/?p=4552&#038;t=Ren%C3%A9%20Alinco%3A%20%E2%80%9CNos%20equivocamos%20con%20el%20voto%20voluntario%20en%20democracia%20tambi%C3%A9n%20deben%20existir%20obligaciones%20como%20el%20ir%20a%20sufragar%E2%80%9D' aria-hidden='false' data-av_icon='\ue8f3' data-av_iconfont='entypo-fontello' title='' data-avia-related-tooltip='Compartir en Facebook' rel=\"noopener\"><span class='avia_hidden_link_text'>Compartir en Facebook<\/span><\/a><\/li><li class='av-share-link av-social-link-twitter' ><a target=\"_blank\" aria-label=\"Compartir en Twitter\" href='https:\/\/twitter.com\/share?text=Ren%C3%A9%20Alinco%3A%20%E2%80%9CNos%20equivocamos%20con%20el%20voto%20voluntario%20en%20democracia%20tambi%C3%A9n%20deben%20existir%20obligaciones%20como%20el%20ir%20a%20sufragar%E2%80%9D&#038;url=https:\/\/radiorevelacionfm.cl\/?p=4552' aria-hidden='false' data-av_icon='\ue8f1' data-av_iconfont='entypo-fontello' title='' data-avia-related-tooltip='Compartir en Twitter' rel=\"noopener\"><span class='avia_hidden_link_text'>Compartir en Twitter<\/span><\/a><\/li><li class='av-share-link av-social-link-whatsapp' ><a target=\"_blank\" aria-label=\"Compartir en Whatsapp\" href='https:\/\/api.whatsapp.com\/send?text=https:\/\/radiorevelacionfm.cl\/?p=4552' aria-hidden='false' data-av_icon='\uf232' data-av_iconfont='entypo-fontello' title='' data-avia-related-tooltip='Compartir en Whatsapp' rel=\"noopener\"><span class='avia_hidden_link_text'>Compartir en Whatsapp<\/span><\/a><\/li><li class='av-share-link av-social-link-linkedin' ><a target=\"_blank\" aria-label=\"Compartir en LinkedIn\" href='https:\/\/linkedin.com\/shareArticle?mini=true&#038;title=Ren%C3%A9%20Alinco%3A%20%E2%80%9CNos%20equivocamos%20con%20el%20voto%20voluntario%20en%20democracia%20tambi%C3%A9n%20deben%20existir%20obligaciones%20como%20el%20ir%20a%20sufragar%E2%80%9D&#038;url=https:\/\/radiorevelacionfm.cl\/?p=4552' aria-hidden='false' data-av_icon='\ue8fc' data-av_iconfont='entypo-fontello' title='' data-avia-related-tooltip='Compartir en LinkedIn' rel=\"noopener\"><span class='avia_hidden_link_text'>Compartir en LinkedIn<\/span><\/a><\/li><li class='av-share-link av-social-link-mail' ><a  aria-label=\"Compartir por correo\" href='mailto:?subject=Ren%C3%A9%20Alinco%3A%20%E2%80%9CNos%20equivocamos%20con%20el%20voto%20voluntario%20en%20democracia%20tambi%C3%A9n%20deben%20existir%20obligaciones%20como%20el%20ir%20a%20sufragar%E2%80%9D&#038;body=https:\/\/radiorevelacionfm.cl\/?p=4552' aria-hidden='false' data-av_icon='\ue805' data-av_iconfont='entypo-fontello' title='' data-avia-related-tooltip='Compartir por correo'><span class='avia_hidden_link_text'>Compartir por correo<\/span><\/a><\/li><\/ul><\/div><\/div>\n<div  style='height:50px' class='hr hr-invisible   avia-builder-el-8  el_after_av_social_share  el_before_av_comments_list '><span class='hr-inner ' ><span class='hr-inner-style'><\/span><\/span><\/div>\n<div  class='av-buildercomment  av-blog-meta-html-info-disabled av-blog-meta-tag-disabled  '><\/div>\n","protected":false},"excerpt":{"rendered":"","protected":false},"author":1,"featured_media":4553,"comment_status":"open","ping_status":"open","sticky":false,"template":"","format":"standard","meta":{"footnotes":""},"categories":[35],"tags":[],"class_list":["post-4552","post","type-post","status-publish","format-standard","has-post-thumbnail","hentry","category-politica"],"jetpack_featured_media_url":"https:\/\/radiorevelacionfm.cl\/wp-content\/uploads\/2021\/05\/Alinco-02-1.jpeg","_links":{"self":[{"href":"https:\/\/radiorevelacionfm.cl\/index.php?rest_route=\/wp\/v2\/posts\/4552","targetHints":{"allow":["GET"]}}],"collection":[{"href":"https:\/\/radiorevelacionfm.cl\/index.php?rest_route=\/wp\/v2\/posts"}],"about":[{"href":"https:\/\/radiorevelacionfm.cl\/index.php?rest_route=\/wp\/v2\/types\/post"}],"author":[{"embeddable":true,"href":"https:\/\/radiorevelacionfm.cl\/index.php?rest_route=\/wp\/v2\/users\/1"}],"replies":[{"embeddable":true,"href":"https:\/\/radiorevelacionfm.cl\/index.php?rest_route=%2Fwp%2Fv2%2Fcomments&post=4552"}],"version-history":[{"count":1,"href":"https:\/\/radiorevelacionfm.cl\/index.php?rest_route=\/wp\/v2\/posts\/4552\/revisions"}],"predecessor-version":[{"id":4554,"href":"https:\/\/radiorevelacionfm.cl\/index.php?rest_route=\/wp\/v2\/posts\/4552\/revisions\/4554"}],"wp:featuredmedia":[{"embeddable":true,"href":"https:\/\/radiorevelacionfm.cl\/index.php?rest_route=\/wp\/v2\/media\/4553"}],"wp:attachment":[{"href":"https:\/\/radiorevelacionfm.cl\/index.php?rest_route=%2Fwp%2Fv2%2Fmedia&parent=4552"}],"wp:term":[{"taxonomy":"category","embeddable":true,"href":"https:\/\/radiorevelacionfm.cl\/index.php?rest_route=%2Fwp%2Fv2%2Fcategories&post=4552"},{"taxonomy":"post_tag","embeddable":true,"href":"https:\/\/radiorevelacionfm.cl\/index.php?rest_route=%2Fwp%2Fv2%2Ftags&post=4552"}],"curies":[{"name":"wp","href":"https:\/\/api.w.org\/{rel}","templated":true}]}}