{"id":45518,"date":"2024-08-27T16:17:20","date_gmt":"2024-08-27T19:17:20","guid":{"rendered":"https:\/\/radiorevelacionfm.cl\/?p=45518"},"modified":"2024-08-27T16:17:20","modified_gmt":"2024-08-27T19:17:20","slug":"municipio-de-villa-ohiggins-avanza-en-certificacion-ambiental","status":"publish","type":"post","link":"https:\/\/radiorevelacionfm.cl\/?p=45518","title":{"rendered":"Municipio de Villa O\u2019Higgins avanza en certificaci\u00f3n ambiental"},"content":{"rendered":"<div class=\"flex_column av_one_full  flex_column_div av-zero-column-padding first  avia-builder-el-0  el_before_av_one_full  avia-builder-el-first  \" style='border-radius:0px; '><div  class='avia-image-container  av-styling-    avia-builder-el-1  avia-builder-el-no-sibling  avia-align-center '  itemprop=\"image\" itemscope=\"itemscope\" itemtype=\"https:\/\/schema.org\/ImageObject\"  ><div class='avia-image-container-inner'><div class='avia-image-overlay-wrap'><img decoding=\"async\" class='wp-image-45519 avia-img-lazy-loading-not-45519 avia_image' src=\"https:\/\/radiorevelacionfm.cl\/wp-content\/uploads\/2024\/08\/img_8541-1_optimized-1.jpg\" alt='' title='img_8541-(1)_optimized (1)' height=\"600\" width=\"1067\"  itemprop=\"thumbnailUrl\" srcset=\"https:\/\/radiorevelacionfm.cl\/wp-content\/uploads\/2024\/08\/img_8541-1_optimized-1.jpg 1067w, https:\/\/radiorevelacionfm.cl\/wp-content\/uploads\/2024\/08\/img_8541-1_optimized-1-300x169.jpg 300w, https:\/\/radiorevelacionfm.cl\/wp-content\/uploads\/2024\/08\/img_8541-1_optimized-1-1030x579.jpg 1030w, https:\/\/radiorevelacionfm.cl\/wp-content\/uploads\/2024\/08\/img_8541-1_optimized-1-768x432.jpg 768w, https:\/\/radiorevelacionfm.cl\/wp-content\/uploads\/2024\/08\/img_8541-1_optimized-1-705x396.jpg 705w, https:\/\/radiorevelacionfm.cl\/wp-content\/uploads\/2024\/08\/img_8541-1_optimized-1-450x253.jpg 450w, https:\/\/radiorevelacionfm.cl\/wp-content\/uploads\/2024\/08\/img_8541-1_optimized-1-600x337.jpg 600w\" sizes=\"(max-width: 1067px) 100vw, 1067px\" \/><\/div><\/div><\/div><\/div><div class=\"flex_column av_one_full  flex_column_div av-zero-column-padding first  avia-builder-el-2  el_after_av_one_full  el_before_av_one_full  column-top-margin\" style='border-radius:0px; '><section class=\"av_textblock_section \"  itemscope=\"itemscope\" itemtype=\"https:\/\/schema.org\/BlogPosting\" itemprop=\"blogPost\" ><div class='avia_textblock  '   itemprop=\"text\" ><p style=\"text-align: center;\"><span style=\"font-size: 18pt;\"><strong>Municipio de Villa O\u2019Higgins avanza en certificaci\u00f3n ambiental <\/strong><\/span><\/p>\n<div id=\"gtx-trans\" style=\"position: absolute; left: -50px; top: 4.31534px;\">\n<div class=\"gtx-trans-icon\"><\/div>\n<\/div>\n<\/div><\/section><\/div><div class=\"flex_column av_one_full  flex_column_div av-zero-column-padding first  avia-builder-el-4  el_after_av_one_full  el_before_av_hr  column-top-margin\" style='border-radius:0px; '><section class=\"av_textblock_section \"  itemscope=\"itemscope\" itemtype=\"https:\/\/schema.org\/BlogPosting\" itemprop=\"blogPost\" ><div class='avia_textblock  '   itemprop=\"text\" ><p style=\"text-align: justify;\">En el contexto su gira por la zona sur de la regi\u00f3n, el Seremi del Medio Ambiente, Yoal D\u00edaz, visit\u00f3 la localidad de Villa O\u2019Higgins, instancia en la que hizo entrega al Alcalde de O\u2019Higgins, Jos\u00e9 Fica, el diploma que acredita que el municipio ha avanzado en el proceso del Sistema de Certificaci\u00f3n Ambiental Municipal SCAM al nivel intermedio, dando cuenta as\u00ed de la gesti\u00f3n que el municipio realiza en torno a la implementaci\u00f3n y promoci\u00f3n de buenas pr\u00e1cticas ambientales.<\/p>\n<p style=\"text-align: justify;\">\u201cHay que destacar el trabajo que hace el municipio, liderado por su alcalde Don Jos\u00e9 Fica y todo su equipo, porque la certificaci\u00f3n ambiental municipal es un compromiso voluntario y esa voluntariedad tiene que mostrarse en acci\u00f3n y esa acci\u00f3n es muy concreta. Ac\u00e1 tuvimos la oportunidad de conversar por ejemplo, del sistema de gesti\u00f3n integral de residuos que tienen y eso ha sido s\u00faper valorable para pensar en localidades alejadas\u201d declar\u00f3 el seremi del Medio Ambiente destacando la oportunidad y compromiso de entregar estos reconocimientos a el extremo sur de la Regi\u00f3n de Ays\u00e9n \u201cEl gobierno presidente Gabriel Boric est\u00e1 comprometido estar desplegado por todo el territorio y estamos muy contentos de seguir trabajando conjunto con el alcalde y todos los profesionales de la Municipalidad de O&#8217;Higgins\u201d, agreg\u00f3.<\/p>\n<p style=\"text-align: justify;\">El Sistema de Certificaci\u00f3n Ambiental Municipal SCAM se cre\u00f3 el a\u00f1o 2009, como un sistema integral de car\u00e1cter voluntario, que permite a los municipios instalarse en el territorio como un modelo de gesti\u00f3n ambiental. Al recibir la certificaci\u00f3n el Alcalde Jos\u00e9 Fica agradeci\u00f3 \u201ces un reconocimiento al trabajo desde el municipio a trav\u00e9s de sus profesionales, \u00bfno es cierto? De tal manera que vaya avanzando el cuidado del medio ambiente, el mejoramiento de la calidad de vida, porque todo esto mejora la calidad de las personas, pero m\u00e1s que nada es un reconocimiento al trabajo de los profesionales del medio ambiente en forma conjunta con la Serem\u00eda\u201d.<\/p>\n<p style=\"text-align: justify;\">El sistema cuenta con diversos niveles de certificaci\u00f3n que dan cuenta de c\u00f3mo la sistematizaci\u00f3n, planificaci\u00f3n y gestiones se concretan como parte del plan de trabajo municipal, as\u00ed, el municipio de O\u2019Higgins en su implementaci\u00f3n del Nivel Intermedio, cumpli\u00f3 con una serie de acciones, entre las que se destacan el dise\u00f1o interno de sistemas y puesta en funcionamiento de proyectos piloto en el \u00e1rea del reciclaje, gesti\u00f3n h\u00eddrica y energ\u00e9tica, y compras sustentables; la puesta en marcha de la estrategia comprometida; el funcionamiento permanente del Comit\u00e9 Ambiental Comunal y Comit\u00e9 Ambiental Municipal; dise\u00f1os de sistemas de participaci\u00f3n ambiental ciudadana; y ordenanzas ambientales.<\/p>\n<p style=\"text-align: justify;\">El Comit\u00e9 Ambiental Comunal de O\u2019Higgins ha tenido una participaci\u00f3n activa en la generaci\u00f3n de actividades y activaci\u00f3n en el proceso de la Certificaci\u00f3n, es por ello que, en el marco de la gira, el Seremi, junto al equipo de Recursos Naturales de la seremi del Medio Ambiente, se reunieron con los funcionarios municipales para realizar un di\u00e1logo enfocado en la pr\u00f3xima implementaci\u00f3n del Servicio de Biodiversidad y \u00c1reas Protegidas, SBAP, logrando una alta concurrencia y participaci\u00f3n de los presentes resolviendo inquietudes, particularidades locales y desaf\u00edos que presenta el nuevo servicio \u201ccon este trabajo de vinculaci\u00f3n tambi\u00e9n con la Municipalidad de O\u00b4Higgins estamos haciendo una salida de visualizaci\u00f3n de lo que va la implementaci\u00f3n del Servicio de Biodiversidad, por lo tanto, estamos haciendo capacitaciones y charlas a distintos sectores, por ejemplo, los funcionarios municipales, viendo qu\u00e9 es lo que conforma el Servicio de Biodiversidad, cu\u00e1les son los reglamentos que est\u00e1n en marcha, el Sistema Nacional de \u00c1reas Protegidas y otros aspectos que son relacionados a la gesti\u00f3n municipal en general asociado a este servicio\u201d explic\u00f3 la profesional del \u00e1rea de recursos\u00a0 naturales de la Seremi del Medio Ambiente, Carol Alvarado, indicando que el despliegue de sensibilizaci\u00f3n continuar\u00e1 por la regi\u00f3n abordando diversos grupos espec\u00edficos y p\u00fablicos masivos.<\/p>\n<\/div><\/section><\/div><div  style='height:50px' class='hr hr-invisible   avia-builder-el-6  el_after_av_one_full  el_before_av_social_share '><span class='hr-inner ' ><span class='hr-inner-style'><\/span><\/span><\/div><\/p>\n<div  class='av-social-sharing-box  avia-builder-el-7  el_after_av_hr  el_before_av_hr  '><div class='av-share-box'><h5 class='av-share-link-description av-no-toc '>Compartir esta noticia<\/h5><ul class='av-share-box-list noLightbox'><li class='av-share-link av-social-link-facebook' ><a target=\"_blank\" aria-label=\"Compartir en Facebook\" href='https:\/\/www.facebook.com\/sharer.php?u=https:\/\/radiorevelacionfm.cl\/?p=45518&#038;t=Municipio%20de%20Villa%20O%E2%80%99Higgins%20avanza%20en%20certificaci%C3%B3n%20ambiental' aria-hidden='false' data-av_icon='\ue8f3' data-av_iconfont='entypo-fontello' title='' data-avia-related-tooltip='Compartir en Facebook' rel=\"noopener\"><span class='avia_hidden_link_text'>Compartir en Facebook<\/span><\/a><\/li><li class='av-share-link av-social-link-twitter' ><a target=\"_blank\" aria-label=\"Compartir en Twitter\" href='https:\/\/twitter.com\/share?text=Municipio%20de%20Villa%20O%E2%80%99Higgins%20avanza%20en%20certificaci%C3%B3n%20ambiental&#038;url=https:\/\/radiorevelacionfm.cl\/?p=45518' aria-hidden='false' data-av_icon='\ue8f1' data-av_iconfont='entypo-fontello' title='' data-avia-related-tooltip='Compartir en Twitter' rel=\"noopener\"><span class='avia_hidden_link_text'>Compartir en Twitter<\/span><\/a><\/li><li class='av-share-link av-social-link-whatsapp' ><a target=\"_blank\" aria-label=\"Compartir en Whatsapp\" href='https:\/\/api.whatsapp.com\/send?text=https:\/\/radiorevelacionfm.cl\/?p=45518' aria-hidden='false' data-av_icon='\uf232' data-av_iconfont='entypo-fontello' title='' data-avia-related-tooltip='Compartir en Whatsapp' rel=\"noopener\"><span class='avia_hidden_link_text'>Compartir en Whatsapp<\/span><\/a><\/li><li class='av-share-link av-social-link-linkedin' ><a target=\"_blank\" aria-label=\"Compartir en LinkedIn\" href='https:\/\/linkedin.com\/shareArticle?mini=true&#038;title=Municipio%20de%20Villa%20O%E2%80%99Higgins%20avanza%20en%20certificaci%C3%B3n%20ambiental&#038;url=https:\/\/radiorevelacionfm.cl\/?p=45518' aria-hidden='false' data-av_icon='\ue8fc' data-av_iconfont='entypo-fontello' title='' data-avia-related-tooltip='Compartir en LinkedIn' rel=\"noopener\"><span class='avia_hidden_link_text'>Compartir en LinkedIn<\/span><\/a><\/li><li class='av-share-link av-social-link-mail' ><a  aria-label=\"Compartir por correo\" href='mailto:?subject=Municipio%20de%20Villa%20O%E2%80%99Higgins%20avanza%20en%20certificaci%C3%B3n%20ambiental&#038;body=https:\/\/radiorevelacionfm.cl\/?p=45518' aria-hidden='false' data-av_icon='\ue805' data-av_iconfont='entypo-fontello' title='' data-avia-related-tooltip='Compartir por correo'><span class='avia_hidden_link_text'>Compartir por correo<\/span><\/a><\/li><\/ul><\/div><\/div>\n<div  style='height:50px' class='hr hr-invisible   avia-builder-el-8  el_after_av_social_share  el_before_av_comments_list '><span class='hr-inner ' ><span class='hr-inner-style'><\/span><\/span><\/div>\n<div  class='av-buildercomment  av-blog-meta-html-info-disabled av-blog-meta-tag-disabled  '><\/div>\n","protected":false},"excerpt":{"rendered":"","protected":false},"author":1,"featured_media":45519,"comment_status":"open","ping_status":"open","sticky":false,"template":"","format":"standard","meta":{"footnotes":""},"categories":[39],"tags":[],"class_list":["post-45518","post","type-post","status-publish","format-standard","has-post-thumbnail","hentry","category-medio-ambiente"],"jetpack_featured_media_url":"https:\/\/radiorevelacionfm.cl\/wp-content\/uploads\/2024\/08\/img_8541-1_optimized-1.jpg","_links":{"self":[{"href":"https:\/\/radiorevelacionfm.cl\/index.php?rest_route=\/wp\/v2\/posts\/45518","targetHints":{"allow":["GET"]}}],"collection":[{"href":"https:\/\/radiorevelacionfm.cl\/index.php?rest_route=\/wp\/v2\/posts"}],"about":[{"href":"https:\/\/radiorevelacionfm.cl\/index.php?rest_route=\/wp\/v2\/types\/post"}],"author":[{"embeddable":true,"href":"https:\/\/radiorevelacionfm.cl\/index.php?rest_route=\/wp\/v2\/users\/1"}],"replies":[{"embeddable":true,"href":"https:\/\/radiorevelacionfm.cl\/index.php?rest_route=%2Fwp%2Fv2%2Fcomments&post=45518"}],"version-history":[{"count":1,"href":"https:\/\/radiorevelacionfm.cl\/index.php?rest_route=\/wp\/v2\/posts\/45518\/revisions"}],"predecessor-version":[{"id":45520,"href":"https:\/\/radiorevelacionfm.cl\/index.php?rest_route=\/wp\/v2\/posts\/45518\/revisions\/45520"}],"wp:featuredmedia":[{"embeddable":true,"href":"https:\/\/radiorevelacionfm.cl\/index.php?rest_route=\/wp\/v2\/media\/45519"}],"wp:attachment":[{"href":"https:\/\/radiorevelacionfm.cl\/index.php?rest_route=%2Fwp%2Fv2%2Fmedia&parent=45518"}],"wp:term":[{"taxonomy":"category","embeddable":true,"href":"https:\/\/radiorevelacionfm.cl\/index.php?rest_route=%2Fwp%2Fv2%2Fcategories&post=45518"},{"taxonomy":"post_tag","embeddable":true,"href":"https:\/\/radiorevelacionfm.cl\/index.php?rest_route=%2Fwp%2Fv2%2Ftags&post=45518"}],"curies":[{"name":"wp","href":"https:\/\/api.w.org\/{rel}","templated":true}]}}